{"id":253310,"date":"2025-07-17T07:12:28","date_gmt":"2025-07-17T07:12:28","guid":{"rendered":"https:\/\/www.europesays.com\/fr\/253310\/"},"modified":"2025-07-17T07:12:28","modified_gmt":"2025-07-17T07:12:28","slug":"loption-culture-regionale-disparait-des-lycees-a-la-rentree","status":"publish","type":"post","link":"https:\/\/www.europesays.com\/fr\/253310\/","title":{"rendered":"l\u2019option \u00ab\u00a0culture r\u00e9gionale\u00a0\u00bb dispara\u00eet des lyc\u00e9es \u00e0 la rentr\u00e9e"},"content":{"rendered":"<p>Ces jours-ci, un courrier du rectorat est arriv\u00e9 dans les lyc\u00e9es concern\u00e9s de l\u2019acad\u00e9mie de Strasbourg, publics et priv\u00e9s, d\u2019enseignement g\u00e9n\u00e9ral et technologique, professionnel ou agricole\u00a0: \u00ab\u00a0En raison du contexte budg\u00e9taire national, le fonds commun Langue et culture r\u00e9gionales (LCR) abond\u00e9 par la r\u00e9gion Grand Est, la Collectivit\u00e9 europ\u00e9enne d\u2019Alsace, ainsi que l\u2019\u00c9tat ne permettra pas de&#8230;<\/p>\n","protected":false},"excerpt":{"rendered":"Ces jours-ci, un courrier du rectorat est arriv\u00e9 dans les lyc\u00e9es concern\u00e9s de l\u2019acad\u00e9mie de Strasbourg, publics et&hellip;\n","protected":false},"author":2,"featured_media":253311,"comment_status":"","ping_status":"","sticky":false,"template":"","format":"standard","meta":{"footnotes":""},"categories":[2820],"tags":[1111,11,2389,3599,1687,1057,1777,674,107,1011,27,775,3035,12,2661,25,4604,640],"class_list":{"0":"post-253310","1":"post","2":"type-post","3":"status-publish","4":"format-standard","5":"has-post-thumbnail","7":"category-strasbourg","8":"tag-actu","9":"tag-actualites","10":"tag-alsace","11":"tag-college-lycee","12":"tag-culture-loisirs","13":"tag-education","14":"tag-eu","15":"tag-europe","16":"tag-fil-info","17":"tag-fr","18":"tag-france","19":"tag-grand-est","20":"tag-la-matinale-strasbourg","21":"tag-news","22":"tag-patrimoine-culturel","23":"tag-republique-francaise","24":"tag-selection-abonne","25":"tag-strasbourg"},"share_on_mastodon":{"url":"https:\/\/pubeurope.com\/@fr\/114867335657048788","error":""},"_links":{"self":[{"href":"https:\/\/www.europesays.com\/fr\/wp-json\/wp\/v2\/posts\/253310","targetHints":{"allow":["GET"]}}],"collection":[{"href":"https:\/\/www.europesays.com\/fr\/wp-json\/wp\/v2\/posts"}],"about":[{"href":"https:\/\/www.europesays.com\/fr\/wp-json\/wp\/v2\/types\/post"}],"author":[{"embeddable":true,"href":"https:\/\/www.europesays.com\/fr\/wp-json\/wp\/v2\/users\/2"}],"replies":[{"embeddable":true,"href":"https:\/\/www.europesays.com\/fr\/wp-json\/wp\/v2\/comments?post=253310"}],"version-history":[{"count":0,"href":"https:\/\/www.europesays.com\/fr\/wp-json\/wp\/v2\/posts\/253310\/revisions"}],"wp:featuredmedia":[{"embeddable":true,"href":"https:\/\/www.europesays.com\/fr\/wp-json\/wp\/v2\/media\/253311"}],"wp:attachment":[{"href":"https:\/\/www.europesays.com\/fr\/wp-json\/wp\/v2\/media?parent=253310"}],"wp:term":[{"taxonomy":"category","embeddable":true,"href":"https:\/\/www.europesays.com\/fr\/wp-json\/wp\/v2\/categories?post=253310"},{"taxonomy":"post_tag","embeddable":true,"href":"https:\/\/www.europesays.com\/fr\/wp-json\/wp\/v2\/tags?post=253310"}],"curies":[{"name":"wp","href":"https:\/\/api.w.org\/{rel}","templated":true}]}}