{"id":253314,"date":"2025-07-17T07:14:14","date_gmt":"2025-07-17T07:14:14","guid":{"rendered":"https:\/\/www.europesays.com\/fr\/253314\/"},"modified":"2025-07-17T07:14:14","modified_gmt":"2025-07-17T07:14:14","slug":"ce-mardi-le-prince-albert-ii-a-retrace-le-parcours-de-grace-kelly-en-1955-dans-les-rues-de-saint-paul-de-vence","status":"publish","type":"post","link":"https:\/\/www.europesays.com\/fr\/253314\/","title":{"rendered":"Ce mardi, le prince Albert II a retrac\u00e9 le parcours de Grace Kelly en 1955 dans les rues de Saint-Paul-de-Vence"},"content":{"rendered":"<p>C\u2019\u00e9tait la surprise de la matin\u00e9e pour les nombreux touristes venus visiter Saint-Paul-de-Vence ce mardi matin. <strong>Le prince Albert II<\/strong> a fait une longue d\u00e9ambulation dans les rues du village, accompagn\u00e9 du <strong>maire Jean-Pierre Camilla<\/strong>. Une d\u00e9ambulation qui ne doit rien au hasard puisque le Souverain a suivi les pas de sa m\u00e8re, Grace Kelly, qui, 70 ans plus t\u00f4t, \u00e9tait venue d\u00e9couvrir les ruelles pittoresques de la cit\u00e9 aux c\u00f4t\u00e9s du com\u00e9dien fran\u00e7ais Jean-Pierre Aumont.<\/p>\n<p><strong>C\u2019\u00e9tait le 8 mai 1955<\/strong>. <strong>Grace Kelly<\/strong> n\u2019\u00e9tait pas encore princesse de Monaco mais d\u00e9j\u00e0 une ic\u00f4ne du 7e art. \u00ab\u00a0Alors invit\u00e9e au Festival de Cannes apr\u00e8s avoir re\u00e7u l\u2019Oscar de la meilleure actrice pour son r\u00f4le dans Une fille de la province, elle d\u00e9couvrait pour la premi\u00e8re fois Saint-Paul-de-Vence, d\u00e9ambulait \u00e0 travers ses ruelles pav\u00e9es charg\u00e9es d\u2019histoires et allait \u00e0 la rencontre des habitants et artisans du village, sous les flashes des photographes de l\u2019\u00e9poque\u00a0\u00bb, retrace Jean-Pierre Camilla.<\/p>\n<p>Des photos en noir et blanc<\/p>\n<p>De cette balade dans le Saint-Paul-de-Vence des ann\u00e9es 50 ans, <strong>la municipalit\u00e9 en a fait un parcours \u00e0 travers des photos en noir et blanc du photographe Paul Louis<\/strong>, jusqu\u2019alors conserv\u00e9es dans le fonds photographique de l\u2019Institut audiovisuel de Monaco. Intitul\u00e9 <strong>\u00ab\u00a0GPK55\u00a0\u00bb<\/strong> \u2013 en r\u00e9f\u00e9rence aux initiales de Grace Patricia Kelly et \u00e0 l\u2019ann\u00e9e 1955, date de sa visite \u2013 le parcours d\u00e9bute sur les gravillons des terrains de p\u00e9tanque de la place G\u00e9n\u00e9ral-de-Gaulle. Le panneau d\u00e9voile une photo de l\u2019actrice, complice avec l\u2019acteur Jean-Pierre Aumont, accroupie devant des boules de p\u00e9tanque devant le regard heureux des passants. \u00ab\u00a0Nous sommes dans les ann\u00e9es 50, et Saint-Paul-de-Vence est alors un fabuleux plateau de cin\u00e9ma \u00e0 ciel ouvert, sur lesquels se croisent les plus grandes vedettes venues des quatre coins de la plan\u00e8te.\u00a0\u00bb<\/p>\n<p>D\u2019un Oscar \u00e0 la cr\u00e9ation d\u2019une famille<\/p>\n<p>La visite de Grace Kelly se poursuit dans le village fortifi\u00e9 avec un deuxi\u00e8me puis un troisi\u00e8me arr\u00eat dans la rue Grande. L\u2019itin\u00e9raire emm\u00e8ne ensuite dans la mont\u00e9e de l\u2019\u00e9glise avant de rejoindre la place de la Mairie o\u00f9 la boutique \u00ab\u00a0Le Coutelier de Saint-Paul\u00a0\u00bb, ancienne poterie, abrite une photo en fa\u00e7ade et une \u00e0 l\u2019int\u00e9rieur montrant Grace Kelly s\u2019essayant au tour de potier. Enfin, la balade se termine devant la grande fontaine du village o\u00f9 l\u2019on peut voir l\u2019actrice jeter une pi\u00e8ce dans l\u2019eau. Un geste que le prince Albert II a symboliquement reproduit ce mardi lors de son passage.<\/p>\n<p>Le Souverain qui s\u2019est dit \u00ab\u00a0tr\u00e8s sensible\u00a0\u00bb au souhait de la commune de cr\u00e9er cet itin\u00e9raire r\u00e9trospectif sur les pas de sa m\u00e8re. \u00ab\u00a0L\u2019Oscar du d\u00e9but d\u2019ann\u00e9e 1955 l\u2019a amen\u00e9e \u00e0 Cannes. Le Festival l\u2019a attir\u00e9e \u00e0 Monaco qu\u2019elle n\u2019avait pas eu le temps de visiter les ann\u00e9es pr\u00e9c\u00e9dentes lors du tournage du film d\u2019Alfred Hitchcock, La main au collet. Monaco [que Grace Kelly visite le 6 mai 1955, ndlr] l\u2019a entra\u00een\u00e9e en quelques mois vers l\u2019amour, le mariage et la fondation d\u2019une famille\u00a0\u00bb, a rappel\u00e9 le Souverain. Quelques mois plus tard, <strong>le 19 avril 1956, Grace Kelly \u00e9pouse le prince Rainier III, devenant princesse de Monaco.<\/strong><\/p>\n","protected":false},"excerpt":{"rendered":"C\u2019\u00e9tait la surprise de la matin\u00e9e pour les nombreux touristes venus visiter Saint-Paul-de-Vence ce mardi matin. Le prince&hellip;\n","protected":false},"author":2,"featured_media":253315,"comment_status":"","ping_status":"","sticky":false,"template":"","format":"standard","meta":{"footnotes":""},"categories":[2819],"tags":[1111,11,1777,674,1011,27,12,2401,882,25,3366],"class_list":{"0":"post-253314","1":"post","2":"type-post","3":"status-publish","4":"format-standard","5":"has-post-thumbnail","7":"category-nice","8":"tag-actu","9":"tag-actualites","10":"tag-eu","11":"tag-europe","12":"tag-fr","13":"tag-france","14":"tag-news","15":"tag-nice","16":"tag-provence-alpes-cote-dazur","17":"tag-republique-francaise","18":"tag-vie-locale"},"share_on_mastodon":{"url":"https:\/\/pubeurope.com\/@fr\/114867343483352851","error":""},"_links":{"self":[{"href":"https:\/\/www.europesays.com\/fr\/wp-json\/wp\/v2\/posts\/253314","targetHints":{"allow":["GET"]}}],"collection":[{"href":"https:\/\/www.europesays.com\/fr\/wp-json\/wp\/v2\/posts"}],"about":[{"href":"https:\/\/www.europesays.com\/fr\/wp-json\/wp\/v2\/types\/post"}],"author":[{"embeddable":true,"href":"https:\/\/www.europesays.com\/fr\/wp-json\/wp\/v2\/users\/2"}],"replies":[{"embeddable":true,"href":"https:\/\/www.europesays.com\/fr\/wp-json\/wp\/v2\/comments?post=253314"}],"version-history":[{"count":0,"href":"https:\/\/www.europesays.com\/fr\/wp-json\/wp\/v2\/posts\/253314\/revisions"}],"wp:featuredmedia":[{"embeddable":true,"href":"https:\/\/www.europesays.com\/fr\/wp-json\/wp\/v2\/media\/253315"}],"wp:attachment":[{"href":"https:\/\/www.europesays.com\/fr\/wp-json\/wp\/v2\/media?parent=253314"}],"wp:term":[{"taxonomy":"category","embeddable":true,"href":"https:\/\/www.europesays.com\/fr\/wp-json\/wp\/v2\/categories?post=253314"},{"taxonomy":"post_tag","embeddable":true,"href":"https:\/\/www.europesays.com\/fr\/wp-json\/wp\/v2\/tags?post=253314"}],"curies":[{"name":"wp","href":"https:\/\/api.w.org\/{rel}","templated":true}]}}