{"id":253318,"date":"2025-07-17T07:16:14","date_gmt":"2025-07-17T07:16:14","guid":{"rendered":"https:\/\/www.europesays.com\/fr\/253318\/"},"modified":"2025-07-17T07:16:14","modified_gmt":"2025-07-17T07:16:14","slug":"des-spectacles-gratuits-pour-passer-lete-les-pieds-dans-leau-pendant-les-vacances","status":"publish","type":"post","link":"https:\/\/www.europesays.com\/fr\/253318\/","title":{"rendered":"des spectacles gratuits pour \u00ab\u00a0passer l&rsquo;\u00e9t\u00e9 les pieds dans l&rsquo;eau\u00a0\u00bb pendant les vacances"},"content":{"rendered":"<p>            Par<br \/>\n        <strong><br \/>\n            <a href=\"https:\/\/actu.fr\/auteur\/thomas-bernard\" title=\"Consulter tous les articles de Thomas Bernard\" target=\"_blank\" rel=\"noopener\">Thomas Bernard<\/a><br \/>\n        <\/strong><\/p>\n<p>        Publi\u00e9 le<\/p>\n<p>            17 juil. 2025 \u00e0 7h36        <\/p>\n<p>\u00ab\u2009Passer l\u2019\u00e9t\u00e9 les pieds dans l\u2019eau\u2009\u00bb. C\u2019est la promesse de l\u2019association PaQ\u2019la Lune. Dans le cadre du <strong>Bel \u00c9t\u00e9 des H\u00e9rons<\/strong>, initi\u00e9 par l\u2019association <a href=\"https:\/\/lesherons.com\/\" target=\"_blank\" rel=\"noopener\">Les H\u00e9rons,<\/a> huit spectacles gratuits et festifs sont organis\u00e9s, du vendredi 18\u00a0juillet au samedi 9\u00a0ao\u00fbt 2025, pr\u00e8s des pataugeoires nantaises.<\/p>\n<p class=\" wall-content\">\n<p>Concerts, jeux, spectacles<\/p>\n<p class=\" wall-content\">Une manifestation, o\u00f9 petits et grands peuvent assister \u00e0 des spectacles, concerts et autres ateliers ludiques. Les animations se d\u00e9rouleront dans sept quartiers nantais et au miroir d\u2019eau en centre-ville.<\/p>\n<p>    <a href=\"https:\/\/www.facebook.com\/plugins\/post.php?href=https%3A%2F%2Fwww.facebook.com%2Frdvpataugeoires%2Fposts%2F1099487248741607%3A1099487248741607&amp;show_text=true&amp;width=350\" title=\"Ouvrie le lien\" target=\"_blank\" rel=\"noopener\">Cliquez ici pour visualiser le contenu<\/a><\/p>\n<p class=\" wall-content\">Voici le calendrier\u2009:<\/p>\n<ul class=\" wall-content\">\n<li>Vendredi 18\u00a0juillet\u2009: Qu\u00e9bec \u2013 Rue de Qu\u00e9bec.<\/li>\n<li>Samedi 19\u00a0juillet\u2009: Croix Bonneau \u2013 Impasse du bois de Herc\u00e9.<\/li>\n<li>Mercredi 23\u00a0juillet\u2009: Miroir d\u2019eau \u2013 Pl. Marc Elder.<\/li>\n<li>Jeudi\u00a024 au samedi 26\u00a0juillet\u2009: Beaulieu \u2013 Place de la Basse Mar.<\/li>\n<li>Lundi\u00a028 au mercredi 30\u00a0juillet\u2009: La Boissi\u00e8re \u2013 Rue Andr\u00e9 Ch\u00e9nier.<\/li>\n<li>Jeudi\u00a031 au samedi 2\u00a0ao\u00fbt\u2009: La Halv\u00eaque \u2013 Rue Andr\u00e9 Malraux.<\/li>\n<li>Lundi\u00a04 au mercredi 6\u00a0ao\u00fbt\u2009: Malakoff \u2013 Rue de Hongrie.<\/li>\n<li>Jeudi\u00a07 au samedi 9\u00a0ao\u00fbt\u2009: Breil \u2013 Rue Jacques Feyder.<\/li>\n<\/ul>\n<p>Vid\u00e9os : en ce moment sur Actu<\/p>\n<p class=\" wall-content\">Les animations auront lieu \u00e0 partir de 16\u2009h\u200915.<\/p>\n<p><strong>Informations pratiques<\/strong>\u2009:<br \/>Du 18\u00a0juillet au 9\u00a0ao\u00fbt 2025, Rendez-vous aux pataugeoires<br \/>Nantes Nord, Croix Bonneau, Miroir d\u2019eau, Ile de Nantes, Nantes Erdre, Malakoff, Breil.<br \/>Horaires\u2009: tous les jours \u00e0 partir de 16h15.<br \/>Gratuit et tout public.<\/p>\n<p class=\" wall-content\">Suivez toute l\u2019actualit\u00e9 de vos villes et m\u00e9dias favoris en vous inscrivant \u00e0 <a href=\"https:\/\/moncompte.actu.fr\" title=\"D\u00e9couvez Mon Actu\" rel=\"nofollow noopener\" data-trk=\"{&quot;cta&quot;:{&quot;action&quot;:&quot;https:\\\/\\\/moncompte.actu.fr&quot;,&quot;category&quot;:&quot;mon compte&quot;,&quot;from&quot;:&quot;article footer&quot;,&quot;name&quot;:&quot;Mon actu&quot;,&quot;type&quot;:&quot;cta&quot;}}\" target=\"_blank\">Mon Actu<\/a>.<\/p>\n<ul class=\"ac-article-tag wall-content\">\n<li><a href=\"https:\/\/actu.fr\/tag\/spectacles\" data-trk=\"{&quot;cta&quot;:{&quot;action&quot;:&quot;Spectacles&quot;,&quot;category&quot;:&quot;tag&quot;,&quot;from&quot;:&quot;article footer&quot;,&quot;name&quot;:&quot;Spectacles&quot;,&quot;type&quot;:&quot;cta&quot;}}\" target=\"_blank\" rel=\"noopener\">#Spectacles<\/a><\/li>\n<li><a href=\"https:\/\/actu.fr\/tag\/vacances-scolaires\" data-trk=\"{&quot;cta&quot;:{&quot;action&quot;:&quot;Vacances scolaires&quot;,&quot;category&quot;:&quot;tag&quot;,&quot;from&quot;:&quot;article footer&quot;,&quot;name&quot;:&quot;Vacances scolaires&quot;,&quot;type&quot;:&quot;cta&quot;}}\" target=\"_blank\" rel=\"noopener\">#Vacances scolaires<\/a><\/li>\n<\/ul>\n","protected":false},"excerpt":{"rendered":"Par Thomas Bernard Publi\u00e9 le 17 juil. 2025 \u00e0 7h36 \u00ab\u2009Passer l\u2019\u00e9t\u00e9 les pieds dans l\u2019eau\u2009\u00bb. C\u2019est la&hellip;\n","protected":false},"author":2,"featured_media":253319,"comment_status":"","ping_status":"","sticky":false,"template":"","format":"standard","meta":{"footnotes":""},"categories":[2818],"tags":[1111,11,1777,674,1011,27,1652,766,12,2636,25,853,3176],"class_list":{"0":"post-253318","1":"post","2":"type-post","3":"status-publish","4":"format-standard","5":"has-post-thumbnail","7":"category-nantes","8":"tag-actu","9":"tag-actualites","10":"tag-eu","11":"tag-europe","12":"tag-fr","13":"tag-france","14":"tag-loisirs-culture","15":"tag-nantes","16":"tag-news","17":"tag-pays-de-la-loire","18":"tag-republique-francaise","19":"tag-spectacles","20":"tag-vacances-scolaires"},"share_on_mastodon":{"url":"https:\/\/pubeurope.com\/@fr\/114867351311944516","error":""},"_links":{"self":[{"href":"https:\/\/www.europesays.com\/fr\/wp-json\/wp\/v2\/posts\/253318","targetHints":{"allow":["GET"]}}],"collection":[{"href":"https:\/\/www.europesays.com\/fr\/wp-json\/wp\/v2\/posts"}],"about":[{"href":"https:\/\/www.europesays.com\/fr\/wp-json\/wp\/v2\/types\/post"}],"author":[{"embeddable":true,"href":"https:\/\/www.europesays.com\/fr\/wp-json\/wp\/v2\/users\/2"}],"replies":[{"embeddable":true,"href":"https:\/\/www.europesays.com\/fr\/wp-json\/wp\/v2\/comments?post=253318"}],"version-history":[{"count":0,"href":"https:\/\/www.europesays.com\/fr\/wp-json\/wp\/v2\/posts\/253318\/revisions"}],"wp:featuredmedia":[{"embeddable":true,"href":"https:\/\/www.europesays.com\/fr\/wp-json\/wp\/v2\/media\/253319"}],"wp:attachment":[{"href":"https:\/\/www.europesays.com\/fr\/wp-json\/wp\/v2\/media?parent=253318"}],"wp:term":[{"taxonomy":"category","embeddable":true,"href":"https:\/\/www.europesays.com\/fr\/wp-json\/wp\/v2\/categories?post=253318"},{"taxonomy":"post_tag","embeddable":true,"href":"https:\/\/www.europesays.com\/fr\/wp-json\/wp\/v2\/tags?post=253318"}],"curies":[{"name":"wp","href":"https:\/\/api.w.org\/{rel}","templated":true}]}}