{"id":253332,"date":"2025-07-17T07:23:09","date_gmt":"2025-07-17T07:23:09","guid":{"rendered":"https:\/\/www.europesays.com\/fr\/253332\/"},"modified":"2025-07-17T07:23:09","modified_gmt":"2025-07-17T07:23:09","slug":"chu-de-lille-un-bebe-meurt-a-jeanne-de-flandres-des-soupcons-sur-un-enfant-de-6-ans","status":"publish","type":"post","link":"https:\/\/www.europesays.com\/fr\/253332\/","title":{"rendered":"CHU de Lille. Un b\u00e9b\u00e9 meurt \u00e0 Jeanne de Flandres, des soup\u00e7ons sur un enfant de 6 ans"},"content":{"rendered":"<p>            Par<br \/>\n        <strong><br \/>\n            <a href=\"https:\/\/actu.fr\/auteur\/nicolas-demollien\" title=\"Consulter tous les articles de Nicolas Demollien\" rel=\"nofollow noopener\" target=\"_blank\">Nicolas Demollien<\/a><br \/>\n        <\/strong><\/p>\n<p>        Publi\u00e9 le<\/p>\n<p>            17 juil. 2025 \u00e0 8h44        <\/p>\n<p>C\u2019est un v\u00e9ritable <b>drame<\/b> qui s\u2019est nou\u00e9 \u00e0 la <b>maternit\u00e9 Jeanne de Flandre<\/b> du <a href=\"https:\/\/actu.fr\/tag\/chu-de-lille\" rel=\"nofollow noopener\" target=\"_blank\">CHU de Lille<\/a> (Nord). Une petite fille est d\u00e9c\u00e9d\u00e9e mardi 15 juillet 2025 au sein de la structure. N\u00e9e le 6 juillet, elle avait \u00e9t\u00e9 <b>retrouv\u00e9e inerte<\/b> vendredi 11 juillet dans sa chambre. Des <b>soup\u00e7ons se portent sur un enfant de 6 ans<\/b>, une <b>enqu\u00eate a \u00e9t\u00e9 ouverte<\/b>.<\/p>\n<p>Une enqu\u00eate en cours apr\u00e8s la mort d\u2019un nourrisson \u00e0 Jeanne de Flandre<\/p>\n<p class=\" wall-content\">Le parquet de Lille confirme ainsi que \u00ab\u00a0des investigations en cours\u00a0\u00bb. Une autopsie doit \u00eatre effectu\u00e9e ce jeudi 17 juillet. Le CHU de Lille, dans un communiqu\u00e9, indique \u00ab\u00a0qu\u2019un \u00e9v\u00e8nement exceptionnel particuli\u00e8rement grave et bouleversant, non li\u00e9 aux soins mais survenu au sein des locaux de l\u2019h\u00f4pital Jeanne de Flandre, s\u2019est produit vendredi 11 juillet en fin de matin\u00e9e, dans l\u2019<b>unit\u00e9 de soins courants de n\u00e9onatologie<\/b>, mettant imm\u00e9diatement en jeu l\u2019\u00e9tat de sant\u00e9 et le pronostic d\u2019une enfant hospitalis\u00e9e\u00a0\u00bb. La petite est fille est finalement d\u00e9c\u00e9d\u00e9e cinq jours plus tard, en fin de journ\u00e9e.<\/p>\n<p class=\" wall-content\">Selon le t\u00e9moignage de la famille recueilli par nos confr\u00e8res de <a href=\"https:\/\/www.lavoixdunord.fr\/1606995\/article\/2025-07-16\/ca-n-aurait-jamais-du-arriver-un-bebe-meurt-jeanne-de-flandres-apres-avoir-ete\" rel=\"nofollow noopener\" target=\"_blank\">La Voix du Nord<\/a>, \u00ab\u00a0l\u2019accouchement s\u2019est tr\u00e8s bien pass\u00e9, mais la petite \u00e9tait pr\u00e9matur\u00e9e \u00e0 7 mois et demi. Apr\u00e8s sa maman est rest\u00e9e en service maternit\u00e9, tandis que le b\u00e9b\u00e9 est all\u00e9 au service Arc-en-Ciel, en n\u00e9onatal\u00a0\u00bb.<\/p>\n<p class=\" wall-content\">C\u2019est l\u00e0 que le b\u00e9b\u00e9 a \u00e9t\u00e9 retrouv\u00e9 inerte. La famille porte des soup\u00e7ons sur un enfant qui errait dans les couleurs du centre hospitalier et avait tendance \u00e0 entrer dans certaines chambres. Aurait-il pu faire tomber le nourrisson ? L\u2019enqu\u00eate se poursuit pour tenter d\u2019y r\u00e9pondre. En attendant, le CHU de Lille indique que \u00ab\u00a0des mesures de stricte limitation des visites au sein des unit\u00e9s de n\u00e9onatologie du CHU de Lille ont \u00e9t\u00e9 prises \u00e0 titre conservatoire\u00a0\u00bb.<br \/>Affaire \u00e0 suivre.<\/p>\n<p class=\" wall-content\">Suivez toute l\u2019actualit\u00e9 de vos villes et m\u00e9dias favoris en vous inscrivant \u00e0 <a href=\"https:\/\/moncompte.actu.fr\" title=\"D\u00e9couvez Mon Actu\" rel=\"nofollow noopener\" data-trk=\"{&quot;cta&quot;:{&quot;action&quot;:&quot;https:\\\/\\\/moncompte.actu.fr&quot;,&quot;category&quot;:&quot;mon compte&quot;,&quot;from&quot;:&quot;article footer&quot;,&quot;name&quot;:&quot;Mon actu&quot;,&quot;type&quot;:&quot;cta&quot;}}\" target=\"_blank\">Mon Actu<\/a>.<\/p>\n","protected":false},"excerpt":{"rendered":"Par Nicolas Demollien Publi\u00e9 le 17 juil. 2025 \u00e0 8h44 C\u2019est un v\u00e9ritable drame qui s\u2019est nou\u00e9 \u00e0&hellip;\n","protected":false},"author":2,"featured_media":253333,"comment_status":"","ping_status":"","sticky":false,"template":"","format":"standard","meta":{"footnotes":""},"categories":[2815],"tags":[1111,11,25689,1777,674,118,1011,27,811,1307,12,25],"class_list":{"0":"post-253332","1":"post","2":"type-post","3":"status-publish","4":"format-standard","5":"has-post-thumbnail","7":"category-lille","8":"tag-actu","9":"tag-actualites","10":"tag-chu-de-lille","11":"tag-eu","12":"tag-europe","13":"tag-faits-divers","14":"tag-fr","15":"tag-france","16":"tag-hauts-de-france","17":"tag-lille","18":"tag-news","19":"tag-republique-francaise"},"share_on_mastodon":{"url":"https:\/\/pubeurope.com\/@fr\/114867378882760053","error":""},"_links":{"self":[{"href":"https:\/\/www.europesays.com\/fr\/wp-json\/wp\/v2\/posts\/253332","targetHints":{"allow":["GET"]}}],"collection":[{"href":"https:\/\/www.europesays.com\/fr\/wp-json\/wp\/v2\/posts"}],"about":[{"href":"https:\/\/www.europesays.com\/fr\/wp-json\/wp\/v2\/types\/post"}],"author":[{"embeddable":true,"href":"https:\/\/www.europesays.com\/fr\/wp-json\/wp\/v2\/users\/2"}],"replies":[{"embeddable":true,"href":"https:\/\/www.europesays.com\/fr\/wp-json\/wp\/v2\/comments?post=253332"}],"version-history":[{"count":0,"href":"https:\/\/www.europesays.com\/fr\/wp-json\/wp\/v2\/posts\/253332\/revisions"}],"wp:featuredmedia":[{"embeddable":true,"href":"https:\/\/www.europesays.com\/fr\/wp-json\/wp\/v2\/media\/253333"}],"wp:attachment":[{"href":"https:\/\/www.europesays.com\/fr\/wp-json\/wp\/v2\/media?parent=253332"}],"wp:term":[{"taxonomy":"category","embeddable":true,"href":"https:\/\/www.europesays.com\/fr\/wp-json\/wp\/v2\/categories?post=253332"},{"taxonomy":"post_tag","embeddable":true,"href":"https:\/\/www.europesays.com\/fr\/wp-json\/wp\/v2\/tags?post=253332"}],"curies":[{"name":"wp","href":"https:\/\/api.w.org\/{rel}","templated":true}]}}