{"id":253336,"date":"2025-07-17T07:25:10","date_gmt":"2025-07-17T07:25:10","guid":{"rendered":"https:\/\/www.europesays.com\/fr\/253336\/"},"modified":"2025-07-17T07:25:10","modified_gmt":"2025-07-17T07:25:10","slug":"la-colere-des-sinistres-les-questions-en-suspens","status":"publish","type":"post","link":"https:\/\/www.europesays.com\/fr\/253336\/","title":{"rendered":"la col\u00e8re des sinistr\u00e9s, les questions en suspens"},"content":{"rendered":"<p>Y a-t-il eu un d\u00e9faut dans la cha\u00eene de commandement lors du <a href=\"https:\/\/www.laprovence.com\/article\/faits-divers-justice\/679680025323214\/lincendie-de-marseille-pas-encore-fixe-de-longues-heures-dangoisse-800-pompiers-restent-mobilises\" target=\"_blank\" rel=\"noopener\">feu parti des Pennes-Mirabeau<\/a>\u00a0? Une mauvaise compr\u00e9hension des consignes \u00e0 la population\u00a0? Un manque de moyens pour faire face, ce 8\u00a0juillet, \u00e0 un incendie gagnant un secteur fortement urbanis\u00e9, en lisi\u00e8re de massif forestier\u00a0? Si aucune victime n\u2019est \u00e0 d\u00e9plorer, 94 maisons ont \u00e9t\u00e9 d\u00e9vast\u00e9es par les flammes. Et du Marinier \u00e0 La Nerthe (16e), <a href=\"https:\/\/www.laprovence.com\/article\/societe\/7072076298597414\/incendie-de-marseille-nuit-durgence-au-centre-social-de-lestaque-pour-une-quarantaine-devacues-abasourdis\" target=\"_blank\" rel=\"noopener\">les questions et la col\u00e8re <\/a>grondent.<\/p>\n","protected":false},"excerpt":{"rendered":"Y a-t-il eu un d\u00e9faut dans la cha\u00eene de commandement lors du feu parti des Pennes-Mirabeau\u00a0? Une mauvaise&hellip;\n","protected":false},"author":2,"featured_media":253337,"comment_status":"","ping_status":"","sticky":false,"template":"","format":"standard","meta":{"footnotes":""},"categories":[2814],"tags":[17,1111,11,3254,154,1777,674,274,1312,1011,27,884,12,37365,882,25,39377],"class_list":{"0":"post-253336","1":"post","2":"type-post","3":"status-publish","4":"format-standard","5":"has-post-thumbnail","7":"category-marseille","8":"tag-17","9":"tag-actu","10":"tag-actualites","11":"tag-colere","12":"tag-des","13":"tag-eu","14":"tag-europe","15":"tag-faits-divers-justice","16":"tag-feu","17":"tag-fr","18":"tag-france","19":"tag-marseille","20":"tag-news","21":"tag-pennes-mirabeau","22":"tag-provence-alpes-cote-dazur","23":"tag-republique-francaise","24":"tag-sinistres"},"share_on_mastodon":{"url":"https:\/\/pubeurope.com\/@fr\/114867386712744779","error":""},"_links":{"self":[{"href":"https:\/\/www.europesays.com\/fr\/wp-json\/wp\/v2\/posts\/253336","targetHints":{"allow":["GET"]}}],"collection":[{"href":"https:\/\/www.europesays.com\/fr\/wp-json\/wp\/v2\/posts"}],"about":[{"href":"https:\/\/www.europesays.com\/fr\/wp-json\/wp\/v2\/types\/post"}],"author":[{"embeddable":true,"href":"https:\/\/www.europesays.com\/fr\/wp-json\/wp\/v2\/users\/2"}],"replies":[{"embeddable":true,"href":"https:\/\/www.europesays.com\/fr\/wp-json\/wp\/v2\/comments?post=253336"}],"version-history":[{"count":0,"href":"https:\/\/www.europesays.com\/fr\/wp-json\/wp\/v2\/posts\/253336\/revisions"}],"wp:featuredmedia":[{"embeddable":true,"href":"https:\/\/www.europesays.com\/fr\/wp-json\/wp\/v2\/media\/253337"}],"wp:attachment":[{"href":"https:\/\/www.europesays.com\/fr\/wp-json\/wp\/v2\/media?parent=253336"}],"wp:term":[{"taxonomy":"category","embeddable":true,"href":"https:\/\/www.europesays.com\/fr\/wp-json\/wp\/v2\/categories?post=253336"},{"taxonomy":"post_tag","embeddable":true,"href":"https:\/\/www.europesays.com\/fr\/wp-json\/wp\/v2\/tags?post=253336"}],"curies":[{"name":"wp","href":"https:\/\/api.w.org\/{rel}","templated":true}]}}