{"id":253338,"date":"2025-07-17T07:26:09","date_gmt":"2025-07-17T07:26:09","guid":{"rendered":"https:\/\/www.europesays.com\/fr\/253338\/"},"modified":"2025-07-17T07:26:09","modified_gmt":"2025-07-17T07:26:09","slug":"lyon-filme-il-attaque-des-policiers-le-soir-du-14-juillet-la-video-fait-reagir","status":"publish","type":"post","link":"https:\/\/www.europesays.com\/fr\/253338\/","title":{"rendered":"Lyon. Film\u00e9, il attaque des policiers le soir du 14-juillet : la vid\u00e9o fait r\u00e9agir"},"content":{"rendered":"<p>            Par<br \/>\n        <strong><br \/>\n            <a href=\"https:\/\/actu.fr\/auteur\/anthony-soudani\" title=\"Consulter tous les articles de Anthony Soudani\" rel=\"nofollow noopener\" target=\"_blank\">Anthony Soudani<\/a><br \/>\n        <\/strong><\/p>\n<p>        Publi\u00e9 le<\/p>\n<p>            17 juil. 2025 \u00e0 9h19        <\/p>\n<p>La vid\u00e9o circule sur le compte X Cpasdeslol et elle fait beaucoup bruit. La pr\u00e9f\u00e8te de r\u00e9gion Auvergne-Rh\u00f4ne-Alpes et du Rh\u00f4ne a m\u00eame \u00e9t\u00e9 oblig\u00e9e de r\u00e9agir pour donner du contexte. On voit un homme film\u00e9 <a href=\"https:\/\/actu.fr\/auvergne-rhone-alpes\/lyon_69123\/video-lyon-impressionnant-les-images-incroyables-du-feu-d-artifice-tire-le-14-juillet_62910775.html\" rel=\"nofollow noopener\" target=\"_blank\">le soir du 14-juillet<\/a> en train d\u2019<strong>attaquer un \u00e9quipage de police<\/strong> qui \u00ab\u00a0bat en retraite\u00a0\u00bb en Presqu\u2019\u00eele de <a href=\"https:\/\/actu.fr\/lyon\/\" rel=\"nofollow noopener\" target=\"_blank\">Lyon<\/a>.<\/p>\n<p class=\" wall-content\">Voici ce qu\u2019il s\u2019est pass\u00e9.<\/p>\n<p class=\" wall-content\">\n<p>L\u2019homme provoque les policiers et se d\u00e9foule contre la voiture<\/p>\n<p class=\" wall-content\">\u00ab\u00a0Ce que montre la vid\u00e9o, c\u2019est une patrouille de police secours qui intervenait avec beaucoup de sang froid pour pr\u00eater assistance. Nous avons demand\u00e9 \u00e0 l\u2019\u00e9quipage de rejoindre la compagnie d\u00e9partementale d\u2019intervention de la police nationale du Rh\u00f4ne place Bellecour, parce qu\u2019elle avait face \u00e0 elle des centaines d\u2019individus\u00a0\u00bb, contextualise la pr\u00e9f\u00e8te, Fabienne Buccio, sur X.<\/p>\n<p class=\" wall-content\">\n<p class=\" wall-content\">Sur les images, nous voyons l\u2019homme provoquer les policiers. Il semble vouloir en d\u00e9coudre avec eux. Finalement, les agents rentrent dans leur v\u00e9hicule. L\u2019individu va m\u00eame jusqu\u2019\u00e0 frapper les vitres de la voiture qui finit par partir rue de la R\u00e9publique, o\u00f9 des moyens ont \u00e9t\u00e9 employ\u00e9s <a href=\"https:\/\/actu.fr\/auvergne-rhone-alpes\/lyon_69123\/14-juillet-a-lyon-tensions-en-presqu-ile-des-violences-eclatent-les-crs-interviennent_62910735.html\" rel=\"nofollow noopener\" target=\"_blank\">pour disperser une foule agit\u00e9e<\/a> (gaz lacrymog\u00e8ne).<\/p>\n<p>Une enqu\u00eate ouverte<\/p>\n<p class=\" wall-content\">\u00ab\u00a0Ce que la vid\u00e9o ne montre pas, pourtant c\u2019est aussi sur les r\u00e9seaux sociaux, c\u2019est <strong>la CRS 83<\/strong> et la compagnie d\u00e9partementale d\u2019intervention, des unit\u00e9s sp\u00e9cialis\u00e9es, qui arrivent imm\u00e9diatement en renfort pour disperser avec efficacit\u00e9 cette foule hostile\u00a0\u00bb, \u00e9crit la pr\u00e9f\u00e8te de r\u00e9gion.<\/p>\n<p>Vid\u00e9os : en ce moment sur Actu<\/p>\n<p class=\" wall-content\">Elle poursuit : \u00ab\u00a0R\u00e9sultats, aucune d\u00e9gradation notable dans le centre de Lyon apr\u00e8s un feu d\u2019artifices qui a rassembl\u00e9 des dizaines de milliers de spectateurs dans le calme.\u00a0\u00bb<\/p>\n<p class=\" wall-content\">Selon nos informations, il y a eu 22 interpellations durant le week-end du 14-juillet, dont douze le lundi soir.<\/p>\n<p class=\" wall-content\">Une enqu\u00eate est par ailleurs ouverte contre l\u2019individu qui s\u2019en prend aux policiers nationaux.<\/p>\n<p class=\" wall-content\">Suivez toute l\u2019actualit\u00e9 de vos villes et m\u00e9dias favoris en vous inscrivant \u00e0 <a href=\"https:\/\/moncompte.actu.fr\" title=\"D\u00e9couvez Mon Actu\" rel=\"nofollow noopener\" data-trk=\"{&quot;cta&quot;:{&quot;action&quot;:&quot;https:\\\/\\\/moncompte.actu.fr&quot;,&quot;category&quot;:&quot;mon compte&quot;,&quot;from&quot;:&quot;article footer&quot;,&quot;name&quot;:&quot;Mon actu&quot;,&quot;type&quot;:&quot;cta&quot;}}\" target=\"_blank\">Mon Actu<\/a>.<\/p>\n","protected":false},"excerpt":{"rendered":"Par Anthony Soudani Publi\u00e9 le 17 juil. 2025 \u00e0 9h19 La vid\u00e9o circule sur le compte X Cpasdeslol&hellip;\n","protected":false},"author":2,"featured_media":253339,"comment_status":"","ping_status":"","sticky":false,"template":"","format":"standard","meta":{"footnotes":""},"categories":[1889],"tags":[1111,11,2430,1777,674,118,1011,27,2428,12,1072,2809,25,7501],"class_list":{"0":"post-253338","1":"post","2":"type-post","3":"status-publish","4":"format-standard","5":"has-post-thumbnail","7":"category-lyon","8":"tag-actu","9":"tag-actualites","10":"tag-auvergne-rhone-alpes","11":"tag-eu","12":"tag-europe","13":"tag-faits-divers","14":"tag-fr","15":"tag-france","16":"tag-lyon","17":"tag-news","18":"tag-police","19":"tag-presquile","20":"tag-republique-francaise","21":"tag-violences-urbaines"},"share_on_mastodon":{"url":"https:\/\/pubeurope.com\/@fr\/114867390935379690","error":""},"_links":{"self":[{"href":"https:\/\/www.europesays.com\/fr\/wp-json\/wp\/v2\/posts\/253338","targetHints":{"allow":["GET"]}}],"collection":[{"href":"https:\/\/www.europesays.com\/fr\/wp-json\/wp\/v2\/posts"}],"about":[{"href":"https:\/\/www.europesays.com\/fr\/wp-json\/wp\/v2\/types\/post"}],"author":[{"embeddable":true,"href":"https:\/\/www.europesays.com\/fr\/wp-json\/wp\/v2\/users\/2"}],"replies":[{"embeddable":true,"href":"https:\/\/www.europesays.com\/fr\/wp-json\/wp\/v2\/comments?post=253338"}],"version-history":[{"count":0,"href":"https:\/\/www.europesays.com\/fr\/wp-json\/wp\/v2\/posts\/253338\/revisions"}],"wp:featuredmedia":[{"embeddable":true,"href":"https:\/\/www.europesays.com\/fr\/wp-json\/wp\/v2\/media\/253339"}],"wp:attachment":[{"href":"https:\/\/www.europesays.com\/fr\/wp-json\/wp\/v2\/media?parent=253338"}],"wp:term":[{"taxonomy":"category","embeddable":true,"href":"https:\/\/www.europesays.com\/fr\/wp-json\/wp\/v2\/categories?post=253338"},{"taxonomy":"post_tag","embeddable":true,"href":"https:\/\/www.europesays.com\/fr\/wp-json\/wp\/v2\/tags?post=253338"}],"curies":[{"name":"wp","href":"https:\/\/api.w.org\/{rel}","templated":true}]}}