{"id":253343,"date":"2025-07-17T07:30:12","date_gmt":"2025-07-17T07:30:12","guid":{"rendered":"https:\/\/www.europesays.com\/fr\/253343\/"},"modified":"2025-07-17T07:30:12","modified_gmt":"2025-07-17T07:30:12","slug":"ils-vivent-un-enfer-a-cause-dun-chantier-a-la-defense-des-riverains-reclament-plusieurs-millions-deuros","status":"publish","type":"post","link":"https:\/\/www.europesays.com\/fr\/253343\/","title":{"rendered":"Ils vivent \u00ab\u00a0un enfer\u00a0\u00bb \u00e0 cause d&rsquo;un chantier \u00e0 La D\u00e9fense, des riverains r\u00e9clament plusieurs millions d&rsquo;euros"},"content":{"rendered":"<p>            Par<br \/>\n        <strong><br \/>\n            <a href=\"https:\/\/actu.fr\/auteur\/hugo-hancewicz\" title=\"Consulter tous les articles de Hugo Hancewicz\" target=\"_blank\" rel=\"noopener\">Hugo Hancewicz<\/a><br \/>\n        <\/strong><\/p>\n<p>        Publi\u00e9 le<\/p>\n<p>            17 juil. 2025 \u00e0 7h14        <\/p>\n<p>Elle impressionne quiconque l\u00e8ve les yeux vers elle. Avec ses 244\u00a0m\u00e8tres au sommet, la tour The Link s\u2019appr\u00eate \u00e0 devenir <a href=\"https:\/\/actu.fr\/ile-de-france\/puteaux_92062\/la-defense-le-projet-de-la-plus-haute-tour-lance-total-va-s-y-installer_34215665.html\" target=\"_blank\" rel=\"noopener\">le plus haut gratte-ciel de France<\/a>. D\u00e8s d\u00e9but 2026, <strong>elle accueillera le futur si\u00e8ge de TotalEnergies<\/strong> au c\u0153ur du quartier d\u2019affaires de <a href=\"https:\/\/actu.fr\/tag\/la-defense\" target=\"_blank\" rel=\"noopener\">La D\u00e9fense<\/a>. Mais derri\u00e8re ce symbole de puissance \u00e9conomique, se cache une r\u00e9alit\u00e9 bien moins glorieuse pour ses voisins directs. Depuis le lancement du chantier il y a cinq ans, <strong>les habitants alentour vivent au rythme des nuisances<\/strong>. Bruits assourdissants d\u00e8s l\u2019aube, poussi\u00e8res permanentes, livraisons bruyantes de mat\u00e9riaux, pr\u00e9paration des aciers\u2026 Les r\u00e9sidents de la r\u00e9sidence Minerve, \u00e0 <a href=\"https:\/\/actu.fr\/ile-de-france\/puteaux_92062\" target=\"_blank\" rel=\"noopener\">Puteaux<\/a> (<a href=\"https:\/\/actu.fr\/ile-de-france\/hauts-de-seine_92\" target=\"_blank\" rel=\"noopener\">Hauts-de-Seine<\/a>), situ\u00e9e juste en face du chantier, <strong>disent avoir v\u00e9cu un v\u00e9ritable \u00ab\u2009enfer\u2009\u00bb<\/strong>. R\u00e9unis en association depuis janvier\u00a02023, ils r\u00e9clament aujourd\u2019hui 3,5\u00a0millions d\u2019euros de r\u00e9paration, soit environ 20\u2009000\u00a0euros pour chacun des 165 appartements concern\u00e9s. Ce mercredi 16\u00a0juillet 2025 au matin, alors que les salari\u00e9s se pressent pour rejoindre leurs tours de verre, <strong>certains s\u2019arr\u00eataient un instant devant The Link<\/strong>. \u00ab\u2009J\u2019habite proche d\u2019ici et m\u00eame si je n\u2019\u00e9tais pas en premi\u00e8re ligne des travaux, c\u2019est vrai qu\u2019ils ont \u00e9t\u00e9 tr\u00e8s bruyants\u2009\u00bb, confie Paul, un quadrag\u00e9naire sacoche \u00e0 l\u2019\u00e9paule.<\/p>\n<p>Des d\u00e9passements horaires quotidiens<\/p>\n<p class=\" wall-content\">Si au d\u00e9but du chantier, la situation semblait sous contr\u00f4le, notamment gr\u00e2ce au soutien de la maire de Puteaux, Jo\u00eblle Ceccaldi-Raynaud (<a href=\"https:\/\/actu.fr\/tag\/les-republicains-lr\" target=\"_blank\" rel=\"noopener\">LR<\/a>) \u2013 les habitants avaient alors obtenu <strong>1\u2009000\u00a0euros en bons d\u2019achat<\/strong> pour chaque appartement concern\u00e9 -, le dialogue s\u2019est peu \u00e0 peu d\u00e9grad\u00e9 \u00e0 mesure que la tour de 135\u2009000\u00a0m\u00e8tres carr\u00e9s s\u2019\u00e9levait dans le ciel de La D\u00e9fense.<\/p>\n<p class=\" wall-content\">Selon R\u00e9my Fav\u00e9, co-pr\u00e9sident de l\u2019association des riverains, la situation s\u2019est cristallis\u00e9e en mai-juin\u00a02022 lors du coulage du radier, <strong>lorsque les d\u00e9passements horaires sont devenus r\u00e9currents<\/strong>. \u00ab\u2009Les travaux doivent se faire, mais ne pas respecter les r\u00e8gles, c\u2019est un non. \u00c0 cette \u00e9poque, il y avait aussi le chantier BNP qui, lui, respectait les horaires\u2009\u00bb, r\u00e9p\u00e8te-t-il.<\/p>\n<p>    <img   decoding=\"async\" loading=\"lazy\" src=\"https:\/\/www.europesays.com\/fr\/wp-content\/uploads\/2025\/07\/design-sans-titre-2025-07-16t132759000-960x640.jpg\" alt=\"Depuis cinq ans, les habitants de la r\u00e9sidence Minerve (\u00e0 gauche) subissent les nuisances du chantier de la tour The Link (\u00e0 droite).\" width=\"960\" height=\"640\"\/><br \/>\n    Depuis cinq ans, les habitants de la r\u00e9sidence Minerve (\u00e0 gauche) subissent les nuisances du chantier de la tour The Link (\u00e0 droite). (\u00a9HH\/actu Paris)<\/p>\n<p class=\" wall-content\">\u00ab\u2009Au-del\u00e0 des nuisances t\u00f4t le matin, le plus difficile \u00e0 vivre \u00e9tait <strong>les nuages de poussi\u00e8res qui flottaient dans les airs<\/strong>\u2009\u00bb, raconte une autre habitante de l\u2019immeuble Minerve. Au pied de la r\u00e9sidence, Gauthier t\u00e9moigne lui aussi de ses nuits compliqu\u00e9es\u2009: \u00ab\u2009J\u2019avais litt\u00e9ralement une grue sous ma fen\u00eatre <strong>avec un gros spot lumineux allum\u00e9 en pleine nuit<\/strong> [\u2026]. Sur la dur\u00e9e, c\u2019\u00e9tait usant\u2009\u00bb.<\/p>\n<p>\u00ab\u2009On joue sur les nerfs des gens\u2009\u00bb<\/p>\n<p class=\" wall-content\">Les habitants d\u00e9noncent \u00e9galement <strong>l\u2019impact sanitaire et psychologique du chantier<\/strong>. \u00ab\u2009Des enfants sont tomb\u00e9s malades apr\u00e8s avoir respir\u00e9 les poussi\u00e8res. Et il y avait un vis-\u00e0-vis tr\u00e8s important avec les grutiers, plus aucune vie priv\u00e9e\u2009\u00bb, affirme R\u00e9my Fav\u00e9, qui a lui-m\u00eame quitt\u00e9 son logement dans la r\u00e9sidence Minerve <strong>en partie \u00e0 cause de cette situation<\/strong>.<\/p>\n<blockquote class=\"ac-article-quote wall-content\">\n<p>\u00ab\u00a0Pour les riverains, la situation est usante, fatigante et irritante. C\u2019est un enfer, car on joue sur les nerfs des gens \u00e0 cause du non-respect des r\u00e8gles\u00a0\u00bb<\/p>\n<p>    <strong>R\u00e9my Fav\u00e9<\/strong><br \/>\n        Co-pr\u00e9sident de l&rsquo;association de riverains de la r\u00e9sidence Minerve    <\/p><\/blockquote>\n<p class=\" wall-content\">L\u2019avocat de l\u2019association, Ma\u00eetre Cyriac Duhem, pr\u00e9cise que <strong>de nombreuses preuves ont \u00e9t\u00e9 ajout\u00e9es au dossier<\/strong>. \u00ab\u2009Des photos et des vid\u00e9os o\u00f9 les nuisances et les d\u00e9passements des horaires de travail ont \u00e9t\u00e9 constat\u00e9es et transmises pour tenter d\u2019obtenir r\u00e9paration\u2009\u00bb. R\u00e9my Fav\u00e9, pr\u00e9sident de l\u2019association, compl\u00e8te\u2009: \u00ab\u2009<strong>On dispose aussi de mains courantes d\u00e9pos\u00e9es \u00e0 la police municipale<\/strong>. Les agents sont venus eux-m\u00eames sur place faire des constats\u2009\u00bb.<\/p>\n<p class=\" wall-content\">En 2023, une m\u00e9diatrice \u00e9tait intervenue, mais sans issue favorable selon l\u2019association. \u00ab\u2009Les riverains en ont eu ras le bol. <strong>On nous a men\u00e9s en bateau<\/strong>. Mais la r\u00e9alit\u00e9, c\u2019est qu\u2019on est une petite association face \u00e0 une grosse entreprise qui \u00e9crase tout\u2009\u00bb.<\/p>\n<p>    <img   decoding=\"async\" loading=\"lazy\" src=\"https:\/\/www.europesays.com\/fr\/wp-content\/uploads\/2025\/07\/design-sans-titre-2025-07-16t133230079-960x640.jpg\" alt=\"Le gratte-ciel The Link est compos\u00e9 d'une tour de 244 m\u00e8tres et d'une autre de 178 m\u00e8tres de haut.\" width=\"960\" height=\"640\"\/><br \/>\n    Le gratte-ciel The Link est compos\u00e9 d\u2019une tour de 244\u00a0m\u00e8tres et d\u2019une autre de 178\u00a0m\u00e8tres de haut. (\u00a9HH\/actu Paris)Un d\u00e9dommagement financier<\/p>\n<p class=\" wall-content\">Aujourd\u2019hui, <strong>les habitants r\u00e9clament 3,5\u00a0millions d\u2019euros<\/strong>. Une somme qui, selon l\u2019avocat, \u00ab\u2009n\u2019est pas tr\u00e8s \u00e9lev\u00e9e et raisonnable au vu des nuisances et de la dur\u00e9e des travaux\u2009\u00bb. \u00ab\u2009Il y a eu des mises en demeure depuis un mois, et les non-respects des r\u00e8gles durent encore. <strong>On ira jusqu\u2019au bout<\/strong>\u2009\u00bb, pr\u00e9vient R\u00e9my Fav\u00e9.<\/p>\n<p class=\" wall-content\">L\u2019association esp\u00e8re obtenir gain de cause d\u2019ici fin 2025. Contact\u00e9, Groupama Immobilier, investisseur du projet via la SCI The Link, n\u2019a pas souhait\u00e9 r\u00e9pondre \u00e0 nos sollicitations.<\/p>\n<p class=\" wall-content\">Suivez toute l\u2019actualit\u00e9 de vos villes et m\u00e9dias favoris en vous inscrivant \u00e0 <a href=\"https:\/\/moncompte.actu.fr\" title=\"D\u00e9couvez Mon Actu\" rel=\"nofollow noopener\" data-trk=\"{&quot;cta&quot;:{&quot;action&quot;:&quot;https:\\\/\\\/moncompte.actu.fr&quot;,&quot;category&quot;:&quot;mon compte&quot;,&quot;from&quot;:&quot;article footer&quot;,&quot;name&quot;:&quot;Mon actu&quot;,&quot;type&quot;:&quot;cta&quot;}}\" target=\"_blank\">Mon Actu<\/a>.<\/p>\n","protected":false},"excerpt":{"rendered":"Par Hugo Hancewicz Publi\u00e9 le 17 juil. 2025 \u00e0 7h14 Elle impressionne quiconque l\u00e8ve les yeux vers elle.&hellip;\n","protected":false},"author":2,"featured_media":253344,"comment_status":"","ping_status":"","sticky":false,"template":"","format":"standard","meta":{"footnotes":""},"categories":[1888],"tags":[1111,1928,11,1927,1777,674,1011,27,303,1877,12,1926,626,1925,25,104,2086],"class_list":{"0":"post-253343","1":"post","2":"type-post","3":"status-publish","4":"format-standard","5":"has-post-thumbnail","7":"category-paris","8":"tag-actu","9":"tag-actu-paris","10":"tag-actualites","11":"tag-actualites-paris","12":"tag-eu","13":"tag-europe","14":"tag-fr","15":"tag-france","16":"tag-justice","17":"tag-la-defense","18":"tag-news","19":"tag-news-paris","20":"tag-paris","21":"tag-paris-news","22":"tag-republique-francaise","23":"tag-societe","24":"tag-travaux"},"share_on_mastodon":{"url":"https:\/\/pubeurope.com\/@fr\/114867406575722569","error":""},"_links":{"self":[{"href":"https:\/\/www.europesays.com\/fr\/wp-json\/wp\/v2\/posts\/253343","targetHints":{"allow":["GET"]}}],"collection":[{"href":"https:\/\/www.europesays.com\/fr\/wp-json\/wp\/v2\/posts"}],"about":[{"href":"https:\/\/www.europesays.com\/fr\/wp-json\/wp\/v2\/types\/post"}],"author":[{"embeddable":true,"href":"https:\/\/www.europesays.com\/fr\/wp-json\/wp\/v2\/users\/2"}],"replies":[{"embeddable":true,"href":"https:\/\/www.europesays.com\/fr\/wp-json\/wp\/v2\/comments?post=253343"}],"version-history":[{"count":0,"href":"https:\/\/www.europesays.com\/fr\/wp-json\/wp\/v2\/posts\/253343\/revisions"}],"wp:featuredmedia":[{"embeddable":true,"href":"https:\/\/www.europesays.com\/fr\/wp-json\/wp\/v2\/media\/253344"}],"wp:attachment":[{"href":"https:\/\/www.europesays.com\/fr\/wp-json\/wp\/v2\/media?parent=253343"}],"wp:term":[{"taxonomy":"category","embeddable":true,"href":"https:\/\/www.europesays.com\/fr\/wp-json\/wp\/v2\/categories?post=253343"},{"taxonomy":"post_tag","embeddable":true,"href":"https:\/\/www.europesays.com\/fr\/wp-json\/wp\/v2\/tags?post=253343"}],"curies":[{"name":"wp","href":"https:\/\/api.w.org\/{rel}","templated":true}]}}