{"id":253349,"date":"2025-07-17T07:33:12","date_gmt":"2025-07-17T07:33:12","guid":{"rendered":"https:\/\/www.europesays.com\/fr\/253349\/"},"modified":"2025-07-17T07:33:12","modified_gmt":"2025-07-17T07:33:12","slug":"hausse-en-vue-a-paris-publicis-et-legrand-en-vedette-17-07-2025-a-0832","status":"publish","type":"post","link":"https:\/\/www.europesays.com\/fr\/253349\/","title":{"rendered":"Hausse en vue \u00e0 Paris, Publicis et Legrand en vedette &#8211; 17\/07\/2025 \u00e0 08:32"},"content":{"rendered":"<p>\n (AOF) &#8211; Les march\u00e9s europ\u00e9ens sont attendus en hausse gr\u00e2ce \u00e0 une seconde partie de s\u00e9ance plus favorable \u00e0 Wall Street. Les rumeurs de limogeage dans un avenir proche du pr\u00e9sident de la Fed, Jerome Powell, par Donald Trump, ont \u00e9t\u00e9 d\u00e9menties. Selon des d\u00e9clarations pr\u00e9sident am\u00e9ricain lors d&rsquo;une interview diffus\u00e9e mercredi, un accord pourrait \u00eatre trouv\u00e9 avec l&rsquo;Union europ\u00e9enne, rapporte Reuters. Autres bonnes nouvelles, Publicis et Legrand ont relev\u00e9 leur objectif de croissance pour 2025. Sur le march\u00e9 des changes, l&rsquo;euro est reparti \u00e0 la baisse.\n<\/p>\n<p>\n <strong><br \/>\n  Les valeurs \u00e0 suivre aujourd&rsquo;hui<br \/>\n <\/strong>\n<\/p>\n<p>\n <strong><br \/>\n  Publicis<br \/>\n <\/strong>\n<\/p>\n<p>\n A l&rsquo;occasion de la publication de ses comptes semestriels, Publicis a rehauss\u00e9 son objectif 2025 de croissance gr\u00e2ce \u00e0 des gains records de budgets. Le groupe de communication anticipe d\u00e9sormais une croissance organique de pr\u00e8s de 5% contre une fourchette pr\u00e9c\u00e9dente de 4 \u00e0 5 %. Il a r\u00e9it\u00e9r\u00e9 par ailleurs son objectif 2025 de taux de marge op\u00e9rationnelle, qui devrait enregistrer une l\u00e9g\u00e8re am\u00e9lioration par rapport \u00e0 son niveau de 18 % en 2024, le plus \u00e9lev\u00e9 du secteur.\n<\/p>\n<p>\n <strong><br \/>\n  Pullup Entertainment<br \/>\n <\/strong>\n<\/p>\n<p>\n Pullup Entertainment a d\u00e9gag\u00e9 un chiffre d&rsquo;affaires au titre du premier trimestre 2025 en hausse de 132%, \u00e0 79,3 millions d&rsquo;euros. \u00ab\u00a0C&rsquo;est une performance nettement sup\u00e9rieure au pr\u00e9c\u00e9dent record qui avait \u00e9t\u00e9 \u00e9tabli pendant la p\u00e9riode d&rsquo;activit\u00e9 exceptionnelle du confinement\u00a0\u00bb, s&rsquo;est f\u00e9licit\u00e9 Geoffroy Sardin, directeur g\u00e9n\u00e9ral du sp\u00e9cialiste de l&rsquo;entertainment et de la pop culture. Le groupe a, par la m\u00eame occasion, annonc\u00e9 la confirmation de ses objectifs financiers.\n<\/p>\n<p>\n <strong><br \/>\n  Virbac<br \/>\n <\/strong>\n<\/p>\n<p>\n Au deuxi\u00e8me trimestre, le chiffre d\u2019affaires de Virbac a progress\u00e9 de 1,7 %, \u00e0 363,1 millions d\u2019euros. \u00c0 taux de change constants, l\u2019augmentation des revenus est de 6,1 %, ou de 6,4 % \u00e0 taux de change et p\u00e9rim\u00e8tre constants. Toutes les zones g\u00e9ographiques ont particip\u00e9 \u00e0 cette croissance. Sur l\u2019ensemble du premier semestre, le sp\u00e9cialiste de la sant\u00e9 animale a vu ses ventes s\u2019appr\u00e9cier de 5 %, \u00e0 738,3 millions d\u2019euros. L&rsquo;int\u00e9gration de Sasaeah, soci\u00e9t\u00e9 acquise au Japon en avril 2024, a contribu\u00e9 \u00e0 hauteur de 2,2 points de croissance.\n<\/p>\n<p>\n <strong><br \/>\n  Sidetrade<br \/>\n <\/strong>\n<\/p>\n<p>\n Sidetrade a enregistr\u00e9 une progression de son chiffre d\u2019affaires de 18%, \u00e0 29,3 millions d\u2019euros. Il a affich\u00e9 une hausse de 19% \u00e0 taux de change constant, port\u00e9e par une croissance de 25%, \u00e0 25,4 millions d\u2019euros, de ses revenus d\u2019abonnements SaaS. \u00c0 p\u00e9rim\u00e8tre comparable (hors contribution de SHS Viveon), la croissance s\u2019est \u00e9tablie \u00e0 12% \u00e0 taux de change constants. Sur les 6 premiers mois de 2025, Sidetrade a enregistr\u00e9 5,88 millions d\u2019euros de prises de commandes en valeur annuelle des nouveaux contrats sign\u00e9s (ACV), en retrait de 21%.\n<\/p>\n<p>\n <strong><br \/>\n  Les chiffres macro\u00e9conomiques<br \/>\n <\/strong>\n<\/p>\n<p>\n L&rsquo;inflation en juin en zone euro est attendue \u00e0 11 heures. Aux Etats-Unis, les inscriptions hebdomadaires au ch\u00f4mage, les ventes au d\u00e9tail en juin et l&rsquo;indice manufacturier de la Fed de Philadelphie seront connus \u00e0 14h30. Toujours aux Etats-Unis, les stocks des entreprises en mai et l&rsquo;indice NAHB du march\u00e9 immobilier en juillet seront publi\u00e9s \u00e0 16 heures.\n<\/p>\n<p>\n Ce matin, l&rsquo;euro perd 0,43% \u00e0 1,1587 dollar.\n<\/p>\n<p>\n <strong><br \/>\n  Hier \u00e0 Paris<br \/>\n <\/strong>\n<\/p>\n<p>\n Les Bourses europ\u00e9ennes ont fini en ordre dispers\u00e9 sur fond de rumeurs de limogeage dans un avenir proche du pr\u00e9sident de la Fed, Jerome Powell, par Donald Trump. Elles ont pour origine les grands m\u00e9dias am\u00e9ricains : CBS, Bloomberg, le Wall Street Journal. \u00c0 Paris, la s\u00e9ance a \u00e9t\u00e9 marqu\u00e9e par la chute de Renault au lendemain de son avertissement sur r\u00e9sultats. L&rsquo;indice CAC 40 a c\u00e9d\u00e9 0,57% \u00e0 7722,09 points et l&rsquo;EuroStoxx50 a perdu 0,76% \u00e0 5313,71 points. Londres et Francfort ont en revanche tr\u00e8s l\u00e9g\u00e8rement progress\u00e9.\n<\/p>\n<p>\n <strong><br \/>\n  Hier \u00e0 Wall Street<br \/>\n <\/strong>\n<\/p>\n<p>\n Les march\u00e9s actions am\u00e9ricains ont fini en l\u00e9g\u00e8re hausse une s\u00e9ance marqu\u00e9e par des rumeurs d\u00e9menties de limogeage de Jerome Powell par Donald Trump. Apr\u00e8s les trimestriels mardi de JP Morgan, Citi et Wells Fargo, Bank of America, Morgan Stanley et Goldman Sachs ont fait \u00e9tat de performances robustes. C\u00f4t\u00e9 statistiques, apr\u00e8s une inflation qui est ressortie mardi un peu sup\u00e9rieure aux attentes, les prix \u00e0 la production s&rsquo;inscrivent sous les pr\u00e9visions en juin. Le Dow Jones a avanc\u00e9 de 0,53% \u00e0 44,254.78 points tandis que le Nasdaq Composite a progress\u00e9 de 0,25% \u00e0 20 730,49 points.<\/p>\n","protected":false},"excerpt":{"rendered":"(AOF) &#8211; Les march\u00e9s europ\u00e9ens sont attendus en hausse gr\u00e2ce \u00e0 une seconde partie de s\u00e9ance plus favorable&hellip;\n","protected":false},"author":2,"featured_media":17400,"comment_status":"","ping_status":"","sticky":false,"template":"","format":"standard","meta":{"footnotes":""},"categories":[1888],"tags":[400,11,398,408,405,1777,674,1011,27,403,402,399,404,12,626,25,401,406,407],"class_list":{"0":"post-253349","1":"post","2":"type-post","3":"status-publish","4":"format-standard","5":"has-post-thumbnail","7":"category-paris","8":"tag-action-cac-40","9":"tag-actualites","10":"tag-bourse-de-paris","11":"tag-boursorama","12":"tag-cotations","13":"tag-eu","14":"tag-europe","15":"tag-fr","16":"tag-france","17":"tag-indices-devises","18":"tag-investir","19":"tag-investissement","20":"tag-marche-boursier","21":"tag-news","22":"tag-paris","23":"tag-republique-francaise","24":"tag-sicav","25":"tag-trackers","26":"tag-warrants"},"share_on_mastodon":{"url":"https:\/\/pubeurope.com\/@fr\/114867418152286982","error":""},"_links":{"self":[{"href":"https:\/\/www.europesays.com\/fr\/wp-json\/wp\/v2\/posts\/253349","targetHints":{"allow":["GET"]}}],"collection":[{"href":"https:\/\/www.europesays.com\/fr\/wp-json\/wp\/v2\/posts"}],"about":[{"href":"https:\/\/www.europesays.com\/fr\/wp-json\/wp\/v2\/types\/post"}],"author":[{"embeddable":true,"href":"https:\/\/www.europesays.com\/fr\/wp-json\/wp\/v2\/users\/2"}],"replies":[{"embeddable":true,"href":"https:\/\/www.europesays.com\/fr\/wp-json\/wp\/v2\/comments?post=253349"}],"version-history":[{"count":0,"href":"https:\/\/www.europesays.com\/fr\/wp-json\/wp\/v2\/posts\/253349\/revisions"}],"wp:featuredmedia":[{"embeddable":true,"href":"https:\/\/www.europesays.com\/fr\/wp-json\/wp\/v2\/media\/17400"}],"wp:attachment":[{"href":"https:\/\/www.europesays.com\/fr\/wp-json\/wp\/v2\/media?parent=253349"}],"wp:term":[{"taxonomy":"category","embeddable":true,"href":"https:\/\/www.europesays.com\/fr\/wp-json\/wp\/v2\/categories?post=253349"},{"taxonomy":"post_tag","embeddable":true,"href":"https:\/\/www.europesays.com\/fr\/wp-json\/wp\/v2\/tags?post=253349"}],"curies":[{"name":"wp","href":"https:\/\/api.w.org\/{rel}","templated":true}]}}