{"id":253350,"date":"2025-07-17T07:34:16","date_gmt":"2025-07-17T07:34:16","guid":{"rendered":"https:\/\/www.europesays.com\/fr\/253350\/"},"modified":"2025-07-17T07:34:16","modified_gmt":"2025-07-17T07:34:16","slug":"une-fregate-allemande-poursuivie-par-un-destroyer-russe","status":"publish","type":"post","link":"https:\/\/www.europesays.com\/fr\/253350\/","title":{"rendered":"une fr\u00e9gate allemande poursuivie par un destroyer russe"},"content":{"rendered":"<p>Un incident en mer qui sort de l\u2019ordinaire vient d\u2019attirer l\u2019attention dans la Baltique. Une fr\u00e9gate allemande, la <strong>\u00ab Bayern \u00bb<\/strong>, a \u00e9t\u00e9 suivie de tr\u00e8s pr\u00e8s par un destroyer russe moderne, le <strong>\u00ab Vice-amiral Koulakov \u00bb<\/strong>, jusqu\u2019\u00e0 la base navale de Rostock. Cet \u00e9pisode met en lumi\u00e8re des enjeux g\u00e9opolitiques importants et soul\u00e8ve des questions sur la <a href=\"https:\/\/armees.com\/un-face-a-face-tendu-un-sous-marin-nucleaire-britannique-surgit-pres-dun-navire-russe-suspect\/\" rel=\"noopener noreferrer nofollow\" target=\"_blank\">surveillance du Yantar<\/a>.<\/p>\n<p>Le d\u00e9roulement de l\u2019incident<\/p>\n<p>L\u2019\u00e9v\u00e9nement s\u2019est produit peu apr\u00e8s la <a href=\"https:\/\/archives.defense.gouv.fr\/operations\/europe\/europe-du-nord-et-de-l-est\/autres-operations\/atlantique-nord-fin-de-l-exercice-dynamic-mongoose-21-pour-la-marine-nationale.html\" rel=\"noopener noreferrer nofollow\" target=\"_blank\">fin de l\u2019exercice militaire <strong>Dynamic Mangoose<\/strong><\/a>, organis\u00e9 par l\u2019<strong>OTAN<\/strong> jusqu\u2019au <strong>12 mai<\/strong> dans le passage GIUK. La fr\u00e9gate allemande <strong>\u00ab Bayern \u00bb<\/strong>, qui fait partie de la classe F123 \u00ab Brandenburg \u00bb, \u00e9voluait avec le sous-marin allemand <strong>U33<\/strong>, de type 212A, pendant un exercice ax\u00e9 sur la lutte anti-sous-marine.<\/p>\n<p>Le <strong>25 mai<\/strong>, alors que la <strong>\u00ab Bayern \u00bb<\/strong> regagnait sa base \u00e0 Rostock, elle s\u2019est vue prise en chasse par le destroyer russe <strong>\u00ab Vice-amiral Koulakov \u00bb<\/strong>. Ce dernier avait \u00e9t\u00e9 rep\u00e9r\u00e9 au large du port allemand avant de modifier sa trajectoire pour suivre la fr\u00e9gate. La poursuite a d\u00e9marr\u00e9 apr\u00e8s des man\u0153uvres anti-sous-marines men\u00e9es par le <strong>\u00ab Vice-amiral Koulakov \u00bb<\/strong> et un autre destroyer russe, le <strong>\u00ab Severomorsk \u00bb<\/strong>, pr\u00e8s de la p\u00e9ninsule de Kola.<\/p>\n<p>Les exercices militaires en d\u00e9tail<\/p>\n<p>La <strong>\u00ab Bayern \u00bb<\/strong> devait aussi participer \u00e0 un autre exercice de l\u2019<strong>OTAN<\/strong>, le <a href=\"http:\/\/www.defense.gouv.fr\/operations\/point-situation-operations\/point-situation-operations-du-jeudi-5-juin-au-jeudi-12-juin-2025\" rel=\"noopener noreferrer nofollow\" target=\"_blank\"><strong>BALTOPS 25<\/strong><\/a>, qui devait d\u00e9buter le <strong>3 juin<\/strong> en mer Baltique. Ces man\u0153uvres ont pour but de renforcer la coop\u00e9ration et la pr\u00e9paration des forces alli\u00e9es face aux menaces potentielles.<\/p>\n<p>Pendant ce temps, le destroyer russe longeait les c\u00f4tes du nord de la Norv\u00e8ge, jusqu\u2019\u00e0 ce qu\u2019une intervention danoise ne se produise. La marine danoise est intervenue avec sa propre fr\u00e9gate, l\u2019<strong>Iver Huitfeldt<\/strong>, qui a escort\u00e9 le <strong>\u00ab Vice-amiral Koulakov \u00bb<\/strong> jusqu\u2019au Grand Belt, un passage strat\u00e9gique qui m\u00e8ne \u00e0 la mer Baltique.<\/p>\n<p>R\u00e9actions et analyses<\/p>\n<p>Cet incident n\u2019est pas isol\u00e9 et rappelle les <a href=\"https:\/\/armees.com\/que-faisait-ce-navire-de-guerre-russe-sur-les-cotes-francaises\/\" rel=\"noopener noreferrer nofollow\" target=\"_blank\">pratiques inhabituelles<\/a> observ\u00e9es avec d\u2019autres navires russes.<\/p>\n<p>Christoph Plo\u00df, coordinateur maritime du gouvernement allemand, a fait part de ses inqui\u00e9tudes concernant les menaces venant de Russie, soulignant l\u2019importance de la <a href=\"https:\/\/armees.com\/la-suede-lance-une-enquete-pour-sabotage-apres-quun-autre-cable-de-donnees-a-ete-endommage-en-mer-baltique\/\" rel=\"noopener noreferrer nofollow\" target=\"_blank\">s\u00e9curit\u00e9 des infrastructures<\/a>.<\/p>\n<p>Pour demain<\/p>\n<p>Cet \u00e9pisode rappelle qu\u2019il faut rester sur ses gardes dans les eaux strat\u00e9giques europ\u00e9ennes. Parmi les mesures envisag\u00e9es, le gouvernement f\u00e9d\u00e9ral allemand pr\u00e9voit d\u2019investir dans la cybers\u00e9curit\u00e9 et de remettre en \u00e9tat des infrastructures comme les ponts pour chars, afin de mieux se d\u00e9fendre contre toute tentative malveillante.<\/p>\n","protected":false},"excerpt":{"rendered":"Un incident en mer qui sort de l\u2019ordinaire vient d\u2019attirer l\u2019attention dans la Baltique. Une fr\u00e9gate allemande, la&hellip;\n","protected":false},"author":2,"featured_media":253351,"comment_status":"","ping_status":"","sticky":false,"template":"","format":"standard","meta":{"footnotes":""},"categories":[1591],"tags":[11,1887,12,1885,1886,132],"class_list":{"0":"post-253350","1":"post","2":"type-post","3":"status-publish","4":"format-standard","5":"has-post-thumbnail","7":"category-russie","8":"tag-actualites","9":"tag-federation-de-russie","10":"tag-news","11":"tag-russia","12":"tag-russian-federation","13":"tag-russie"},"share_on_mastodon":{"url":"https:\/\/pubeurope.com\/@fr\/114867422046272529","error":""},"_links":{"self":[{"href":"https:\/\/www.europesays.com\/fr\/wp-json\/wp\/v2\/posts\/253350","targetHints":{"allow":["GET"]}}],"collection":[{"href":"https:\/\/www.europesays.com\/fr\/wp-json\/wp\/v2\/posts"}],"about":[{"href":"https:\/\/www.europesays.com\/fr\/wp-json\/wp\/v2\/types\/post"}],"author":[{"embeddable":true,"href":"https:\/\/www.europesays.com\/fr\/wp-json\/wp\/v2\/users\/2"}],"replies":[{"embeddable":true,"href":"https:\/\/www.europesays.com\/fr\/wp-json\/wp\/v2\/comments?post=253350"}],"version-history":[{"count":0,"href":"https:\/\/www.europesays.com\/fr\/wp-json\/wp\/v2\/posts\/253350\/revisions"}],"wp:featuredmedia":[{"embeddable":true,"href":"https:\/\/www.europesays.com\/fr\/wp-json\/wp\/v2\/media\/253351"}],"wp:attachment":[{"href":"https:\/\/www.europesays.com\/fr\/wp-json\/wp\/v2\/media?parent=253350"}],"wp:term":[{"taxonomy":"category","embeddable":true,"href":"https:\/\/www.europesays.com\/fr\/wp-json\/wp\/v2\/categories?post=253350"},{"taxonomy":"post_tag","embeddable":true,"href":"https:\/\/www.europesays.com\/fr\/wp-json\/wp\/v2\/tags?post=253350"}],"curies":[{"name":"wp","href":"https:\/\/api.w.org\/{rel}","templated":true}]}}