{"id":253354,"date":"2025-07-17T07:36:14","date_gmt":"2025-07-17T07:36:14","guid":{"rendered":"https:\/\/www.europesays.com\/fr\/253354\/"},"modified":"2025-07-17T07:36:14","modified_gmt":"2025-07-17T07:36:14","slug":"les-etats-unis-apprecient-la-cooperation-du-vietnam-dans-la-recherche-des-soldats-mia","status":"publish","type":"post","link":"https:\/\/www.europesays.com\/fr\/253354\/","title":{"rendered":"Les \u00c9tats-Unis appr\u00e9cient la coop\u00e9ration du Vietnam dans la recherche des soldats MIA"},"content":{"rendered":"<p>&#13;<br \/>\n                        Les \u00c9tats-Unis appr\u00e9cient la coop\u00e9ration du Vietnam dans la recherche des soldats MIA&#13;\n                    <\/p>\n<p style=\"text-align:\">Kelly McKeague, directrice de la D\u00e9fense POW\/MIA Accounting Agency (DPAA), a publi\u00e9 un article dans le Washington Times, soulignant la coop\u00e9ration et le soutien du gouvernement et du peuple vietnamiens dans l\u2019effort humanitaire de recherche des militaires am\u00e9ricains disparus pendant la guerre.<\/p>\n<p><a href=\"https:\/\/lecourrier.vn\/des-restes-des-soldats-americains-portes-disparus-au-vietnam-rapatries\/1265517.html\" title=\"Des restes des soldats am\u00e9ricains port\u00e9s disparus au Vietnam rapatri\u00e9s\" rel=\"nofollow noopener\" target=\"_blank\">&gt;&gt; Des restes des soldats am\u00e9ricains port\u00e9s disparus au Vietnam rapatri\u00e9s<\/a><\/p>\n<p><a href=\"https:\/\/lecourrier.vn\/comment-la-recherche-des-portes-disparus-est-devenue-le-socle-des-relations-bilaterales\/1286762.html\" title=\"Comment la recherche des port\u00e9s disparus est devenue le socle des relations bilat\u00e9rales\" rel=\"nofollow noopener\" target=\"_blank\">&gt;&gt; Comment la recherche des port\u00e9s disparus est devenue le socle des relations bilat\u00e9rales<\/a><\/p>\n<tr>\n<td class=\"pic\"><img decoding=\"async\" class=\"lazyload\" src=\"https:\/\/www.europesays.com\/fr\/wp-content\/uploads\/2025\/07\/113309-vna_potal_my_danh_gia_cao_hop_tac_cua_viet_nam_trong_no_luc_nhan_dao_tim_kiem_quan_nhan_mat_t.jpeg\" alt=\"\"\/><\/td>\n<\/tr>\n<tr>\n<td class=\"caption\">Kelly McKeague (1er, \u00e0 gauche), directeur de la DPAA, pose pour une photo avec l\u2019ambassadeur du Vietnam aux \u00c9tats-Unis, Nguy\u00ean Qu\u00f4c Dung (2e, \u00e0 droite), lors d\u2019une c\u00e9r\u00e9monie de remise de comm\u00e9morations de guerre \u00e0 Washington, le 15 juillet.\u00a0<\/td>\n<\/tr>\n<tr align=\"right\">\n<td class=\"author\">Photo : VNA\/CVN<\/td>\n<\/tr>\n<p style=\"text-align:left\">Les \u00c9tats-Unis restent fermement d\u00e9termin\u00e9s \u00e0 fournir le compte rendu le plus complet possible des soldats disparus au cours des 40 derni\u00e8res ann\u00e9es, a d\u00e9clar\u00e9 McKeague, affirmant que cet effort humanitaire a \u00e9t\u00e9 maintenu gr\u00e2ce \u00e0 la coop\u00e9ration de longue date du gouvernement vietnamien.<\/p>\n<p style=\"text-align:left\">\u00ab\u00a0Cette collaboration a d\u00e9but\u00e9 une d\u00e9cennie avant le r\u00e9tablissement des relations diplomatiques officielles et reste un \u00e9l\u00e9ment fondamental du partenariat solide que les deux pays ont forg\u00e9 aujourd\u2019hui\u00a0\u00bb, a-t-il d\u00e9clar\u00e9.<\/p>\n<p style=\"text-align:left\">Il a soulign\u00e9 que gr\u00e2ce \u00e0 cette coop\u00e9ration durable et essentielle, les \u00c9tats-Unis ont pu retrouver 752 Am\u00e9ricains disparus au Vietnam pendant la guerre, rapatriant leurs d\u00e9pouilles aupr\u00e8s de leurs familles, apportant ainsi des r\u00e9ponses longtemps attendues et un semblant de r\u00e9conciliation.<\/p>\n<p style=\"text-align:left\">Pour les 1.157 Am\u00e9ricains que l\u2019on estime pouvoir retrouver au Vietnam, les \u00c9tats-Unis sont en mesure d\u2019assumer leur responsabilit\u00e9 morale de les retrouver gr\u00e2ce aux recherches d\u2019archives, aux enqu\u00eates de terrain et aux fouilles men\u00e9es conjointement avec le Vietnam, a affirm\u00e9 l\u2019officier.<\/p>\n<p style=\"text-align:left\">Selon McKeague, la DPAA a d\u00e9ploy\u00e9 plus de 97 \u00e9quipes d\u2019enqu\u00eate et 167 \u00e9quipes de r\u00e9cup\u00e9ration au Vietnam pour collaborer avec son partenaire vietnamien depuis 2015. M\u00eame pendant les restrictions de voyage de 2020-2021 dues \u00e0 la pand\u00e9mie de COVID-19, le Vietnam a men\u00e9 30 enqu\u00eates et r\u00e9cup\u00e9rations ind\u00e9pendantes.<\/p>\n<tr>\n<td class=\"pic\"><img decoding=\"async\" class=\"lazyload\" src=\"https:\/\/www.europesays.com\/fr\/wp-content\/uploads\/2025\/07\/113425-mia.jpg\" alt=\"\"\/><\/td>\n<\/tr>\n<tr>\n<td class=\"caption\">Le Vietnam et les \u00c9tats-Unis ont organis\u00e9 le 19 avril la 169e c\u00e9r\u00e9monie de rapatriement \u00e0 D\u00e0 Nang (Centre) des restes de soldats am\u00e9ricains port\u00e9s disparus pendant la guerre du Vietnam.\u00a0<\/td>\n<\/tr>\n<tr align=\"right\">\n<td class=\"author\">Photo : MAE\/CVN<\/td>\n<\/tr>\n<p style=\"text-align:left\">Le financement n\u00e9cessaire \u00e0 cette noble mission couvre le soutien a\u00e9rien pour acc\u00e9der aux zones recul\u00e9es, la construction de camps de base sur ces sites, des ratissages approfondis pour d\u00e9tecter les munitions non explos\u00e9es, le recrutement d\u2019une main-d\u2019\u0153uvre locale suffisamment nombreuse pour effectuer des fouilles efficaces sur le site, la restauration des terres et l\u2019achat d\u2019\u00e9quipements d\u2019excavation sp\u00e9cialis\u00e9s pour les sites complexes.<\/p>\n<p style=\"text-align:left\">Au cours des dix derni\u00e8res ann\u00e9es, la collaboration am\u00e9ricano-vietnamienne a permis d\u2019identifier 35 personnes disparues : 19 issues de missions conjointes sur le terrain, une d\u2019une mission partenaire am\u00e9ricaine et 15 de sources vietnamiennes.<\/p>\n<p style=\"text-align:left\">\u00ab\u00a0Ces personnes et les nombreuses personnes port\u00e9es disparues ne sont pas que des chiffres et leur sacrifice supr\u00eame ne peut \u00eatre mon\u00e9tis\u00e9, a-t-il d\u00e9clar\u00e9.<\/p>\n<p style=\"text-align:left\">En cons\u00e9quence, il est de l\u2019obligation solennelle et sacr\u00e9e des \u00c9tats-Unis de soutenir les efforts extraordinaires d\u00e9ploy\u00e9s pour les rechercher, les r\u00e9cup\u00e9rer et les identifier, la plupart de ces efforts \u00e9tant r\u00e9alis\u00e9s gr\u00e2ce au soutien du gouvernement vietnamien et de son peuple, a-t-il indiqu\u00e9.<\/p>\n<p style=\"text-align:right\"><b> VNA\/CVN<\/b><\/p>\n","protected":false},"excerpt":{"rendered":"&#13; Les \u00c9tats-Unis appr\u00e9cient la coop\u00e9ration du Vietnam dans la recherche des soldats MIA&#13; Kelly McKeague, directrice de&hellip;\n","protected":false},"author":2,"featured_media":253355,"comment_status":"","ping_status":"","sticky":false,"template":"","format":"standard","meta":{"footnotes":""},"categories":[1589],"tags":[11,10463,73,1866,39379,39378,12,1864,1865,1863,308,951],"class_list":{"0":"post-253354","1":"post","2":"type-post","3":"status-publish","4":"format-standard","5":"has-post-thumbnail","7":"category-etats-unis","8":"tag-actualites","9":"tag-cooperation","10":"tag-etats-unis","11":"tag-etats-unis-damerique","12":"tag-mckeague","13":"tag-mia","14":"tag-news","15":"tag-united-states","16":"tag-united-states-of-america","17":"tag-us","18":"tag-usa","19":"tag-vietnam"},"share_on_mastodon":{"url":"https:\/\/pubeurope.com\/@fr\/114867430027770321","error":""},"_links":{"self":[{"href":"https:\/\/www.europesays.com\/fr\/wp-json\/wp\/v2\/posts\/253354","targetHints":{"allow":["GET"]}}],"collection":[{"href":"https:\/\/www.europesays.com\/fr\/wp-json\/wp\/v2\/posts"}],"about":[{"href":"https:\/\/www.europesays.com\/fr\/wp-json\/wp\/v2\/types\/post"}],"author":[{"embeddable":true,"href":"https:\/\/www.europesays.com\/fr\/wp-json\/wp\/v2\/users\/2"}],"replies":[{"embeddable":true,"href":"https:\/\/www.europesays.com\/fr\/wp-json\/wp\/v2\/comments?post=253354"}],"version-history":[{"count":0,"href":"https:\/\/www.europesays.com\/fr\/wp-json\/wp\/v2\/posts\/253354\/revisions"}],"wp:featuredmedia":[{"embeddable":true,"href":"https:\/\/www.europesays.com\/fr\/wp-json\/wp\/v2\/media\/253355"}],"wp:attachment":[{"href":"https:\/\/www.europesays.com\/fr\/wp-json\/wp\/v2\/media?parent=253354"}],"wp:term":[{"taxonomy":"category","embeddable":true,"href":"https:\/\/www.europesays.com\/fr\/wp-json\/wp\/v2\/categories?post=253354"},{"taxonomy":"post_tag","embeddable":true,"href":"https:\/\/www.europesays.com\/fr\/wp-json\/wp\/v2\/tags?post=253354"}],"curies":[{"name":"wp","href":"https:\/\/api.w.org\/{rel}","templated":true}]}}