{"id":253356,"date":"2025-07-17T07:37:13","date_gmt":"2025-07-17T07:37:13","guid":{"rendered":"https:\/\/www.europesays.com\/fr\/253356\/"},"modified":"2025-07-17T07:37:13","modified_gmt":"2025-07-17T07:37:13","slug":"le-ralentissement-de-la-croissance-des-salaires-au-royaume-uni-saccompagne-dune-baisse-moderee-du-nombre-demployes","status":"publish","type":"post","link":"https:\/\/www.europesays.com\/fr\/253356\/","title":{"rendered":"Le ralentissement de la croissance des salaires au Royaume-Uni s&rsquo;accompagne d&rsquo;une baisse mod\u00e9r\u00e9e du nombre d&#8217;employ\u00e9s"},"content":{"rendered":"<p>La croissance annuelle des salaires au Royaume-Uni, hors primes, a l\u00e9g\u00e8rement d\u00e9pass\u00e9 les attentes pour atteindre 5,0\u00a0% sur les trois mois se terminant en mai, selon les chiffres officiels publi\u00e9s jeudi. Parall\u00e8lement, la forte baisse initialement annonc\u00e9e du nombre d&#8217;employ\u00e9s s&rsquo;est r\u00e9v\u00e9l\u00e9e bien moins importante qu&rsquo;estim\u00e9e.<\/p>\n<p>Dans l&rsquo;ensemble, ces donn\u00e9es sugg\u00e8rent que le march\u00e9 du travail britannique se refroidit, mais peut-\u00eatre moins rapidement que ne l&rsquo;avait anticip\u00e9 la Banque d&rsquo;Angleterre.<\/p>\n<p>Les \u00e9conomistes interrog\u00e9s par Reuters tablaient en moyenne sur un ralentissement de la croissance des salaires r\u00e9guliers \u00e0 4,9\u00a0%, contre un taux de 5,2\u00a0% initialement rapport\u00e9 pour la p\u00e9riode de trois mois se terminant fin avril.<\/p>\n<p>Le chiffre d&rsquo;avril pour la croissance des salaires a \u00e9t\u00e9 l\u00e9g\u00e8rement r\u00e9vis\u00e9 \u00e0 la hausse, \u00e0 5,3\u00a0%, tandis que l&rsquo;estimation provisoire d&rsquo;une baisse de 109\u00a0000 employ\u00e9s en mai &#8212; la plus forte depuis la pand\u00e9mie &#8212; a \u00e9t\u00e9 fortement revue \u00e0 la baisse, \u00e0 seulement 25\u00a0000.<\/p>\n<p>La baisse du nombre d&#8217;employ\u00e9s en juin a \u00e9t\u00e9 provisoirement estim\u00e9e \u00e0 41\u00a0000. Les chiffres publi\u00e9s par l&rsquo;Office for National Statistics sont issus des donn\u00e9es de l&rsquo;administration fiscale.<\/p>\n<p>La Banque d&rsquo;Angleterre surveille de pr\u00e8s l&rsquo;\u00e9volution des salaires et du nombre d&#8217;employ\u00e9s afin d&rsquo;\u00e9valuer la persistance des pressions inflationnistes domestiques, d&rsquo;autant plus que les donn\u00e9es publi\u00e9es mercredi ont r\u00e9v\u00e9l\u00e9 une inflation en juin \u00e0 3,6\u00a0%, son plus haut niveau depuis janvier 2024.<\/p>\n<p>La plupart des membres de la Banque d&rsquo;Angleterre consid\u00e8rent qu&rsquo;une croissance annuelle des salaires d&rsquo;environ 3\u00a0% est souhaitable pour maintenir l&rsquo;inflation des prix \u00e0 la consommation proche de l&rsquo;objectif de 2\u00a0% \u00e0 moyen terme.<\/p>\n<p>En mai, la Banque d&rsquo;Angleterre pr\u00e9voyait une croissance annuelle des salaires du secteur priv\u00e9, hors primes, de 5,2\u00a0% sur les trois mois jusqu&rsquo;en juin, ralentissant \u00e0 3,8\u00a0% au dernier trimestre de l&rsquo;ann\u00e9e.<\/p>\n<p>Les donn\u00e9es publi\u00e9es jeudi montrent que cette mesure de la croissance des salaires a ralenti \u00e0 4,9\u00a0% sur les trois mois se terminant en mai.<\/p>\n<p>Certains employeurs ont indiqu\u00e9 s&rsquo;attendre \u00e0 r\u00e9duire leurs recrutements en raison de la hausse du salaire minimum et des cotisations patronales \u00e0 la s\u00e9curit\u00e9 sociale entr\u00e9es en vigueur en avril, ainsi qu&rsquo;en raison d&rsquo;un durcissement pr\u00e9vu de la l\u00e9gislation du travail.<\/p>\n<p>La combinaison d&rsquo;une baisse du nombre d&rsquo;offres d&#8217;emploi et d&rsquo;un plus grand nombre de personnes \u00e0 la recherche d&rsquo;un emploi est l&rsquo;une des principales raisons pour lesquelles la Banque d&rsquo;Angleterre pr\u00e9voit de poursuivre la baisse progressive de ses taux d&rsquo;int\u00e9r\u00eat, en d\u00e9pit d&rsquo;une inflation sup\u00e9rieure \u00e0 la cible.<\/p>\n","protected":false},"excerpt":{"rendered":"La croissance annuelle des salaires au Royaume-Uni, hors primes, a l\u00e9g\u00e8rement d\u00e9pass\u00e9 les attentes pour atteindre 5,0\u00a0% sur&hellip;\n","protected":false},"author":2,"featured_media":253357,"comment_status":"","ping_status":"","sticky":false,"template":"","format":"standard","meta":{"footnotes":""},"categories":[1588],"tags":[11,340,1777,674,12,473,1853,1851,1850,1852],"class_list":{"0":"post-253356","1":"post","2":"type-post","3":"status-publish","4":"format-standard","5":"has-post-thumbnail","7":"category-royaume-uni","8":"tag-actualites","9":"tag-bourse","10":"tag-eu","11":"tag-europe","12":"tag-news","13":"tag-royaume-uni","14":"tag-royaume-uni-de-grande-bretagne-et-dirlande-du-nord","15":"tag-uk","16":"tag-united-kingdom","17":"tag-united-kingdom-of-great-britain-and-northern-ireland"},"share_on_mastodon":{"url":"https:\/\/pubeurope.com\/@fr\/114867433842713190","error":""},"_links":{"self":[{"href":"https:\/\/www.europesays.com\/fr\/wp-json\/wp\/v2\/posts\/253356","targetHints":{"allow":["GET"]}}],"collection":[{"href":"https:\/\/www.europesays.com\/fr\/wp-json\/wp\/v2\/posts"}],"about":[{"href":"https:\/\/www.europesays.com\/fr\/wp-json\/wp\/v2\/types\/post"}],"author":[{"embeddable":true,"href":"https:\/\/www.europesays.com\/fr\/wp-json\/wp\/v2\/users\/2"}],"replies":[{"embeddable":true,"href":"https:\/\/www.europesays.com\/fr\/wp-json\/wp\/v2\/comments?post=253356"}],"version-history":[{"count":0,"href":"https:\/\/www.europesays.com\/fr\/wp-json\/wp\/v2\/posts\/253356\/revisions"}],"wp:featuredmedia":[{"embeddable":true,"href":"https:\/\/www.europesays.com\/fr\/wp-json\/wp\/v2\/media\/253357"}],"wp:attachment":[{"href":"https:\/\/www.europesays.com\/fr\/wp-json\/wp\/v2\/media?parent=253356"}],"wp:term":[{"taxonomy":"category","embeddable":true,"href":"https:\/\/www.europesays.com\/fr\/wp-json\/wp\/v2\/categories?post=253356"},{"taxonomy":"post_tag","embeddable":true,"href":"https:\/\/www.europesays.com\/fr\/wp-json\/wp\/v2\/tags?post=253356"}],"curies":[{"name":"wp","href":"https:\/\/api.w.org\/{rel}","templated":true}]}}