{"id":253358,"date":"2025-07-17T07:38:10","date_gmt":"2025-07-17T07:38:10","guid":{"rendered":"https:\/\/www.europesays.com\/fr\/253358\/"},"modified":"2025-07-17T07:38:10","modified_gmt":"2025-07-17T07:38:10","slug":"lallemagne-va-contribuer-a-hauteur-de-10-millions-deuros-au-fonds-fiduciaire-de-la-banque-mondiale","status":"publish","type":"post","link":"https:\/\/www.europesays.com\/fr\/253358\/","title":{"rendered":"L&rsquo;Allemagne va contribuer \u00e0 hauteur de 10\u00a0millions d&rsquo;euros au fonds fiduciaire de la Banque mondiale"},"content":{"rendered":"<p>L&rsquo;Allemagne effectuera cette ann\u00e9e une contribution initiale de 10\u00a0millions d&rsquo;euros (11,59\u00a0millions de dollars) au fonds fiduciaire de la Banque mondiale, avec le soutien de l&rsquo;initiative Compact with Africa, a d\u00e9clar\u00e9 jeudi le ministre allemand des Finances, Lars Klingbeil.<\/p>\n<p>\u00ab\u00a0Nous sommes convaincus qu&rsquo;il s&rsquo;agit d&rsquo;un investissement judicieux et nous serions tr\u00e8s heureux de voir d&rsquo;autres membres du G20 nous rejoindre\u00a0\u00bb, a-t-il affirm\u00e9 \u00e0 Durban, en Afrique du Sud.<\/p>\n<p>La r\u00e9union de Durban, qui rassemble jeudi et vendredi les responsables financiers, se d\u00e9roule dans un contexte de pressions \u00e9conomiques croissantes, notamment pour les \u00e9conomies africaines.<\/p>\n<p>(1\u00a0dollar = 0,8631\u00a0euros)<\/p>\n","protected":false},"excerpt":{"rendered":"L&rsquo;Allemagne effectuera cette ann\u00e9e une contribution initiale de 10\u00a0millions d&rsquo;euros (11,59\u00a0millions de dollars) au fonds fiduciaire de la&hellip;\n","protected":false},"author":2,"featured_media":253359,"comment_status":"","ping_status":"","sticky":false,"template":"","format":"standard","meta":{"footnotes":""},"categories":[1587],"tags":[11,672,340,1804,1805,1803,1777,674,1801,12,1802],"class_list":{"0":"post-253358","1":"post","2":"type-post","3":"status-publish","4":"format-standard","5":"has-post-thumbnail","7":"category-allemagne","8":"tag-actualites","9":"tag-allemagne","10":"tag-bourse","11":"tag-bundesrepublik-deutschland","12":"tag-de","13":"tag-deutschland","14":"tag-eu","15":"tag-europe","16":"tag-germany","17":"tag-news","18":"tag-republique-federale-dallemagne"},"share_on_mastodon":{"url":"https:\/\/pubeurope.com\/@fr\/114867438171524426","error":""},"_links":{"self":[{"href":"https:\/\/www.europesays.com\/fr\/wp-json\/wp\/v2\/posts\/253358","targetHints":{"allow":["GET"]}}],"collection":[{"href":"https:\/\/www.europesays.com\/fr\/wp-json\/wp\/v2\/posts"}],"about":[{"href":"https:\/\/www.europesays.com\/fr\/wp-json\/wp\/v2\/types\/post"}],"author":[{"embeddable":true,"href":"https:\/\/www.europesays.com\/fr\/wp-json\/wp\/v2\/users\/2"}],"replies":[{"embeddable":true,"href":"https:\/\/www.europesays.com\/fr\/wp-json\/wp\/v2\/comments?post=253358"}],"version-history":[{"count":0,"href":"https:\/\/www.europesays.com\/fr\/wp-json\/wp\/v2\/posts\/253358\/revisions"}],"wp:featuredmedia":[{"embeddable":true,"href":"https:\/\/www.europesays.com\/fr\/wp-json\/wp\/v2\/media\/253359"}],"wp:attachment":[{"href":"https:\/\/www.europesays.com\/fr\/wp-json\/wp\/v2\/media?parent=253358"}],"wp:term":[{"taxonomy":"category","embeddable":true,"href":"https:\/\/www.europesays.com\/fr\/wp-json\/wp\/v2\/categories?post=253358"},{"taxonomy":"post_tag","embeddable":true,"href":"https:\/\/www.europesays.com\/fr\/wp-json\/wp\/v2\/tags?post=253358"}],"curies":[{"name":"wp","href":"https:\/\/api.w.org\/{rel}","templated":true}]}}