{"id":253360,"date":"2025-07-17T07:39:11","date_gmt":"2025-07-17T07:39:11","guid":{"rendered":"https:\/\/www.europesays.com\/fr\/253360\/"},"modified":"2025-07-17T07:39:11","modified_gmt":"2025-07-17T07:39:11","slug":"chronique-dun-echec-annonce-par-cecile-maisonneuve-lexpress","status":"publish","type":"post","link":"https:\/\/www.europesays.com\/fr\/253360\/","title":{"rendered":"chronique d\u2019un \u00e9chec annonc\u00e9, par C\u00e9cile Maisonneuve \u2013 L&rsquo;Express"},"content":{"rendered":"<p class=\"paragraph article-body-paragraph article__item   article-body-paragraph--first \">Le sommet UE-Chine du 24 juillet s\u2019annonce d\u00e9j\u00e0 comme un rendez-vous manqu\u00e9. Tandis que l\u2019attention europ\u00e9enne se cristallise obsessionnellement sur les fluctuations trumpiennes et leurs r\u00e9percussions transatlantiques, une r\u00e9alit\u00e9 strat\u00e9gique tout aussi d\u00e9terminante s\u2019impose : la relation sino-europ\u00e9enne est en crise. L\u2019enjeu est majeur car, si l\u2019impr\u00e9visibilit\u00e9 am\u00e9ricaine concerne la croissance \u00e0 court et moyen terme du Vieux Continent, la question chinoise touche aux fondements m\u00eames de la souverainet\u00e9 industrielle europ\u00e9enne. Comment concevoir une autonomie \u00e9nerg\u00e9tique durable quand P\u00e9kin contr\u00f4le 70 % de la production mondiale des <a href=\"https:\/\/www.lexpress.fr\/environnement\/terres-rares-le-dysprosium-la-carte-invisible-de-la-chine-dans-la-guerre-commerciale-C3WSDSFFLNEJ7JOXUAXHVUDGEU\/\" target=\"_self\" rel=\"noopener\" title=\"https:\/\/www.lexpress.fr\/environnement\/terres-rares-le-dysprosium-la-carte-invisible-de-la-chine-dans-la-guerre-commerciale-C3WSDSFFLNEJ7JOXUAXHVUDGEU\/\">mat\u00e9riaux critiques<\/a> ? Comment pr\u00e9tendre \u00e0 une d\u00e9carbonation souveraine tout en demeurant tributaire des cha\u00eenes d\u2019approvisionnement chinoises pour les technologies propres ? <\/p>\n<p class=\"paragraph article-body-paragraph article__item   \">L\u2019Institut Montaigne, dans son r\u00e9cent rapport sur les d\u00e9pendances strat\u00e9giques europ\u00e9ennes aux cleantech chinois, dresse un constat sans appel sur la subordination technologique de l\u2019Europe \u00e0 la Chine. Quelques chiffres : 97 % des panneaux solaires import\u00e9s par l\u2019UE proviennent de Chine, 43,8 % des <a href=\"https:\/\/www.lexpress.fr\/economie\/catl-ce-geant-discret-des-batteries-electriques-chinois-dont-le-monde-entier-depend-NYHUD2TKJNE7XLHLAK7KVT3RRA\/\" target=\"_self\" rel=\"noopener\" title=\"https:\/\/www.lexpress.fr\/economie\/catl-ce-geant-discret-des-batteries-electriques-chinois-dont-le-monde-entier-depend-NYHUD2TKJNE7XLHLAK7KVT3RRA\/\">batteries de v\u00e9hicules \u00e9lectriques<\/a> suivent la m\u00eame route.<\/p>\n<p><strong class=\"article-body-link-list__item text-gray-800 article-body-link-list__item--one-item\">LIRE AUSSI : <a class=\"article-body-link-list__item-link\" href=\"https:\/\/www.lexpress.fr\/economie\/high-tech\/droits-de-douane-lunion-europeenne-ne-doit-pas-accepter-un-accord-manifestement-asymetrique-WO65XZGJNBDGVFPCBFBAMWN3IE\/\" target=\"_blank\" rel=\"noreferrer noopener\">Droits de douane : \u00ab\u00a0L\u2019Union europ\u00e9enne ne doit pas accepter un accord manifestement asym\u00e9trique\u00a0\u00bb<\/a><\/strong>Fuite en avant \u00e9conomique<\/p>\n<p class=\"paragraph article-body-paragraph article__item   \">Le sommet de juillet concentre ces <a href=\"https:\/\/www.lexpress.fr\/economie\/industrie-verte-face-a-la-chine-le-choix-cornelien-de-leurope-KWYTZMTF55ARHGGDXFTXL3AEIE\/\" target=\"_self\" rel=\"noopener\" title=\"https:\/\/www.lexpress.fr\/economie\/industrie-verte-face-a-la-chine-le-choix-cornelien-de-leurope-KWYTZMTF55ARHGGDXFTXL3AEIE\/\">contradictions<\/a>. D\u2019un c\u00f4t\u00e9, une Union europ\u00e9enne accul\u00e9e \u00e0 la fois par ses ambitions climatiques et ses imp\u00e9ratifs de souverainet\u00e9 industrielle. De l\u2019autre, une Chine engag\u00e9e dans une fuite en avant \u00e9conomique o\u00f9 les surcapacit\u00e9s industrielles massives \u2013 1,065 milliard de tonnes d\u2019acier, 861 GW de capacit\u00e9 solaire \u2013 menacent de submerger les march\u00e9s mondiaux tout en servant de levier g\u00e9opolitique. La d\u00e9fense europ\u00e9enne de tarifs douaniers sur les v\u00e9hicules \u00e9lectriques chinois (37,6 %) illustre parfaitement cette impasse strat\u00e9gique. Ces mesures, n\u00e9cessaires pour prot\u00e9ger l\u2019industrie europ\u00e9enne naissante, arrivent avec un retard consid\u00e9rable face \u00e0 un adversaire qui a m\u00e9thodiquement construit sa domination depuis deux d\u00e9cennies. Mais elles risquent de provoquer des repr\u00e9sailles chinoises sur l\u2019acc\u00e8s aux terres rares, plongeant l\u2019Europe dans un dilemme corn\u00e9lien entre protection industrielle et s\u00e9curit\u00e9 d\u2019approvisionnement.<\/p>\n<p class=\"paragraph article-body-paragraph article__item   \">L\u2019effondrement du <a href=\"https:\/\/www.lexpress.fr\/economie\/politique-economique\/immobilier-en-chine-il-y-a-encore-beaucoup-de-cadavres-dans-les-placards-NYNKF56WXVFTPPAML6TCSXUSEA\/\" target=\"_self\" rel=\"noopener\" title=\"https:\/\/www.lexpress.fr\/economie\/politique-economique\/immobilier-en-chine-il-y-a-encore-beaucoup-de-cadavres-dans-les-placards-NYNKF56WXVFTPPAML6TCSXUSEA\/\">mod\u00e8le \u00e9conomique chinois<\/a> ajoute une dimension d\u2019incertitude g\u00e9opolitique majeure. La d\u00e9flation persistante, l\u2019endettement colossal du secteur immobilier et la spirale des surcapacit\u00e9s r\u00e9v\u00e8lent un r\u00e9gime aux abois, contraint de maintenir sa l\u00e9gitimit\u00e9 par l\u2019exportation de ses d\u00e9s\u00e9quilibres internes. Cette fuite en avant \u00e9conomique transforme chaque n\u00e9gociation commerciale en enjeu existentiel pour le Parti communiste chinois.<\/p>\n<p>La lecture lucide de l\u2019Allemagne<\/p>\n<p class=\"paragraph article-body-paragraph article__item   \">Dans cette configuration explosive o\u00f9 se joue, de chaque c\u00f4t\u00e9, une question de survie, industrielle et politique, l\u2019<a href=\"https:\/\/www.lexpress.fr\/economie\/dette-allemande-si-les-regles-navaient-pas-ete-modifiees-une-cure-dausterite-massive-etait-imminente-SMUXYCHF3JGCPOJBIGBQSBITTI\/\" target=\"_self\" rel=\"noopener\" title=\"https:\/\/www.lexpress.fr\/economie\/dette-allemande-si-les-regles-navaient-pas-ete-modifiees-une-cure-dausterite-massive-etait-imminente-SMUXYCHF3JGCPOJBIGBQSBITTI\/\">Allemagne<\/a> d\u00e9tient les cl\u00e9s de l\u2019\u00e9quation europ\u00e9enne. Berlin se trouve confront\u00e9 \u00e0 un arbitrage historique entre ses int\u00e9r\u00eats \u00e9conomiques imm\u00e9diats avec la Chine \u2013 246 milliards d\u2019euros d\u2019\u00e9changes, 40 % des revenus de Volkswagen \u2013 et sa s\u00e9curit\u00e9 strat\u00e9gique \u00e0 long terme. Les r\u00e9centes d\u00e9clarations du chancelier <a href=\"https:\/\/www.lexpress.fr\/monde\/europe\/il-peut-dire-non-a-donald-trump-friedrich-merz-lanti-merkel-qui-se-reve-en-leader-de-leurope-DUS3J2YPHZGKTI5TATTSU3PL6E\/\" target=\"_self\" rel=\"noopener\" title=\"https:\/\/www.lexpress.fr\/monde\/europe\/il-peut-dire-non-a-donald-trump-friedrich-merz-lanti-merkel-qui-se-reve-en-leader-de-leurope-DUS3J2YPHZGKTI5TATTSU3PL6E\/\">Friedrich Merz<\/a> sur le \u00ab\u00a0d\u00e9risquage\u00a0\u00bb et la \u00ab\u00a0r\u00e9ciprocit\u00e9 commerciale\u00a0\u00bb traduisent cette tension fondamentale. Paradoxalement, l\u2019impr\u00e9visibilit\u00e9 assum\u00e9e de Trump offre une lisibilit\u00e9 strat\u00e9gique sup\u00e9rieure \u00e0 l\u2019opacit\u00e9 chinoise. Les tarifs am\u00e9ricains, bien qu\u2019\u00e9lev\u00e9s, demeurent n\u00e9gociables et temporaires. A l\u2019inverse, la trajectoire chinoise soul\u00e8ve une interrogation existentielle : o\u00f9 m\u00e8ne un r\u00e9gime dont la survie politique d\u00e9pend d\u2019un mod\u00e8le \u00e9conomique en d\u00e9composition ?<\/p>\n<p class=\"paragraph article-body-paragraph article__item   \">L\u2019Allemagne a d\u2019ores et d\u00e9j\u00e0 tranch\u00e9 : maintenir l\u2019arrimage transatlantique dont elle a besoin aussi longtemps que le syst\u00e8me industriel n\u2019est pas parvenu \u00e0 monter en puissance pour subvenir aux besoins militaires de l\u2019Ukraine et ne plus subir le chantage am\u00e9ricain sur ce point. Forte de ses capacit\u00e9s d\u2019investissement, l\u2019Allemagne a besoin de quatre \u00e0 cinq ans pour atteindre cet objectif. Cette strat\u00e9gie refl\u00e8te une lecture lucide des rapports de force.<\/p>\n<p><strong class=\"article-body-link-list__item text-gray-800 article-body-link-list__item--one-item\">LIRE AUSSI : <a class=\"article-body-link-list__item-link\" href=\"https:\/\/www.lexpress.fr\/economie\/politique-economique\/leurope-a-une-occasion-unique-de-retrouver-son-influence-le-regard-optimiste-du-patron-de-standard-WEVLXFTSIRHS5N5KKMWPOJYHAM\/\" target=\"_blank\" rel=\"noreferrer noopener\">\u00ab\u00a0L&rsquo;Europe a une occasion unique de retrouver son influence\u00a0\u00bb : le regard optimiste du patron de Standard Chartered<\/a><\/strong><\/p>\n<p class=\"paragraph article-body-paragraph article__item    article__text__endpicto\">L\u2019heure est donc \u00e0 la construction d\u2019un rapport de force intelligent. Un rapport de force o\u00f9 l\u2019Europe doit copier ce que la Chine a pratiqu\u00e9 pendant des d\u00e9cennies : faire son march\u00e9. Elle a beaucoup \u00e0 apprendre du syst\u00e8me industriel chinois, par exemple dans les batteries. Conditionnons, pour commencer, l\u2019acc\u00e8s au march\u00e9 europ\u00e9en au contenu local, \u00e0 des transferts de technologiques et \u00e0 des partenariats dans le domaine de formation et de la propri\u00e9t\u00e9 intellectuelle. Un mot allemand d\u00e9finit parfaitement cette strat\u00e9gie : \u00ab\u00a0Realpolitik\u00a0\u00bb.<\/p>\n<p>.<\/p>\n","protected":false},"excerpt":{"rendered":"Le sommet UE-Chine du 24 juillet s\u2019annonce d\u00e9j\u00e0 comme un rendez-vous manqu\u00e9. Tandis que l\u2019attention europ\u00e9enne se cristallise&hellip;\n","protected":false},"author":2,"featured_media":253361,"comment_status":"","ping_status":"","sticky":false,"template":"","format":"standard","meta":{"footnotes":""},"categories":[1586],"tags":[11,10696,33,1777,674,1011,27,12,9130,25],"class_list":{"0":"post-253360","1":"post","2":"type-post","3":"status-publish","4":"format-standard","5":"has-post-thumbnail","7":"category-europe","8":"tag-actualites","9":"tag-climat-et-transitions","10":"tag-economie","11":"tag-eu","12":"tag-europe","13":"tag-fr","14":"tag-france","15":"tag-news","16":"tag-politique-economique","17":"tag-republique-francaise"},"share_on_mastodon":{"url":"https:\/\/pubeurope.com\/@fr\/114867441796858191","error":""},"_links":{"self":[{"href":"https:\/\/www.europesays.com\/fr\/wp-json\/wp\/v2\/posts\/253360","targetHints":{"allow":["GET"]}}],"collection":[{"href":"https:\/\/www.europesays.com\/fr\/wp-json\/wp\/v2\/posts"}],"about":[{"href":"https:\/\/www.europesays.com\/fr\/wp-json\/wp\/v2\/types\/post"}],"author":[{"embeddable":true,"href":"https:\/\/www.europesays.com\/fr\/wp-json\/wp\/v2\/users\/2"}],"replies":[{"embeddable":true,"href":"https:\/\/www.europesays.com\/fr\/wp-json\/wp\/v2\/comments?post=253360"}],"version-history":[{"count":0,"href":"https:\/\/www.europesays.com\/fr\/wp-json\/wp\/v2\/posts\/253360\/revisions"}],"wp:featuredmedia":[{"embeddable":true,"href":"https:\/\/www.europesays.com\/fr\/wp-json\/wp\/v2\/media\/253361"}],"wp:attachment":[{"href":"https:\/\/www.europesays.com\/fr\/wp-json\/wp\/v2\/media?parent=253360"}],"wp:term":[{"taxonomy":"category","embeddable":true,"href":"https:\/\/www.europesays.com\/fr\/wp-json\/wp\/v2\/categories?post=253360"},{"taxonomy":"post_tag","embeddable":true,"href":"https:\/\/www.europesays.com\/fr\/wp-json\/wp\/v2\/tags?post=253360"}],"curies":[{"name":"wp","href":"https:\/\/api.w.org\/{rel}","templated":true}]}}