{"id":253362,"date":"2025-07-17T07:40:10","date_gmt":"2025-07-17T07:40:10","guid":{"rendered":"https:\/\/www.europesays.com\/fr\/253362\/"},"modified":"2025-07-17T07:40:10","modified_gmt":"2025-07-17T07:40:10","slug":"presque-tous-les-jeunes-de-lue-utilisent-linternet-quotidiennement","status":"publish","type":"post","link":"https:\/\/www.europesays.com\/fr\/253362\/","title":{"rendered":"Presque tous les jeunes de l&rsquo;UE utilisent l&rsquo;internet quotidiennement"},"content":{"rendered":"<p>                    <img decoding=\"async\" style=\"aspect-ratio:16\/9\" src=\"https:\/\/www.europesays.com\/fr\/wp-content\/uploads\/2025\/07\/smartphone-berichtenapplicatie-1.jpg\" width=\"100%\" loading=\"eager\"\/><\/p>\n<p>                            <a href=\"https:\/\/fr.businessam.be\/author\/redactie\/\" class=\"author-thumbnail\" style=\"border: 2px inset #00000099;\" rel=\"nofollow noopener\" target=\"_blank\"><img loading=\"lazy\" decoding=\"async\" src=\"https:\/\/www.europesays.com\/fr\/wp-content\/uploads\/2025\/07\/1752738010_74_cropped-favicon-192x192.png\" width=\"80\" height=\"80\" alt=\"Business AM\"\/><\/a>\ue05bpar <a href=\"https:\/\/fr.businessam.be\/author\/redactie\/\" rel=\"nofollow noopener\" target=\"_blank\">Business AM<\/a><br \/>\ue010publi\u00e9 le jeudi 17 juillet 2025 \u00e0 09:00 \u2022 <br \/>\ue00c2 min de lecture<\/p>\n<p>Principaux renseingnements<\/p>\n<ul class=\"wp-block-list\">\n<li><strong>Les jeunes de l\u2019UE \u00e2g\u00e9s de 16 \u00e0 29 ans utilisent beaucoup plus l\u2019internet au quotidien (97 pour cent) que la population g\u00e9n\u00e9rale (88 pour cent).<\/strong><\/li>\n<li><strong>Cet \u00e9cart s\u2019est r\u00e9duit au fil du temps, passant d\u2019une diff\u00e9rence de 24 points de pourcentage en 2014.<\/strong><\/li>\n<li><strong>L\u2019utilisation des m\u00e9dias sociaux chez les jeunes Europ\u00e9ens est \u00e9galement plus \u00e9lev\u00e9e que dans la population g\u00e9n\u00e9rale, la R\u00e9publique tch\u00e8que arrivant en t\u00eate avec 99 pour cent.<\/strong><\/li>\n<\/ul>\n<p>Les jeunes de l\u2019Union europ\u00e9enne sont nettement plus susceptibles d\u2019utiliser l\u2019<a href=\"https:\/\/fr.businessam.be\/lage-et-le-handicap-influencent-lutilisation-de-linternet\/\" rel=\"nofollow noopener\" target=\"_blank\">internet<\/a> quotidiennement que la population g\u00e9n\u00e9rale. En 2024, <a href=\"https:\/\/ec.europa.eu\/eurostat\/web\/products-eurostat-news\/w\/edn-20250715-1\" target=\"_blank\" rel=\"noreferrer noopener nofollow\">97 pour cent<\/a> des personnes \u00e2g\u00e9es de 16 \u00e0 29 ans ont d\u00e9clar\u00e9 utiliser l\u2019internet tous les jours, un chiffre consid\u00e9rablement plus \u00e9lev\u00e9 que les 88 pour cent observ\u00e9s dans tous les groupes d\u2019\u00e2ge. Cette disparit\u00e9, bien qu\u2019importante, s\u2019est r\u00e9guli\u00e8rement r\u00e9duite au cours de la derni\u00e8re d\u00e9cennie. En 2014, l\u2019\u00e9cart entre l\u2019utilisation quotidienne de l\u2019internet par les jeunes (87 pour cent) et celle de la population totale (63 pour cent) \u00e9tait de 24 points de pourcentage.<\/p>\n<p>Utilisation d\u2019internet par les jeunes en Europe<\/p>\n<p>Cette tendance s\u2019\u00e9tend \u00e9galement aux activit\u00e9s de r\u00e9seautage social. La cr\u00e9ation de profils et la publication de messages sont monnaie courante pour 88 pour cent des jeunes r\u00e9sidents de l\u2019UE \u00e2g\u00e9s de 16 \u00e0 29 ans, contre seulement 65 pour cent de l\u2019ensemble de la population. <\/p>\n<p>La R\u00e9publique tch\u00e8que est en t\u00eate de la participation aux r\u00e9seaux sociaux dans cette tranche d\u2019\u00e2ge (99 pour cent), suivie de pr\u00e8s par Chypre et la Gr\u00e8ce (98 pour cent chacun). \u00c0 l\u2019inverse, la France (70 pour cent), l\u2019Italie (80 pour cent), l\u2019Allemagne, la Slovaquie et la Bulgarie (84 pour cent chacune) affichent les niveaux d\u2019engagement les plus faibles parmi les jeunes.<\/p>\n","protected":false},"excerpt":{"rendered":"\ue05bpar Business AM\ue010publi\u00e9 le jeudi 17 juillet 2025 \u00e0 09:00 \u2022 \ue00c2 min de lecture Principaux renseingnements Les&hellip;\n","protected":false},"author":2,"featured_media":203359,"comment_status":"","ping_status":"","sticky":false,"template":"","format":"standard","meta":{"footnotes":""},"categories":[1586],"tags":[11,1777,674,1779,1011,27,310,12,25,1778,364],"class_list":{"0":"post-253362","1":"post","2":"type-post","3":"status-publish","4":"format-standard","5":"has-post-thumbnail","7":"category-europe","8":"tag-actualites","9":"tag-eu","10":"tag-europe","11":"tag-european-union","12":"tag-fr","13":"tag-france","14":"tag-internet","15":"tag-news","16":"tag-republique-francaise","17":"tag-ue","18":"tag-union-europeenne"},"share_on_mastodon":{"url":"https:\/\/pubeurope.com\/@fr\/114867445777255350","error":""},"_links":{"self":[{"href":"https:\/\/www.europesays.com\/fr\/wp-json\/wp\/v2\/posts\/253362","targetHints":{"allow":["GET"]}}],"collection":[{"href":"https:\/\/www.europesays.com\/fr\/wp-json\/wp\/v2\/posts"}],"about":[{"href":"https:\/\/www.europesays.com\/fr\/wp-json\/wp\/v2\/types\/post"}],"author":[{"embeddable":true,"href":"https:\/\/www.europesays.com\/fr\/wp-json\/wp\/v2\/users\/2"}],"replies":[{"embeddable":true,"href":"https:\/\/www.europesays.com\/fr\/wp-json\/wp\/v2\/comments?post=253362"}],"version-history":[{"count":0,"href":"https:\/\/www.europesays.com\/fr\/wp-json\/wp\/v2\/posts\/253362\/revisions"}],"wp:featuredmedia":[{"embeddable":true,"href":"https:\/\/www.europesays.com\/fr\/wp-json\/wp\/v2\/media\/203359"}],"wp:attachment":[{"href":"https:\/\/www.europesays.com\/fr\/wp-json\/wp\/v2\/media?parent=253362"}],"wp:term":[{"taxonomy":"category","embeddable":true,"href":"https:\/\/www.europesays.com\/fr\/wp-json\/wp\/v2\/categories?post=253362"},{"taxonomy":"post_tag","embeddable":true,"href":"https:\/\/www.europesays.com\/fr\/wp-json\/wp\/v2\/tags?post=253362"}],"curies":[{"name":"wp","href":"https:\/\/api.w.org\/{rel}","templated":true}]}}