{"id":253363,"date":"2025-07-17T07:41:10","date_gmt":"2025-07-17T07:41:10","guid":{"rendered":"https:\/\/www.europesays.com\/fr\/253363\/"},"modified":"2025-07-17T07:41:10","modified_gmt":"2025-07-17T07:41:10","slug":"la-justice-francaise-ordonne-la-liberation-du-militant-propalestinien-georges-ibrahim-abdallah-le-25-juillet-prochain","status":"publish","type":"post","link":"https:\/\/www.europesays.com\/fr\/253363\/","title":{"rendered":"La justice fran\u00e7aise ordonne la lib\u00e9ration du militant propalestinien Georges Ibrahim Abdallah le 25 juillet prochain"},"content":{"rendered":"<p>\u00abC\u2019est \u00e0 la fois une victoire judiciaire et un scandale politique qu\u2019il ne soit pas sorti plus t\u00f4t, \u00e0 cause du comportement des Etats-Unis et de tous les pr\u00e9sidents fran\u00e7ais\u00bb successifs, a r\u00e9agi au sortir de la salle d\u2019audience son avocat, Me Jean-Louis Chalanset.<\/p>\n<p class=\"fig-paragraph\">Libre, apr\u00e8s plus de 40 ans dans les prisons fran\u00e7aises. La cour d\u2019appel de Paris a ordonn\u00e9 jeudi la remise en libert\u00e9 du Libanais\u00a0<a href=\"https:\/\/www.lefigaro.fr\/international\/2014\/10\/24\/01003-20141024ARTFIG00053-georges-ibrahim-abdallah-trente-ans-en-prison-en-france.php\" data-fig-type=\"Article\" data-gtm-custom-categorie=\"navigation\" data-gtm-custom-action=\"crossclick\" data-gtm-custom-label=\"Contextuel\" data-gtm-event=\"customEventSPE\" data-fig-domain=\"LEFIGARO\" target=\"_blank\" rel=\"noopener\">Georges Ibrahim Abdallah<\/a>, condamn\u00e9 en 1987 pour complicit\u00e9 d\u2019assassinats de diplomates am\u00e9ricain et isra\u00e9lien, et consid\u00e9r\u00e9 comme l\u2019un des plus anciens d\u00e9tenus du pays.<\/p>\n<p class=\"fig-paragraph\">La lib\u00e9ration interviendra le 25 juillet, a indiqu\u00e9 une source judiciaire \u00e0 la fin de l\u2019audience non publique au palais de Justice de Paris, en l\u2019absence de Georges Ibrahim Abdallah, incarc\u00e9r\u00e9 \u00e0 la prison de Lannemezan (<a href=\"http:\/\/www.lefigaro.fr\/politique\/lourdes-pic-du-midi-tour-de-france-emmanuel-macron-en-visite-officielle-mercredi-et-jeudi-dans-les-hautes-pyrenees-20250716\" data-fig-type=\"NewsFlash\" data-gtm-custom-categorie=\"navigation\" data-gtm-custom-action=\"crossclick\" data-gtm-custom-label=\"Contextuel\" data-gtm-event=\"customEventSPE\" data-fig-domain=\"LEFIGARO\" target=\"_blank\" rel=\"noopener\">Hautes-Pyr\u00e9n\u00e9es<\/a>).<\/p>\n<p>                                    <a class=\"fig-a11y-skip a11y-hidden\" href=\"#fig-a11y-skip-main-inarticle\"><br \/>\n        Passer la publicit\u00e9<br \/>\n    <\/a><\/p>\n<p class=\"fig-paragraph\">Cette lib\u00e9ration conditionnelle est soumise \u00e0 un param\u00e8tre: qu\u2019il quitte le territoire fran\u00e7ais et n\u2019y paraisse plus. \u00abC\u2019est \u00e0 la fois une victoire judiciaire et un scandale politique qu\u2019il ne soit pas sorti plus t\u00f4t, \u00e0 cause du comportement des \u00c9tats-Unis et de tous les pr\u00e9sidents fran\u00e7ais\u00bb successifs, a r\u00e9agi au sortir de la salle d\u2019audience son avocat, Me Jean-Louis Chalanset.<\/p>\n<p class=\"fig-body-link\">\n            \u00c0 lire aussi<br \/>\n        <a class=\"fig-body-link__link\" href=\"http:\/\/www.lefigaro.fr\/faits-divers\/qui-est-georges-ibrahim-abdallah-le-militant-propalestinien-qui-pourrait-sortir-de-prison-apres-plus-de-40-ans-ce-jeudi-20250717\" data-fig-type=\"NewsFlash\" data-gtm-custom-categorie=\"navigation\" data-gtm-custom-action=\"crossclick\" data-gtm-custom-label=\"Contextuel\" data-gtm-event=\"customEventSPE\" data-fig-domain=\"LEFIGARO\" target=\"_blank\" rel=\"noopener\">\u00abUn symbole pass\u00e9 de la lutte palestinienne\u00bb\u00a0: qui est Georges Ibrahim Abdallah, le militant qui va \u00eatre lib\u00e9r\u00e9 fin juillet apr\u00e8s plus de 40 ans de prison\u00a0?<br \/>\n    <\/a>\n<\/p>\n<p>Les d\u00e9tails de sa sortie ne sont pas encore connus<\/p>\n<p class=\"fig-paragraph\">Les \u00c9tats-Unis, parties civiles, se sont vigoureusement oppos\u00e9s \u00e0 chacune des demandes de lib\u00e9ration d\u00e9pos\u00e9es par Georges Abdallah. Incarc\u00e9r\u00e9 en France depuis 1984, l\u2019ancien chef d\u2019un groupuscule de chr\u00e9tiens libanais marxistes propalestiniens est lib\u00e9rable depuis 25 ans, mais a vu sa dizaine de demandes de remise en libert\u00e9 \u00e9chouer.<\/p>\n<p class=\"fig-paragraph\">Les d\u00e9tails de sa sortie le 25 juillet ne sont pas encore connus. Selon plusieurs sources interrog\u00e9es avant l\u2019audience, il est pr\u00e9vu qu\u2019il soit emmen\u00e9 par les forces de l\u2019ordre \u00e0 l\u2019a\u00e9roport de Tarbes direction Roissy, o\u00f9 il prendra un vol pour Beyrouth. Le Liban, qui r\u00e9clame sa lib\u00e9ration aux autorit\u00e9s fran\u00e7aises depuis des ann\u00e9es, avait \u00e9crit \u00e0 la cour d\u2019appel pour confirmer qu\u2019il prendrait en charge l\u2019organisation de son retour chez lui.<\/p>\n<p class=\"fig-paragraph\">La d\u00e9cision de la cour peut faire l\u2019objet d\u2019un pourvoi en cassation du parquet g\u00e9n\u00e9ral, mais il ne serait pas suspensif et n\u2019emp\u00eacherait donc pas Georges Abdallah de rentrer au Liban. Mais pour celle-ci et \u00e0 quelques mois d\u2019intervalle, le tribunal d\u2019application des peines puis la cour d\u2019appel s\u2019\u00e9taient prononc\u00e9s pour, estimant la dur\u00e9e de sa d\u00e9tention \u00abdisproportionn\u00e9e\u00bb par rapport aux crimes commis, et jugeant qu\u2019\u00e0 74 ans, ce d\u00e9tenu \u00ab\u00e2g\u00e9\u00bb aspirant \u00e0 \u00abfinir ses jours\u00bb dans son village du nord-Liban ne pr\u00e9sentait plus de risque de trouble \u00e0 l\u2019ordre public.<\/p>\n","protected":false},"excerpt":{"rendered":"\u00abC\u2019est \u00e0 la fois une victoire judiciaire et un scandale politique qu\u2019il ne soit pas sorti plus t\u00f4t,&hellip;\n","protected":false},"author":2,"featured_media":253364,"comment_status":"","ping_status":"","sticky":false,"template":"","format":"standard","meta":{"footnotes":""},"categories":[2],"tags":[11,1011,27,303,14027,12,3518,25],"class_list":{"0":"post-253363","1":"post","2":"type-post","3":"status-publish","4":"format-standard","5":"has-post-thumbnail","7":"category-actualites","8":"tag-actualites","9":"tag-fr","10":"tag-france","11":"tag-justice","12":"tag-militants","13":"tag-news","14":"tag-palestine","15":"tag-republique-francaise"},"share_on_mastodon":{"url":"https:\/\/pubeurope.com\/@fr\/114867449579187258","error":""},"_links":{"self":[{"href":"https:\/\/www.europesays.com\/fr\/wp-json\/wp\/v2\/posts\/253363","targetHints":{"allow":["GET"]}}],"collection":[{"href":"https:\/\/www.europesays.com\/fr\/wp-json\/wp\/v2\/posts"}],"about":[{"href":"https:\/\/www.europesays.com\/fr\/wp-json\/wp\/v2\/types\/post"}],"author":[{"embeddable":true,"href":"https:\/\/www.europesays.com\/fr\/wp-json\/wp\/v2\/users\/2"}],"replies":[{"embeddable":true,"href":"https:\/\/www.europesays.com\/fr\/wp-json\/wp\/v2\/comments?post=253363"}],"version-history":[{"count":0,"href":"https:\/\/www.europesays.com\/fr\/wp-json\/wp\/v2\/posts\/253363\/revisions"}],"wp:featuredmedia":[{"embeddable":true,"href":"https:\/\/www.europesays.com\/fr\/wp-json\/wp\/v2\/media\/253364"}],"wp:attachment":[{"href":"https:\/\/www.europesays.com\/fr\/wp-json\/wp\/v2\/media?parent=253363"}],"wp:term":[{"taxonomy":"category","embeddable":true,"href":"https:\/\/www.europesays.com\/fr\/wp-json\/wp\/v2\/categories?post=253363"},{"taxonomy":"post_tag","embeddable":true,"href":"https:\/\/www.europesays.com\/fr\/wp-json\/wp\/v2\/tags?post=253363"}],"curies":[{"name":"wp","href":"https:\/\/api.w.org\/{rel}","templated":true}]}}