{"id":253372,"date":"2025-07-17T07:46:17","date_gmt":"2025-07-17T07:46:17","guid":{"rendered":"https:\/\/www.europesays.com\/fr\/253372\/"},"modified":"2025-07-17T07:46:17","modified_gmt":"2025-07-17T07:46:17","slug":"officiel-un-club-du-top-14-frappe-fort-et-recrute-le-demi-de-melee-leo-coly","status":"publish","type":"post","link":"https:\/\/www.europesays.com\/fr\/253372\/","title":{"rendered":"OFFICIEL : Un club du Top 14 frappe fort et recrute le demi-de-m\u00eal\u00e9e L\u00e9o Coly !"},"content":{"rendered":"<p>L\u2019information a \u00e9t\u00e9 officialis\u00e9e ce mercredi apr\u00e8s-midi.<\/p>\n<p>Les dirigeants de l\u2019Aviron Bayonnais viennent de frapper fort sur le march\u00e9 des transfert.<\/p>\n<p>A la recherche d\u2019un successeur \u00e0 Maxime Machenaud pour les saisons \u00e0 venir, le club Basque a annonc\u00e9 avoir trouv\u00e9 sa p\u00e9pite.<\/p>\n<p>En effet, l\u2019Aviron Bayonnais a obtenu la signature du demi-de-m\u00eal\u00e9e L\u00e9o Coly, apr\u00e8s la saison 2025 \/ 2026.<\/p>\n<p>Actuellement sous contrat avec Montpellier, L\u00e9o Coly s\u2019appr\u00eate \u00e0 jouer cette saison 2025 \/ 2026 avec le MHR.<\/p>\n<p>Mais d\u00e8s l\u2019\u00e9t\u00e9 prochain, L\u00e9o Coly rejoindra les rangs Bayonnais pour trois saisons.<\/p>\n<p>Il s\u2019est donc engag\u00e9 en faveur de Bayonne \u00e0 partir du mois de juillet 2026 jusqu\u2019au mois de juin 2029.<\/p>\n<p><strong>Il s\u2019agit d\u2019un gros coup effectu\u00e9 par le pr\u00e9sident Philippe Tayeb !<\/strong><\/p>\n<blockquote class=\"twitter-tweet\" data-width=\"550\" data-dnt=\"true\">\n<p lang=\"fr\" dir=\"ltr\">\ud835\udc73\ud835\udc6c\ud835\udc76 \ud835\udc6a\ud835\udc76\ud835\udc73\ud835\udc80 \ud835\udc85\ud835\udc86\u0300\ud835\udc94 \ud835\udfd0\ud835\udfce\ud835\udfd0\ud835\udfd4\ud83d\udc4b<\/p>\n<p>Le demi-de-m\u00eal\u00e9e du MHR L\u00e9o Coly rejoindra les rangs des \ud835\udc02\ud835\udc22\ud835\udc1e\ud835\udc25 &amp; \ud835\udc01\ud835\udc25\ud835\udc1a\ud835\udc27\ud835\udc1c apr\u00e8s la saison 2025\/2026\ud83d\ude4c<\/p>\n<p>Polyvalent, buteur et scoreur, il viendra renforcer la ligne de 3\/4 pour 3 saisons \ud83e\udd1d<\/p>\n<p>\ud835\udc0e\ud835\udc0d\ud835\udc06\ud835\udc08 \ud835\udc04\ud835\udc13\ud835\udc0e\ud835\udc11\ud835\udc11\ud835\udc08 \ud835\udc0b\ud835\udc1e\u0301\ud835\udc28 \ud83e\ude75\ud83e\udd0d<a href=\"https:\/\/twitter.com\/hashtag\/Top14?src=hash&amp;ref_src=twsrc%5Etfw\" rel=\"nofollow noopener\" target=\"_blank\">#Top14<\/a> <a href=\"https:\/\/twitter.com\/hashtag\/rugby?src=hash&amp;ref_src=twsrc%5Etfw\" rel=\"nofollow noopener\" target=\"_blank\">#rugby<\/a> <a href=\"https:\/\/t.co\/DX9tFUsEr7\" rel=\"nofollow\">pic.twitter.com\/DX9tFUsEr7<\/a><\/p>\n<p>\u2014 Aviron Bayonnais (@avironrugbypro) <a href=\"https:\/\/twitter.com\/avironrugbypro\/status\/1945491351316955174?ref_src=twsrc%5Etfw\" rel=\"nofollow noopener\" target=\"_blank\">July 16, 2025<\/a><\/p>\n<\/blockquote>\n<p><script async src=\"https:\/\/platform.twitter.com\/widgets.js\" charset=\"utf-8\"><\/script><\/p>\n","protected":false},"excerpt":{"rendered":"L\u2019information a \u00e9t\u00e9 officialis\u00e9e ce mercredi apr\u00e8s-midi. Les dirigeants de l\u2019Aviron Bayonnais viennent de frapper fort sur le&hellip;\n","protected":false},"author":2,"featured_media":232651,"comment_status":"","ping_status":"","sticky":false,"template":"","format":"standard","meta":{"footnotes":""},"categories":[1416],"tags":[1011,27,479,1468,60],"class_list":{"0":"post-253372","1":"post","2":"type-post","3":"status-publish","4":"format-standard","5":"has-post-thumbnail","7":"category-rugby","8":"tag-fr","9":"tag-france","10":"tag-rugby","11":"tag-rugby-football","12":"tag-sports"},"share_on_mastodon":{"url":"https:\/\/pubeurope.com\/@fr\/114867469193948988","error":""},"_links":{"self":[{"href":"https:\/\/www.europesays.com\/fr\/wp-json\/wp\/v2\/posts\/253372","targetHints":{"allow":["GET"]}}],"collection":[{"href":"https:\/\/www.europesays.com\/fr\/wp-json\/wp\/v2\/posts"}],"about":[{"href":"https:\/\/www.europesays.com\/fr\/wp-json\/wp\/v2\/types\/post"}],"author":[{"embeddable":true,"href":"https:\/\/www.europesays.com\/fr\/wp-json\/wp\/v2\/users\/2"}],"replies":[{"embeddable":true,"href":"https:\/\/www.europesays.com\/fr\/wp-json\/wp\/v2\/comments?post=253372"}],"version-history":[{"count":0,"href":"https:\/\/www.europesays.com\/fr\/wp-json\/wp\/v2\/posts\/253372\/revisions"}],"wp:featuredmedia":[{"embeddable":true,"href":"https:\/\/www.europesays.com\/fr\/wp-json\/wp\/v2\/media\/232651"}],"wp:attachment":[{"href":"https:\/\/www.europesays.com\/fr\/wp-json\/wp\/v2\/media?parent=253372"}],"wp:term":[{"taxonomy":"category","embeddable":true,"href":"https:\/\/www.europesays.com\/fr\/wp-json\/wp\/v2\/categories?post=253372"},{"taxonomy":"post_tag","embeddable":true,"href":"https:\/\/www.europesays.com\/fr\/wp-json\/wp\/v2\/tags?post=253372"}],"curies":[{"name":"wp","href":"https:\/\/api.w.org\/{rel}","templated":true}]}}