{"id":253373,"date":"2025-07-17T07:47:15","date_gmt":"2025-07-17T07:47:15","guid":{"rendered":"https:\/\/www.europesays.com\/fr\/253373\/"},"modified":"2025-07-17T07:47:15","modified_gmt":"2025-07-17T07:47:15","slug":"atp-kyrgios-devoile-une-conversation-avec-djokovic-a-indian-wells-nous-etions-dans-les-vestiaires-et-je-lui-ai-dit-pourquoi-es-tu-ici-pourquoi-joues-tu-il-ma-simplement-repon","status":"publish","type":"post","link":"https:\/\/www.europesays.com\/fr\/253373\/","title":{"rendered":"ATP > Kyrgios d\u00e9voile une conversation avec Djokovic \u00e0 Indian Wells : \u00ab\u00a0Nous \u00e9tions dans les vestiaires et je lui ai dit : \u00ab Pourquoi es-tu ici ? Pourquoi joues-tu ? \u00bb Il m&rsquo;a simplement r\u00e9pondu : \u00ab Je ne sais pas\u00a0\u00bb"},"content":{"rendered":"<p>Pr\u00e9sent dans les vestiaires \u00e0 Indian Wells cette ann\u00e9e, Nick Kyrgios a \u00e9voqu\u00e9 une conver\u00adsa\u00adtion avec Novak Djokovic au cours d\u2019un entre\u00adtien avec Patrick Mouratoglou.<\/p>\n<p>\u00ab\u202f<strong>Nous \u00e9tions dans les vestiaires et je lui ai dit\u00a0: \u00ab\u202fPourquoi es\u2010tu ici\u202f? Pourquoi joues\u2010tu\u202f? \u00bb Il m\u2019a simple\u00adment r\u00e9pondu\u00a0: \u00ab\u202fJe ne sais pas. Je lui ai dit\u00a0: \u00ab\u202fEt tes enfants\u202f? Je sais que tu veux passer du temps avec ta famille.\u202f\u00bb Il m\u2019a r\u00e9pondu\u00a0: \u00ab\u202fOui, je ne sais pas. Je ne le vois pas jouer plus d\u2019un an de plus. Pas encore. Je parle simple\u00adment d\u2019apr\u00e8s mon exp\u00e9\u00adrience, si j\u2019avais une famille comme la sienne et des enfants\u202f\u00bb<\/strong><\/p>\n<p class=\"post-published-date\" style=\"color: silver; font-size: 75%; text-align: left;\">Publi\u00e9 le jeudi 17 juillet 2025 \u00e0 08:20<\/p>\n","protected":false},"excerpt":{"rendered":"Pr\u00e9sent dans les vestiaires \u00e0 Indian Wells cette ann\u00e9e, Nick Kyrgios a \u00e9voqu\u00e9 une conver\u00adsa\u00adtion avec Novak Djokovic&hellip;\n","protected":false},"author":2,"featured_media":243044,"comment_status":"","ping_status":"","sticky":false,"template":"","format":"standard","meta":{"footnotes":""},"categories":[1415],"tags":[105,1011,27,4874,60,1467],"class_list":{"0":"post-253373","1":"post","2":"type-post","3":"status-publish","4":"format-standard","5":"has-post-thumbnail","7":"category-tennis","8":"tag-djokovic","9":"tag-fr","10":"tag-france","11":"tag-kyrgios","12":"tag-sports","13":"tag-tennis"},"share_on_mastodon":{"url":"https:\/\/pubeurope.com\/@fr\/114867473152201852","error":""},"_links":{"self":[{"href":"https:\/\/www.europesays.com\/fr\/wp-json\/wp\/v2\/posts\/253373","targetHints":{"allow":["GET"]}}],"collection":[{"href":"https:\/\/www.europesays.com\/fr\/wp-json\/wp\/v2\/posts"}],"about":[{"href":"https:\/\/www.europesays.com\/fr\/wp-json\/wp\/v2\/types\/post"}],"author":[{"embeddable":true,"href":"https:\/\/www.europesays.com\/fr\/wp-json\/wp\/v2\/users\/2"}],"replies":[{"embeddable":true,"href":"https:\/\/www.europesays.com\/fr\/wp-json\/wp\/v2\/comments?post=253373"}],"version-history":[{"count":0,"href":"https:\/\/www.europesays.com\/fr\/wp-json\/wp\/v2\/posts\/253373\/revisions"}],"wp:featuredmedia":[{"embeddable":true,"href":"https:\/\/www.europesays.com\/fr\/wp-json\/wp\/v2\/media\/243044"}],"wp:attachment":[{"href":"https:\/\/www.europesays.com\/fr\/wp-json\/wp\/v2\/media?parent=253373"}],"wp:term":[{"taxonomy":"category","embeddable":true,"href":"https:\/\/www.europesays.com\/fr\/wp-json\/wp\/v2\/categories?post=253373"},{"taxonomy":"post_tag","embeddable":true,"href":"https:\/\/www.europesays.com\/fr\/wp-json\/wp\/v2\/tags?post=253373"}],"curies":[{"name":"wp","href":"https:\/\/api.w.org\/{rel}","templated":true}]}}