{"id":253374,"date":"2025-07-17T07:48:41","date_gmt":"2025-07-17T07:48:41","guid":{"rendered":"https:\/\/www.europesays.com\/fr\/253374\/"},"modified":"2025-07-17T07:48:41","modified_gmt":"2025-07-17T07:48:41","slug":"lucie-christine-medaillee-dor-par-la-federation-francaise-de-basket-ball","status":"publish","type":"post","link":"https:\/\/www.europesays.com\/fr\/253374\/","title":{"rendered":"Lucie Christine m\u00e9daill\u00e9e d\u2019or par la F\u00e9d\u00e9ration fran\u00e7aise de basket-ball"},"content":{"rendered":"<p style=\"margin-bottom:11px\">Lucie Christine a re\u00e7u les honneurs de la F\u00e9d\u00e9ration fran\u00e7aise de basket-ball hier (dimanche 20 octobre).<\/p>\n<p>Ancienne joueuse, entra\u00eeneur, tr\u00e9sori\u00e8re du Golden Star, Lucie Christine a aussi occup\u00e9 le poste de tr\u00e9sori\u00e8re \u00e0 la Ligue de Martinique de basket.<\/p>\n<p>Elle s\u2019est tr\u00e8s impliqu\u00e9e pour le maintien des rencontres lors de la zone de turbulence qu\u2019a v\u00e9cu la ligue de Martinique l\u2019an dernier.<\/p>\n<p>Elle a re\u00e7u la m\u00e9daille d\u2019or\u00a0de la F\u00e9d\u00e9ration fran\u00e7aise de basket-ball lors de l\u2019assembl\u00e9e g\u00e9n\u00e9rale des instances f\u00e9d\u00e9rales.<\/p>\n<p>L\u2019ensemble de son parcours r\u00e9compens\u00e9<\/p>\n<p>C\u2019est une juste r\u00e9compense par ses pairs pour la licenci\u00e9e du Golden Star. <strong>Lucie Christine<\/strong> s\u2019est dit extr\u00eamement honor\u00e9e.<\/p>\n<blockquote>\n<p>Cette m\u00e9daille r\u00e9compense l\u2019ensemble de mon parcours dans le sport. Je tiens \u00e0 remercier tous ceux qui ont fait de moi ce que je suis aujourd\u2019hui, \u00e0 savoir mon club, le Golden Star Basket-ball, \u00e0 travers ses dirigeants, ceux qui ne sont plus l\u00e0 et ceux qui sont encore l\u00e0.<\/p>\n<\/blockquote>\n<p>Lucie Christine a tenu \u00e0 les remercier \u00ab\u00a0tr\u00e8s sinc\u00e8rement et tr\u00e8s chaleureusement\u00a0\u00bb pour tout ce qu\u2019ils lui ont apport\u00e9. Elle a \u00e9galement remerci\u00e9 les membres de son comit\u00e9 directeur qui l\u2019ont propos\u00e9e \u00e0 cette m\u00e9daille.<\/p>\n","protected":false},"excerpt":{"rendered":"Lucie Christine a re\u00e7u les honneurs de la F\u00e9d\u00e9ration fran\u00e7aise de basket-ball hier (dimanche 20 octobre). Ancienne joueuse,&hellip;\n","protected":false},"author":2,"featured_media":253375,"comment_status":"","ping_status":"","sticky":false,"template":"","format":"standard","meta":{"footnotes":""},"categories":[1414],"tags":[1465,1464,1011,27,60],"class_list":{"0":"post-253374","1":"post","2":"type-post","3":"status-publish","4":"format-standard","5":"has-post-thumbnail","7":"category-basket","8":"tag-basket","9":"tag-basketball","10":"tag-fr","11":"tag-france","12":"tag-sports"},"share_on_mastodon":{"url":"https:\/\/pubeurope.com\/@fr\/114867477069717477","error":""},"_links":{"self":[{"href":"https:\/\/www.europesays.com\/fr\/wp-json\/wp\/v2\/posts\/253374","targetHints":{"allow":["GET"]}}],"collection":[{"href":"https:\/\/www.europesays.com\/fr\/wp-json\/wp\/v2\/posts"}],"about":[{"href":"https:\/\/www.europesays.com\/fr\/wp-json\/wp\/v2\/types\/post"}],"author":[{"embeddable":true,"href":"https:\/\/www.europesays.com\/fr\/wp-json\/wp\/v2\/users\/2"}],"replies":[{"embeddable":true,"href":"https:\/\/www.europesays.com\/fr\/wp-json\/wp\/v2\/comments?post=253374"}],"version-history":[{"count":0,"href":"https:\/\/www.europesays.com\/fr\/wp-json\/wp\/v2\/posts\/253374\/revisions"}],"wp:featuredmedia":[{"embeddable":true,"href":"https:\/\/www.europesays.com\/fr\/wp-json\/wp\/v2\/media\/253375"}],"wp:attachment":[{"href":"https:\/\/www.europesays.com\/fr\/wp-json\/wp\/v2\/media?parent=253374"}],"wp:term":[{"taxonomy":"category","embeddable":true,"href":"https:\/\/www.europesays.com\/fr\/wp-json\/wp\/v2\/categories?post=253374"},{"taxonomy":"post_tag","embeddable":true,"href":"https:\/\/www.europesays.com\/fr\/wp-json\/wp\/v2\/tags?post=253374"}],"curies":[{"name":"wp","href":"https:\/\/api.w.org\/{rel}","templated":true}]}}