{"id":253384,"date":"2025-07-17T07:53:21","date_gmt":"2025-07-17T07:53:21","guid":{"rendered":"https:\/\/www.europesays.com\/fr\/253384\/"},"modified":"2025-07-17T07:53:21","modified_gmt":"2025-07-17T07:53:21","slug":"rene-charles-angelil-le-fils-de-celine-dion-remporte-une-belle-somme-dargent-grace-a-cette-passion-quil-partageait-avec-son-pere","status":"publish","type":"post","link":"https:\/\/www.europesays.com\/fr\/253384\/","title":{"rendered":"Ren\u00e9-Charles Ang\u00e9lil, le fils de C\u00e9line Dion, remporte une belle somme d&rsquo;argent gr\u00e2ce \u00e0 cette passion qu&rsquo;il partageait avec son p\u00e8re"},"content":{"rendered":"<p>Il y a plusieurs jours, Ren\u00e9-Charles Ang\u00e9lil, le fils a\u00een\u00e9 de C\u00e9line Dion, a particip\u00e9 au championnat du monde de poker organis\u00e9 \u00e0 Los Angeles. Interrog\u00e9 par Poker News, le jeune homme de 24 ans a fait quelques confidences sur son p\u00e8re, Ren\u00e9 Ang\u00e9lil, qui partageait la m\u00eame passion, contrairement \u00e0 sa m\u00e8re.<\/p>\n<p>Une affaire de famille ! Depuis pr\u00e8s de cinq ans, C\u00e9line Dion se tient \u00e9loign\u00e9e de la sc\u00e8ne m\u00e9diatique afin de se concentrer sur sa sant\u00e9. En effet, la chanteuse avait annonc\u00e9 \u00eatre atteinte de<a href=\"https:\/\/www.programme-tv.net\/news\/people\/355277-quel-est-le-syndrome-de-la-personne-raide-la-maladie-dont-souffre-celine-dion\/\" data-api-deeplink=\"teleloisirs:\/\/news\/355277\" target=\"_blank\" rel=\"noopener\"> la maladie de la personne raide<\/a>. Un lourd diagnostic qui l&rsquo;a notamment oblig\u00e9e \u00e0 annuler plusieurs dates de concert. Elle avait finalement fait une apparition remarqu\u00e9e lors de <a href=\"https:\/\/www.programme-tv.net\/news\/evenement\/jo-2024-jo-2024\/357768-ceremonie-d-ouverture-des-jo-de-paris-celine-dion-a-t-elle-chante-en-playback-ou-pas-on-a-enfin-la-reponse\/\" data-api-deeplink=\"teleloisirs:\/\/news\/357768\" target=\"_blank\" rel=\"noopener\">la c\u00e9r\u00e9monie d&rsquo;ouverture des Jeux Olympiques de Paris<\/a> en interpr\u00e9tant L&rsquo;hymne \u00e0 l&rsquo;amour. Derni\u00e8rement, c&rsquo;est son fils Ren\u00e9-Charles Ang\u00e9lil qui a fait parler de lui. Il y a plusieurs jours, ce dernier a particip\u00e9 au Main Event des World Series of Poker, le championnat du monde qui se d\u00e9roule \u00e0 Los Angeles. Et le jeune homme de 24 ans a fait sensation ! Selon les informations du m\u00e9dia allemand <a href=\"https:\/\/www.bild.de\/sport\/mehr-sport\/haetten-sie-ihn-erkannt-sohn-von-weltstar-zockte-bei-millionen-event-mit-68728bae8cc6e37b2bd1509c\" rel=\"nofollow noopener\" target=\"_blank\">Bild<\/a>, il a remport\u00e9 une grosse somme d&rsquo;argent. En effet, Ren\u00e9-Charles Ang\u00e9lil s&rsquo;est class\u00e9 123e sur plus de 9\u00a0000\u00a0joueurs et a gagn\u00e9 70 000 dollars, soit environ 60\u00a0000 euros.<\/p>\n<p>                        Ren\u00e9-Charles Ang\u00e9lil, le fils a\u00een\u00e9 de C\u00e9line Dion, remporte une belle somme d&rsquo;argent lors d&rsquo;une comp\u00e9tition<\/p>\n<p>Interrog\u00e9 par Poker News, Ren\u00e9-Charles Ang\u00e9lil a d&rsquo;abord exprim\u00e9 sa joie d&rsquo;\u00eatre arriv\u00e9 si haut dans le classement. \u00ab\u00a0C&rsquo;est fou, \u00e7a semble vraiment irr\u00e9el. Vous ne pouvez pas simplement venir ici et esp\u00e9rer gagner. Vous savez \u00e9tudier le jeu et progresser, c&rsquo;est ce que j&rsquo;aime le plus\u00a0\u00bb, a-t-il d\u00e9clar\u00e9. Le fils a\u00een\u00e9 de C\u00e9line Dion a ensuite fait quelques confidences sur <a href=\"https:\/\/www.programme-tv.net\/news\/people\/369115-nous-n-arrivons-pas-a-croire-que-tu-es-parti-le-message-emouvant-de-celine-dion-et-ses-fils-pour-l-anniversaire-de-la-mort-de-rene-angelil-photo\/\" data-api-deeplink=\"teleloisirs:\/\/news\/369115\" target=\"_blank\" rel=\"noopener\">son p\u00e8re, Ren\u00e9 Ang\u00e9lil<\/a> qui partageait la m\u00eame passion. <b>\u00ab\u00a0Je joue au poker depuis aussi longtemps que je me souvienne. Mon p\u00e8re m\u2019a appris \u00e0 jouer. Je joue depuis que j\u2019ai probablement 5 ans\u00a0\u00bb<\/b><b>,<\/b> a confi\u00e9 le jeune homme de 24 ans qui participe au World Series of Poker pour la troisi\u00e8me fois.<\/p>\n<p>            C\u00e9line Dion fan de poker ? Son fils Ren\u00e9-Charles Ang\u00e9lil balance<\/p>\n<p>Ren\u00e9-Charles Ang\u00e9lil a ensuite expliqu\u00e9 que sa m\u00e8re, <a href=\"https:\/\/www.programme-tv.net\/news\/people\/383071-celine-dion-partage-des-photos-d-elle-a-paris-ses-fans-esperent-un-retour-dans-la-capitale\/\" data-api-deeplink=\"teleloisirs:\/\/news\/383071\" target=\"_blank\" rel=\"noopener\">C\u00e9line Dion,<\/a> n&rsquo;appr\u00e9cie pas autant le poker que lui. \u00ab\u00a0Ma m\u00e8re n&rsquo;est pas tellement int\u00e9ress\u00e9e par le poker, je dirais (&#8230;)\u00a0Elle appr\u00e9cie l&rsquo;aspect strat\u00e9gique du jeu. Mais elle n&rsquo;est pas du genre \u00e0 traverser les quatre coins d&rsquo;une ville pour assister \u00e0 deux ou cinq parties, du moins pas pour tout de suite\u00a0\u00bb, a-t-il indiqu\u00e9 avant de conclure : \u00ab\u00a0Mais si je me rends en finale, elle viendra me voir, c\u2019est s\u00fbr\u00a0\u00bb. <\/p>\n","protected":false},"excerpt":{"rendered":"Il y a plusieurs jours, Ren\u00e9-Charles Ang\u00e9lil, le fils a\u00een\u00e9 de C\u00e9line Dion, a particip\u00e9 au championnat du&hellip;\n","protected":false},"author":2,"featured_media":253385,"comment_status":"","ping_status":"","sticky":false,"template":"","format":"standard","meta":{"footnotes":""},"categories":[1359],"tags":[244,37830,58,59,1011,27,973,39380],"class_list":{"0":"post-253384","1":"post","2":"type-post","3":"status-publish","4":"format-standard","5":"has-post-thumbnail","7":"category-people","8":"tag-commentaire","9":"tag-cu00e9line-dion","10":"tag-divertissement","11":"tag-entertainment","12":"tag-fr","13":"tag-france","14":"tag-people","15":"tag-renu00e9-charles-angu00e9lil"},"share_on_mastodon":{"url":"https:\/\/pubeurope.com\/@fr\/114867496812545777","error":""},"_links":{"self":[{"href":"https:\/\/www.europesays.com\/fr\/wp-json\/wp\/v2\/posts\/253384","targetHints":{"allow":["GET"]}}],"collection":[{"href":"https:\/\/www.europesays.com\/fr\/wp-json\/wp\/v2\/posts"}],"about":[{"href":"https:\/\/www.europesays.com\/fr\/wp-json\/wp\/v2\/types\/post"}],"author":[{"embeddable":true,"href":"https:\/\/www.europesays.com\/fr\/wp-json\/wp\/v2\/users\/2"}],"replies":[{"embeddable":true,"href":"https:\/\/www.europesays.com\/fr\/wp-json\/wp\/v2\/comments?post=253384"}],"version-history":[{"count":0,"href":"https:\/\/www.europesays.com\/fr\/wp-json\/wp\/v2\/posts\/253384\/revisions"}],"wp:featuredmedia":[{"embeddable":true,"href":"https:\/\/www.europesays.com\/fr\/wp-json\/wp\/v2\/media\/253385"}],"wp:attachment":[{"href":"https:\/\/www.europesays.com\/fr\/wp-json\/wp\/v2\/media?parent=253384"}],"wp:term":[{"taxonomy":"category","embeddable":true,"href":"https:\/\/www.europesays.com\/fr\/wp-json\/wp\/v2\/categories?post=253384"},{"taxonomy":"post_tag","embeddable":true,"href":"https:\/\/www.europesays.com\/fr\/wp-json\/wp\/v2\/tags?post=253384"}],"curies":[{"name":"wp","href":"https:\/\/api.w.org\/{rel}","templated":true}]}}