{"id":253386,"date":"2025-07-17T07:54:18","date_gmt":"2025-07-17T07:54:18","guid":{"rendered":"https:\/\/www.europesays.com\/fr\/253386\/"},"modified":"2025-07-17T07:54:18","modified_gmt":"2025-07-17T07:54:18","slug":"une-exposition-photo-de-charles-freger-qui-decoiffe","status":"publish","type":"post","link":"https:\/\/www.europesays.com\/fr\/253386\/","title":{"rendered":"une exposition photo de Charles Fr\u00e9ger qui d\u00e9coiffe"},"content":{"rendered":"<p>Publi\u00e9 par Soizick David, le 16 Juillet 2025 \u00e0 17:55<\/p>\n<p itemprop=\"description\" class=\"chapo\">L&rsquo;exposition \u00ab\u00a0Bretonnes et autres silhouettes\u00a0\u00bb est pr\u00e9sent\u00e9e jusqu&rsquo;au 28 septembre \u00e0 la Galerie des Franciscains.<\/p>\n<p><img decoding=\"async\" src=\"https:\/\/www.europesays.com\/fr\/wp-content\/uploads\/2025\/07\/2025-07-16-saint-nazaire-une-exposition-photo-de-charles-freger-qui-decoiffe.jpg\" class=\"img-fluid rounded-3 mb-4\" alt=\"Saint-Nazaire : une exposition photo de Charles Fr\u00e9ger qui d\u00e9coiffe\"\/><br \/>\nCharles Fr\u00e9ger dresse une cartographie de la Bretagne \u00e0 travers ses coiffes historiques \u00a9 SaintNazaireNews.fr<\/p>\n<p><strong>Jusqu&rsquo;au 28 septembre 2025<\/strong>, la cinqui\u00e8me \u00e9dition du <strong>festival Cargo, les Photographiques de Saint-Nazaire,<\/strong> revient braquer son objectif sur la photographie contemporaine. \u00c0 travers un parcours dans toute la ville, m\u00ealant espaces naturels et lieux culturels, 6 artistes invit\u00e9s explorent cette ann\u00e9e la th\u00e9matique \u201c\u00c0 l&rsquo;Ouest\u201d dans toutes ses significations possibles : <strong>Jesper Boot<\/strong>, <strong>Maia Flore<\/strong>, <strong>Albane Gell\u00e9<\/strong>, <strong>Anne Rearick<\/strong>, <strong>Ben Zank<\/strong> et <strong>Charles Fr\u00e9ger<\/strong>. Explorateur visuel des figures collectives et de leurs h\u00e9ritages culturels, ce dernier met en sc\u00e8ne plusieurs de ses s\u00e9ries au sein de la <strong>Galerie des Franciscains<\/strong>, dans une exploration singuli\u00e8re de la figure humaine.<\/p>\n<p>Portraits de femmes<\/p>\n<p>L\u2019exposition Bretonnes et autres silhouettes de Charles Fr\u00e9ger offre une immersion saisissante dans l\u2019univers d\u2019un photographe qui, depuis plus de deux d\u00e9cennies, scrute les figures en s\u2019attachant au costume, \u00e0 la posture, ou encore aux rituels. Charles Fr\u00e9ger donne \u00e0 voir des identit\u00e9s multiples \u00e0 travers des corps mis en sc\u00e8ne avec pr\u00e9cision. L\u2019exposition associe un ensemble de portraits issus de la s\u00e9rie Bretonnes (2011\u20132014) \u00e0 des \u0153uvres plus r\u00e9centes autour de la silhouette comme forme iconique. Elle propose ainsi une g\u00e9n\u00e9alogie visuelle de son \u0153uvre, \u00e0 la crois\u00e9e du documentaire, de l\u2019imaginaire et de l\u2019histoire des repr\u00e9sentations.<\/p>\n<p>Les coiffes qui d\u00e9coiffent<\/p>\n<p>La s\u00e9rie Bretonnes, pi\u00e8ce ma\u00eetresse du parcours, d\u00e9ploie une cartographie minutieuse des coiffes traditionnelles de la Bretagne historique. Chaque portrait, soigneusement mis en sc\u00e8ne dans un paysage choisi, r\u00e9v\u00e8le l\u2019alliance subtile entre figuration individuelle et ancrage territorial. Ces jeunes femmes, par\u00e9es de dentelle et de coton amidonn\u00e9, apparaissent \u00e0 la fois comme gardiennes d\u2019un patrimoine vivant et actrices d\u2019un th\u00e9\u00e2tre photographique. \u00c0 travers ce dispositif constant, un cadre plant\u00e9 dans la nature, Fr\u00e9ger cr\u00e9e une atmosph\u00e8re cotonneuse, suspendue, o\u00f9 le portrait devient presque pictural, entre sc\u00e8ne de genre et ic\u00f4ne r\u00e9gionale.<\/p>\n<p><img decoding=\"async\" src=\"https:\/\/www.europesays.com\/fr\/wp-content\/uploads\/2025\/07\/2025-07-16-saint-nazaire-une-exposition-photo-de-charles-freger-qui-decoiffe-01.jpg\" class=\"img-fluid rounded-3 mb-4\" alt=\"Saint-Nazaire : une exposition photo de Charles Fr\u00e9ger qui d\u00e9coiffe\"\/><br \/>\nLes coiffes bretonnes habitent la galerie des Franciscains \u00e0 Saint-Nazaire jusqu&rsquo;au 28 septembre \u00a9 SaintNazaireNews.fr<\/p>\n<p>La fascination des symboles<\/p>\n<p>Au-del\u00e0 de cette s\u00e9rie, l\u2019exposition s\u2019inscrit dans une \u0153uvre bien plus vaste. Depuis 1999, Charles Fr\u00e9ger photographie les communaut\u00e9s humaines : soldats, majorettes, lutteurs, lyc\u00e9ens&#8230; autant de micro-soci\u00e9t\u00e9s dont il explore les uniformes, les postures, les symboles. Port\u00e9 par une ambition quasi encyclop\u00e9dique, son travail interroge ce qui fonde l\u2019appartenance et l\u2019identit\u00e9 collective. Longtemps rassembl\u00e9e sous le titre Portraits photographiques et uniformes, cette \u0153uvre s\u2019est enrichie de vid\u00e9os et de performances, \u00e9voluant vers une th\u00e9\u00e2tralit\u00e9 plus assum\u00e9e o\u00f9 le costume devient un outil de m\u00e9tamorphose.<\/p>\n<p><img decoding=\"async\" src=\"https:\/\/www.europesays.com\/fr\/wp-content\/uploads\/2025\/07\/2025-07-16-saint-nazaire-une-exposition-photo-de-charles-freger-qui-decoiffe-02.jpg\" class=\"img-fluid rounded-3 mb-4\" alt=\"Saint-Nazaire : une exposition photo de Charles Fr\u00e9ger qui d\u00e9coiffe\"\/><br \/>\n \u00a9 SaintNazaireNews.fr<\/p>\n<p>Silhouettes en ombres chinoises<\/p>\n<p>Cette \u00e9volution trouve un prolongement dans sa s\u00e9rie sur les silhouettes, amorc\u00e9e apr\u00e8s Bretonnes. Ici, le sujet se d\u00e9pouille progressivement de ses couleurs, r\u00e9duit \u00e0 ses seuls contours, devenant signe plut\u00f4t que corps. \u00c0 travers des figures comme Jeanne d\u2019Arc, l\u2019Hirondelle basque ou l\u2019Alsacienne, Fr\u00e9ger ne photographie plus les personnes, mais leurs repr\u00e9sentations dans l\u2019imaginaire collectif. Nourri d\u2019\u00e9rudition iconographique et de culture visuelle populaire, son travail interroge les constructions historiques du regard, entre m\u00e9moire et mise en sc\u00e8ne, tradition et abstraction.<\/p>\n<p><img decoding=\"async\" src=\"https:\/\/www.europesays.com\/fr\/wp-content\/uploads\/2025\/07\/2025-07-16-saint-nazaire-une-exposition-photo-de-charles-freger-qui-decoiffe-03.jpg\" class=\"img-fluid rounded-3 mb-4\" alt=\"Saint-Nazaire : une exposition photo de Charles Fr\u00e9ger qui d\u00e9coiffe\"\/><br \/>\nLa s\u00e9rie Silhouettes de Charles Fr\u00e9ger sugg\u00e8re des figues abstraites et famil\u00e8res \u00e0 la fois \u00a9 SaintNazaireNews.fr<\/p>\n<p>Festival Cargo, les photographiques de Saint-Nazaire \u2022 Jusqu&rsquo;au 28 septembre 2025 \u2022 Partout dans la ville et \u00e0 la Galerie des Franciscains, 25 rue du Croisic \u00e0 Saint-Nazaire \u2022 Programme d\u00e9taill\u00e9 de l&rsquo;exposition sur saintnazaire.fr.<\/p>\n","protected":false},"excerpt":{"rendered":"Publi\u00e9 par Soizick David, le 16 Juillet 2025 \u00e0 17:55 L&rsquo;exposition \u00ab\u00a0Bretonnes et autres silhouettes\u00a0\u00bb est pr\u00e9sent\u00e9e jusqu&rsquo;au&hellip;\n","protected":false},"author":2,"featured_media":253387,"comment_status":"","ping_status":"","sticky":false,"template":"","format":"standard","meta":{"footnotes":""},"categories":[1358],"tags":[11,3723,1348,1384,1385,1386,58,59,1011,27,1114,13694,12,3213],"class_list":{"0":"post-253386","1":"post","2":"type-post","3":"status-publish","4":"format-standard","5":"has-post-thumbnail","7":"category-arts-et-design","8":"tag-actualites","9":"tag-actus","10":"tag-arts","11":"tag-arts-and-design","12":"tag-arts-et-design","13":"tag-design","14":"tag-divertissement","15":"tag-entertainment","16":"tag-fr","17":"tag-france","18":"tag-infos","19":"tag-nazaire","20":"tag-news","21":"tag-saint"},"share_on_mastodon":{"url":"https:\/\/pubeurope.com\/@fr\/114867500944843411","error":""},"_links":{"self":[{"href":"https:\/\/www.europesays.com\/fr\/wp-json\/wp\/v2\/posts\/253386","targetHints":{"allow":["GET"]}}],"collection":[{"href":"https:\/\/www.europesays.com\/fr\/wp-json\/wp\/v2\/posts"}],"about":[{"href":"https:\/\/www.europesays.com\/fr\/wp-json\/wp\/v2\/types\/post"}],"author":[{"embeddable":true,"href":"https:\/\/www.europesays.com\/fr\/wp-json\/wp\/v2\/users\/2"}],"replies":[{"embeddable":true,"href":"https:\/\/www.europesays.com\/fr\/wp-json\/wp\/v2\/comments?post=253386"}],"version-history":[{"count":0,"href":"https:\/\/www.europesays.com\/fr\/wp-json\/wp\/v2\/posts\/253386\/revisions"}],"wp:featuredmedia":[{"embeddable":true,"href":"https:\/\/www.europesays.com\/fr\/wp-json\/wp\/v2\/media\/253387"}],"wp:attachment":[{"href":"https:\/\/www.europesays.com\/fr\/wp-json\/wp\/v2\/media?parent=253386"}],"wp:term":[{"taxonomy":"category","embeddable":true,"href":"https:\/\/www.europesays.com\/fr\/wp-json\/wp\/v2\/categories?post=253386"},{"taxonomy":"post_tag","embeddable":true,"href":"https:\/\/www.europesays.com\/fr\/wp-json\/wp\/v2\/tags?post=253386"}],"curies":[{"name":"wp","href":"https:\/\/api.w.org\/{rel}","templated":true}]}}