{"id":253390,"date":"2025-07-17T07:56:23","date_gmt":"2025-07-17T07:56:23","guid":{"rendered":"https:\/\/www.europesays.com\/fr\/253390\/"},"modified":"2025-07-17T07:56:23","modified_gmt":"2025-07-17T07:56:23","slug":"caroline-margeridon-annonce-une-bonne-nouvelle-concernant-affaire-conclue","status":"publish","type":"post","link":"https:\/\/www.europesays.com\/fr\/253390\/","title":{"rendered":"Caroline Margeridon annonce une bonne nouvelle concernant Affaire conclue"},"content":{"rendered":"<p>Ce mercredi 16 juillet, Caroline Margeridon a annonc\u00e9 une bonne nouvelle concernant Affaire conclue. L&rsquo;acheteuse embl\u00e9matique de l&rsquo;\u00e9mission de ventes aux ench\u00e8res a \u00e9voqu\u00e9 le tournage de la neuvi\u00e8me saison du programme, qui d\u00e9barquera \u00e0 l&rsquo;antenne au mois de septembre. <\/p>\n<p>Depuis 2017, Caroline Margeridon fait partie des acheteurs embl\u00e9matiques de l&rsquo;\u00e9mission Affaire conclue autrefois pr\u00e9sent\u00e9e par <a href=\"https:\/\/www.programme-tv.net\/biographie\/525-davant-sophie\/\" data-link-people=\"46dd91c6-027a-4c78-85cb-8722339cac3b\" target=\"_blank\" rel=\"noopener\">Sophie Davant<\/a> et aujourd&rsquo;hui anim\u00e9e par <a href=\"https:\/\/www.programme-tv.net\/biographie\/130304-vignali-julia\/\" data-link-people=\"038ef2ae-7765-47ab-9d7d-dcc8c533ab16\" target=\"_blank\" rel=\"noopener\">Julia Vignali<\/a>. Gr\u00e2ce \u00e0 l&rsquo;\u00e9mission de France 2, l&rsquo;antiquaire s&rsquo;est cr\u00e9\u00e9 une belle notori\u00e9t\u00e9 et a multipli\u00e9 les apparitions dans divers programmes t\u00e9l\u00e9vis\u00e9s. Apr\u00e8s Les Tra\u00eetres sur M6, la femme d&rsquo;affaires a particip\u00e9 \u00e0 <a href=\"https:\/\/www.programme-tv.net\/news\/tv\/371198-ce-nest-pas-la-peine-d-en-parler-caroline-margeridon-balance-sur-ce-souvenir-horrible-dans-danse-avec-les-stars\/\" data-api-deeplink=\"teleloisirs:\/\/news\/371198\" target=\"_blank\" rel=\"noopener\">Danse avec les stars sur TF1<\/a>. Aujourd&rsquo;hui, Caroline Margeridon se lance dans <a href=\"https:\/\/www.programme-tv.net\/news\/people\/383223-cest-officiel-caroline-margeridon-devoile-son-nouveau-projet-loin-du-plateau-daffaire-conclue\/\" data-api-deeplink=\"teleloisirs:\/\/news\/383223\" target=\"_blank\" rel=\"noopener\">un nouveau projet loin des plateaux de tournage<\/a>. \u00ab\u00a0L\u00e0, je viens de signer pour une pi\u00e8ce de th\u00e9\u00e2tre. Je vais m\u2019\u00e9clater. C\u2019est vraiment se mettre en danger parce que j\u2019ai sign\u00e9 avec le meilleur metteur en sc\u00e8ne qui s\u2019appelle Olivier Mac\u00e9. Je ne connaissais personne dans le monde du th\u00e9\u00e2tre, on m\u2019a dit :\u00a0&lsquo;Mais tu ne te rends pas compte Caro, c\u2019est le meilleur&rsquo;.\u00a0Ce sont eux qui m\u2019ont contact\u00e9e ! [\u2026] Je les ai rencontr\u00e9s, \u00e7a a \u00e9t\u00e9 le coup de foudre\u00a0\u00bb, a-t-elle annonc\u00e9, avant d&rsquo;indiquer qu&rsquo;elle allait jouer dans la pi\u00e8ce Les voisins du dessus.<\/p>\n<p>                        Affaire conclue : Caroline Margeridon annonce la fin du tournage de la nouvelle saison de l&rsquo;\u00e9mission<\/p>\n<p>Bien qu\u2019elle diversifie ses activit\u00e9s, Caroline Margeridon n\u2019est pas pr\u00eate \u00e0 abandonner son r\u00f4le d\u2019acheteuse dans Affaire conclue. Ce mercredi 16 juillet, la m\u00e8re de Victoire et Alexandre a justement annonc\u00e9 une bonne nouvelle aux fans du programme, qui fera son retour <a href=\"https:\/\/www.programme-tv.net\/news\/tv\/380929-ca-y-est-on-attaque-caroline-margeridon-annonce-la-reprise-des-tournages-de-la-prochaine-saison-d-affaire-conclue\/\" data-api-deeplink=\"teleloisirs:\/\/news\/380929\" target=\"_blank\" rel=\"noopener\">pour une neuvi\u00e8me saison \u00e0 la rentr\u00e9e<\/a>. \u00ab\u00a0Salut mes petits amours, j&rsquo;esp\u00e8re que vous allez bien. Sur Paris, c&rsquo;est un bonheur, il fait un temps gris, 21,5 degr\u00e9s, franchement c&rsquo;est hyper respirable. Moi qui adore le soleil et le chaud, j&rsquo;avoue que quand je bosse c&rsquo;est plut\u00f4t sympa quand il ne fait pas trop chaud. Quand je dis que je bosse vous savez o\u00f9 je vais ? Je pars tourner les six prochains in\u00e9dits de la rentr\u00e9e d&rsquo;Affaire conclue. Dernier jour de tournage, demain soir grosse f\u00eate de fin de tournage de la saison 9 qui sera \u00e0 l&rsquo;antenne \u00e0 partir de septembre\u00a0\u00bb, a-t-elle d\u00e9clar\u00e9 en story Instagram.<\/p>\n<p>            Affaire conclue : Caroline Margeridon annonce le retour imminent de l&rsquo;\u00e9mission sur France 2<\/p>\n<p>Depuis le 5 juillet, Affaire conclue a c\u00e9d\u00e9 sa place \u00e0 l&rsquo;\u00e9dition 2025 du Tour de France sur France 2. Mais que les fans de ventes aux ench\u00e8res se rassurent, le programme sera prochainement de retour \u00e0 l&rsquo;antenne. \u00ab\u00a0Hier, vous avez \u00e9t\u00e9 nombreux \u00e0 me dire : &lsquo;C&rsquo;est trop cool, Affaire conclue \u00e7a recommence, le v\u00e9lo c&rsquo;est fini !&rsquo; Ben non, le v\u00e9lo ce n&rsquo;est pas du tout fini, c&rsquo;est le mardi ils se reposent. Aujourd&rsquo;hui c&rsquo;est le v\u00e9lo, nous on reviendra la semaine prochaine\u00a0\u00bb, a indiqu\u00e9 Caroline Margeridon.<\/p>\n","protected":false},"excerpt":{"rendered":"Ce mercredi 16 juillet, Caroline Margeridon a annonc\u00e9 une bonne nouvelle concernant Affaire conclue. L&rsquo;acheteuse embl\u00e9matique de l&rsquo;\u00e9mission&hellip;\n","protected":false},"author":2,"featured_media":253391,"comment_status":"","ping_status":"","sticky":false,"template":"","format":"standard","meta":{"footnotes":""},"categories":[1356],"tags":[9885,9884,244,58,59,1011,27,594,252,9886,1364],"class_list":{"0":"post-253390","1":"post","2":"type-post","3":"status-publish","4":"format-standard","5":"has-post-thumbnail","7":"category-television","8":"tag-affaire-conclue","9":"tag-caroline-margeridon","10":"tag-commentaire","11":"tag-divertissement","12":"tag-entertainment","13":"tag-fr","14":"tag-france","15":"tag-france-2","16":"tag-television","17":"tag-tout-le-monde-a-quelque-chose-u00e0-vendre","18":"tag-tv"},"share_on_mastodon":{"url":"https:\/\/pubeurope.com\/@fr\/114867508650917278","error":""},"_links":{"self":[{"href":"https:\/\/www.europesays.com\/fr\/wp-json\/wp\/v2\/posts\/253390","targetHints":{"allow":["GET"]}}],"collection":[{"href":"https:\/\/www.europesays.com\/fr\/wp-json\/wp\/v2\/posts"}],"about":[{"href":"https:\/\/www.europesays.com\/fr\/wp-json\/wp\/v2\/types\/post"}],"author":[{"embeddable":true,"href":"https:\/\/www.europesays.com\/fr\/wp-json\/wp\/v2\/users\/2"}],"replies":[{"embeddable":true,"href":"https:\/\/www.europesays.com\/fr\/wp-json\/wp\/v2\/comments?post=253390"}],"version-history":[{"count":0,"href":"https:\/\/www.europesays.com\/fr\/wp-json\/wp\/v2\/posts\/253390\/revisions"}],"wp:featuredmedia":[{"embeddable":true,"href":"https:\/\/www.europesays.com\/fr\/wp-json\/wp\/v2\/media\/253391"}],"wp:attachment":[{"href":"https:\/\/www.europesays.com\/fr\/wp-json\/wp\/v2\/media?parent=253390"}],"wp:term":[{"taxonomy":"category","embeddable":true,"href":"https:\/\/www.europesays.com\/fr\/wp-json\/wp\/v2\/categories?post=253390"},{"taxonomy":"post_tag","embeddable":true,"href":"https:\/\/www.europesays.com\/fr\/wp-json\/wp\/v2\/tags?post=253390"}],"curies":[{"name":"wp","href":"https:\/\/api.w.org\/{rel}","templated":true}]}}