{"id":253394,"date":"2025-07-17T07:58:11","date_gmt":"2025-07-17T07:58:11","guid":{"rendered":"https:\/\/www.europesays.com\/fr\/253394\/"},"modified":"2025-07-17T07:58:11","modified_gmt":"2025-07-17T07:58:11","slug":"ou-se-situe-le-film-dans-la-chronologie-du-mcu","status":"publish","type":"post","link":"https:\/\/www.europesays.com\/fr\/253394\/","title":{"rendered":"o\u00f9 se situe le film dans la chronologie du MCU ?"},"content":{"rendered":"<p>Le 23 juillet, Marvel ouvre un nouveau chapitre de son histoire. Apr\u00e8s trois films d\u00e9velopp\u00e9s sous l\u2019\u00e9gide de la 20th Century Fox, <strong>Les 4 Fantastiques<\/strong> font enfin leur entr\u00e9e au Marvel Cinematic Universe. Matt Shakman, r\u00e9alisateur de WandaVision, a la lourde responsabilit\u00e9 de pr\u00e9senter <strong>la \u201cpremi\u00e8re famille\u201d Marvel Comics<\/strong> aux spectateurs. De nouveaux acteurs ont \u00e9t\u00e9 recrut\u00e9s pour l\u2019occasion, ce sont d\u00e9sormais <strong>Pedro Pascal, Vanessa Kirby, Joseph Quinn et Ebon Moss-Bachrach<\/strong> qui pr\u00eatent leurs traits \u00e0 Reed Richards, Sue Storm, Johnny Storm et Ben Grimm. Il va sans dire que le film est attendu de pied ferme par les adorateurs des personnages. Mais dans un Marvel Cinematic Universe qui n\u2019a plus peur d\u2019abandonner la lin\u00e9arit\u00e9 et, alors que le multivers est \u00e0 l\u2019\u00e9picentre de la nouvelle saga, certains spectateurs moins assidus pourraient avoir des difficult\u00e9s \u00e0 s\u2019y retrouver. Place au sein du MCU et dans la chronologie, suivez le guide.<\/p>\n<\/p>\n<p>    <a href=\"https:\/\/www.youtube.com\/user\/JournalduGeek?sub_confirmation=1\" target=\"_blank\" rel=\"nofollow noopener\"><br \/>\n        S&rsquo;abonner \u00e0 Journal du Geek<br \/>\n    <\/a> Ouverte d\u2019une nouvelle phase <\/p>\n<p>Il ne leur en fallait pas moins. Pour accueillir comme il se doit sa famille fantastique, Marvel ouvre une nouvelle phase de sa franchise. Depuis Iron Man en 2008, l\u2019entreprise de Kevin Feige d\u00e9coupe ses propositions cin\u00e9matographiques en plusieurs phases \u00e9voluant toutes autour de th\u00e9matiques similaires. Les origines et la mise en place pour Iron Man, Captain America\u00a0: First Avenger ou encore Thor, il \u00e9tait alors question pour l\u2019entreprise de poser les bases et de pr\u00e9parer l\u2019arriv\u00e9e d\u2019une \u00e9quipe que beaucoup de lecteurs de comics connaissent\u00a0: Les Avengers.<\/p>\n<p>La phase 6 s\u2019appr\u00eate ainsi \u00e0 \u00eatre lanc\u00e9e, apr\u00e8s une <a href=\"https:\/\/www.journaldugeek.com\/dossier\/marvel-ferme-le-rideau-sur-sa-phase-5-analyse-dun-desastre\/\" target=\"_blank\" rel=\"noopener\">fin de phase 5 plut\u00f4t catastrophique<\/a>. Mais ce chapitre s\u2019inscrit aussi au sein d\u2019une saga qui a commenc\u00e9 en 2021 avec Black Widow\u00a0: la saga du Multivers. Apr\u00e8s les pierres de l\u2019infini, le MCU veut explorer le temps, l\u2019espace et de nombreuses r\u00e9alit\u00e9s au cin\u00e9ma. Des propositions comme Doctor Strange in the Multiverse of Madness ou Ant-man et la Gu\u00eape\u00a0: Quantumania ont immortalis\u00e9 cette envie d\u2019ailleurs mais c\u2019est bien avec Les 4 Fantastiques, premiers pas que la Maison des Id\u00e9es op\u00e8re un radical changement de cap. Direction un univers r\u00e9trofuturiste inspir\u00e9 des ann\u00e9es 60.<\/p>\n<p> Ann\u00e9es 60\u00a0? Non pas vraiment <\/p>\n<p>D\u00e8s son annonce, Les 4 Fantastiques, premiers pas, promettait de r\u00e9volutionner (un peu) la recette Marvel. Au Comic-Con de San Diego, Matt Shakman a confirm\u00e9 que l\u2019esth\u00e9tique de son film serait plut\u00f4t singuli\u00e8re, entre le blockbuster de science-fiction et le film d\u2019\u00e9poque. Un choix qui fait sens alors que nos h\u00e9ros d\u00e9veloppent leurs pouvoirs lors d\u2019une exploration spatiale qui tourne mal. Direction les ann\u00e9es 60 en pleine course \u00e0 l\u2019espace\u00a0? Pas vraiment car le film ne s\u2019inscrit pas dans la chronologie principale du MCU. Exit la Terre-616 qui a vu na\u00eetre Iron Man, Captain America ou Thor et bonjour la <strong>Terre-828.<\/strong> Cr\u00e9\u00e9e pour les besoins de la saga, elle a ses propres r\u00e8gles que les spectateurs pourront d\u00e9couvrir d\u00e8s le <strong>23 juillet au cin\u00e9ma.<\/strong><\/p>\n<p> <img loading=\"lazy\" decoding=\"async\" class=\"size-full wp-image-50559173\" src=\"https:\/\/www.europesays.com\/fr\/wp-content\/uploads\/2025\/07\/avis-premieres-minutes-fantastic-four.jpg\" alt=\"Avis Premie\u0300res Minutes Fantastic Four\" width=\"1920\" height=\"1280\"  \/>\u00a9 Marvel <\/p>\n<p>Ici, les Avengers n\u2019existent pas et Thanos n\u2019a jamais fait dispara\u00eetre la moiti\u00e9 de l\u2019univers. <strong>Les 4 Fantastiques sont des h\u00e9ros<\/strong>, des protecteurs pour une plan\u00e8te bleue anachronique o\u00f9 se c\u00f4toient vieilles voitures et petits bijoux de technologie. Les costumes, les d\u00e9cors et les accessoires, tout a \u00e9t\u00e9 pens\u00e9 pour un d\u00e9paysement total. Lors de Comic-Con de San Diego l\u2019an pass\u00e9, le metteur en sc\u00e8ne expliquait s\u2019\u00eatre inspir\u00e9 des films de<strong> science-fiction des ann\u00e9es 60<\/strong> et de leur vision du futur pour construire l\u2019esth\u00e9tique de son film. C\u2019\u00e9tait une occasion parfaite de convoquer des \u00e9l\u00e9ments visuels inspir\u00e9s des premiers comics de la \u201cFantastic Family\u201d, <strong>de la \u201cFantastic Car\u201d \u00e0 leur vaisseau \u201cExcelsior\u201d<\/strong>. C\u2019est une r\u00e9f\u00e9rence \u00e9vidente \u00e0 une formule prononc\u00e9e de nombreuses fois par Stan Lee.<\/p>\n<p> Un lien \u00e9vident avec Thunderbolts* <\/p>\n<p>Au vu de sa position particuli\u00e8re au sein du MCU, le film ne devrait avoir aucun lien avec ses pr\u00e9d\u00e9cesseurs. Pour la premi\u00e8re fois depuis longtemps, les spectateurs n\u2019auront pas \u00e0 r\u00e9viser pour profiter de leur s\u00e9ance. Pas besoin de revoir tous les m\u00e9trages de la phase 5 ou toutes les s\u00e9ries sur Disney+. Si le film est la pierre angulaire de la phase 6, il pr\u00e9pare <a href=\"https:\/\/www.journaldugeek.com\/2025\/03\/26\/avengers-doomsday-entre-en-production-voici-lenorme-casting\/\" target=\"_blank\" rel=\"noopener\">Avengers\u00a0: Doomsday<\/a> et Avengers\u00a0: Secret Wars, il n\u2019en est pas moins un cas \u00e0 part pour la franchise. Si on ne peut que f\u00e9liciter Marvel pour cet abandon momentan\u00e9 de l\u2019ultraconnectivit\u00e9, force est de constater qu\u2019il faudra tout de m\u00eame conna\u00eetre une s\u00e9quence pour profiter de ce qui sera sans doute le grand final.<\/p>\n<p> <img loading=\"lazy\" decoding=\"async\" class=\"size-full wp-image-50551683\" src=\"https:\/\/www.europesays.com\/fr\/wp-content\/uploads\/2025\/07\/4-fantastiques-duree-film.jpg\" alt=\"4 Fantastiques Dure\u0301e Film\" width=\"1920\" height=\"1280\"  \/>\u00a9 Marvel <\/p>\n<p>Dans la sc\u00e8ne post-cr\u00e9dit de Thunderbolts*, alors que les New Avengers prennent leurs marques dans la tour, une alerte appara\u00eet sur leur \u00e9cran. Un vaisseau non identifi\u00e9 vient de faire son entr\u00e9e dans l\u2019atmosph\u00e8re. \u00c0 son bord, des personnages myst\u00e9rieux et la promesse d\u2019un nouveau d\u00e9fi d\u2019ampleur pour les superh\u00e9ros de la Terre-616. Les spectateurs ont reconnu l\u2019Excelsior et le th\u00e8me du film (il \u00e9tait m\u00eame pr\u00e9sent au g\u00e9n\u00e9rique avant la s\u00e9quence). On peut ainsi imaginer que les \u00e9v\u00e9nements racont\u00e9s par Les 4 Fantastiques, premiers pas, conduiront les personnages \u00e0 prendre la fuite et \u00e0 chercher de l\u2019aide dans le multivers. Si rien ne dit que Doctor Fatalis \u2014\u00a0 Doom dans la langue de Shakespeare \u2014 fera une apparition, Les 4 Fantastiques, premiers pas, devrait au moins poser quelques balises que le film des fr\u00e8res Russo <strong>pr\u00e9vu pour d\u00e9cembre 2026 suivra.\u00a0<\/strong><\/p>\n<\/p>\n<p>    <a href=\"https:\/\/www.youtube.com\/user\/JournalduGeek?sub_confirmation=1\" target=\"_blank\" rel=\"nofollow noopener\"><br \/>\n        S&rsquo;abonner \u00e0 Journal du Geek<br \/>\n    <\/a> <\/p>\n<blockquote>\n<p class=\"text-base text-neutral-700 dark:text-neutral-300\">\ud83d\udfe3 Pour ne manquer aucune news sur le Journal du Geek, abonnez-vous sur <a href=\"https:\/\/news.google.com\/publications\/CAAqBwgKMNr_hAswwYyCAw?hl=fr&amp;gl=FR&amp;ceid=FR%3Afr\" target=\"_blank\" rel=\"noopener\">Google Actualit\u00e9s<\/a> et sur <a href=\"https:\/\/whatsapp.com\/channel\/0029VaClM5y4tRry12tb7D2h\" target=\"_blank\" rel=\"noopener\">notre WhatsApp<\/a>. Et si vous nous adorez, on a <a href=\"https:\/\/www.journaldugeek.com\/newsletter\/\" target=\"_blank\" rel=\"noopener\">une newsletter tous les matins<\/a>.<\/p>\n<\/blockquote>\n","protected":false},"excerpt":{"rendered":"Le 23 juillet, Marvel ouvre un nouveau chapitre de son histoire. Apr\u00e8s trois films d\u00e9velopp\u00e9s sous l\u2019\u00e9gide de&hellip;\n","protected":false},"author":2,"featured_media":253395,"comment_status":"","ping_status":"","sticky":false,"template":"","format":"standard","meta":{"footnotes":""},"categories":[1354],"tags":[58,59,1346,1011,27,28380,2135,11224,1360,10167],"class_list":{"0":"post-253394","1":"post","2":"type-post","3":"status-publish","4":"format-standard","5":"has-post-thumbnail","7":"category-films","8":"tag-divertissement","9":"tag-entertainment","10":"tag-films","11":"tag-fr","12":"tag-france","13":"tag-les-4-fantastiques","14":"tag-marvel","15":"tag-mcu","16":"tag-movies","17":"tag-pedro-pascal"},"share_on_mastodon":{"url":"https:\/\/pubeurope.com\/@fr\/114867516546417507","error":""},"_links":{"self":[{"href":"https:\/\/www.europesays.com\/fr\/wp-json\/wp\/v2\/posts\/253394","targetHints":{"allow":["GET"]}}],"collection":[{"href":"https:\/\/www.europesays.com\/fr\/wp-json\/wp\/v2\/posts"}],"about":[{"href":"https:\/\/www.europesays.com\/fr\/wp-json\/wp\/v2\/types\/post"}],"author":[{"embeddable":true,"href":"https:\/\/www.europesays.com\/fr\/wp-json\/wp\/v2\/users\/2"}],"replies":[{"embeddable":true,"href":"https:\/\/www.europesays.com\/fr\/wp-json\/wp\/v2\/comments?post=253394"}],"version-history":[{"count":0,"href":"https:\/\/www.europesays.com\/fr\/wp-json\/wp\/v2\/posts\/253394\/revisions"}],"wp:featuredmedia":[{"embeddable":true,"href":"https:\/\/www.europesays.com\/fr\/wp-json\/wp\/v2\/media\/253395"}],"wp:attachment":[{"href":"https:\/\/www.europesays.com\/fr\/wp-json\/wp\/v2\/media?parent=253394"}],"wp:term":[{"taxonomy":"category","embeddable":true,"href":"https:\/\/www.europesays.com\/fr\/wp-json\/wp\/v2\/categories?post=253394"},{"taxonomy":"post_tag","embeddable":true,"href":"https:\/\/www.europesays.com\/fr\/wp-json\/wp\/v2\/tags?post=253394"}],"curies":[{"name":"wp","href":"https:\/\/api.w.org\/{rel}","templated":true}]}}