{"id":253400,"date":"2025-07-17T08:01:10","date_gmt":"2025-07-17T08:01:10","guid":{"rendered":"https:\/\/www.europesays.com\/fr\/253400\/"},"modified":"2025-07-17T08:01:10","modified_gmt":"2025-07-17T08:01:10","slug":"les-incroyables-images-de-thierry-ardisson-a-lhopital-pour-soigner-son-cancer","status":"publish","type":"post","link":"https:\/\/www.europesays.com\/fr\/253400\/","title":{"rendered":"les incroyables images de Thierry Ardisson \u00e0 l\u2019h\u00f4pital pour soigner son cancer"},"content":{"rendered":"<p>Quelques jours apr\u00e8s son d\u00e9c\u00e8s, l\u2019homme en noir d\u00e9voile son intimit\u00e9 dans un documentaire r\u00e9alis\u00e9 par son \u00e9pouse Audrey Crespo-Mara, diffus\u00e9 ce mercredi 16 juillet sur TF1.<\/p>\n<p class=\"fig-paragraph\">Une vie retrac\u00e9e dans la plus grande intimit\u00e9. Ce mercredi 16 juillet \u00e9tait diffus\u00e9 le documentaire portant sur la vie et l\u2019\u0153uvre de\u00a0<a href=\"https:\/\/www.lefigaro.fr\/tag\/thierry-ardisson\" target=\"_blank\" rel=\"sponsored noopener\" data-gtm-custom-categorie=\"navigation\" data-gtm-custom-action=\"crossclick\" data-gtm-custom-label=\"Contextuel\" data-gtm-event=\"customEventSPE\"><strong>Thierry Ardisson<\/strong><\/a>, r\u00e9alis\u00e9 et \u00e9crit par son \u00e9pouse\u00a0<a href=\"http:\/\/tvmag.lefigaro.fr\/programme-tv\/actu-tele\/vous-la-retrouverez-anne-claire-coudray-repousse-ses-vacances-du-jt-de-tf1-audrey-crespo-mara-attendue-20250712\" target=\"_blank\" data-fig-type=\"Article\" rel=\"noopener\" data-gtm-custom-categorie=\"navigation\" data-gtm-custom-action=\"crossclick\" data-gtm-custom-label=\"Contextuel\" data-gtm-event=\"customEventSPE\" data-fig-domain=\"TVMAG\">Audrey Crespo-Mara<\/a>. Seulement deux jours apr\u00e8s la mort de l\u2019animateur, la Une a ainsi propos\u00e9 \u00e0 ses t\u00e9l\u00e9spectateurs de se plonger dans une intimit\u00e9 jamais d\u00e9voil\u00e9e au travers de \u00abLa face cach\u00e9e de l\u2019homme en noir\u00bb.<\/p>\n<p class=\"fig-paragraph\">De son enfance \u00e0 son besoin de transgression en passant par ses grandes ambitions professionnelles, Thierry Ardisson se raconte au fil de ces 120 minutes. D\u00e8s les premi\u00e8res minutes de visionnage, le documentaire aborde le sujet de\u00a0<a href=\"http:\/\/tvmag.lefigaro.fr\/programme-tv\/ce-soir-tele\/thierry-ardisson-se-confie-pour-la-premiere-fois-sur-son-cancer-dans-le-documentaire-d-audrey-crespo-mara-20250716\" target=\"_blank\" data-fig-type=\"Article\" rel=\"noopener\" data-gtm-custom-categorie=\"navigation\" data-gtm-custom-action=\"crossclick\" data-gtm-custom-label=\"Contextuel\" data-gtm-event=\"customEventSPE\" data-fig-domain=\"TVMAG\">son cancer du foie<\/a>, dont il est atteint depuis 2012. Le tout dans le d\u00e9cor de La Piti\u00e9 Salp\u00eatri\u00e8re. Comme un fil rouge, c\u2019est dans ce m\u00eame lieu que le documentaire se conclut.<\/p>\n<p class=\"fig-body-link\">\n            \u00c0 lire aussi<br \/>\n        <a class=\"fig-body-link__link\" href=\"http:\/\/tvmag.lefigaro.fr\/programme-tv\/actu-tele\/coup-de-foudre-a-la-tele-drague-a-l-ancienne-et-amour-fou-la-belle-idylle-entre-thierry-ardisson-et-audrey-crespo-mara-20250717\" target=\"_blank\" data-fig-type=\"Article\" rel=\"noopener\" data-gtm-custom-categorie=\"navigation\" data-gtm-custom-action=\"crossclick\" data-gtm-custom-label=\"Contextuel\" data-gtm-event=\"customEventSPE\" data-fig-domain=\"TVMAG\">Coup de foudre \u00e0 la t\u00e9l\u00e9, drague \u00e0 l\u2019ancienne et amour fou\u00a0: la divine idylle entre Thierry Ardisson et Audrey Crespo-Mara<br \/>\n    <\/a>\n<\/p>\n<p>                                    <a class=\"fig-a11y-skip a11y-hidden\" href=\"#fig-a11y-skip-main-inarticle\"><br \/>\n        Passer la publicit\u00e9<br \/>\n    <\/a><\/p>\n<p class=\"fig-paragraph\">Plus qu\u2019intime, le documentaire ne se contente pas d\u2019interroger ses proches ou lui-m\u00eame sur cette maladie. Les cam\u00e9ras le suivent jusque dans les couloirs de l\u2019h\u00f4pital. Tant\u00f4t avec une blouse jetable sur le dos, allong\u00e9 sur une table d\u2019examen, tant\u00f4t en consultation avec son m\u00e9decin. Ainsi, des premi\u00e8res images en date du 20 d\u00e9cembre 2024 sont d\u00e9voil\u00e9es montrant son oncologue lui annoncer que son \u00abnodule au foie \u00e9tait stable en taille\u00bb.<\/p>\n<p class=\"fig-paragraph\">\u00abJe suis devenu tr\u00e8s f\u00e9ru de ma maladie. Je sais exactement ce que j\u2019ai. Je sais exactement ce que font les traitements. Et quand j\u2019arrive \u00e0 l\u2019h\u00f4pital, je fais don de mon corps \u00e0 la science. \u00c0 partir du moment o\u00f9 je suis allong\u00e9 sur le lit, ils ont tous pouvoirs. Ils font ce qu\u2019ils veulent\u00bb, explique-t-il en voix off, alors que les \u00e9quipes de tournage le suivent dans une salle d\u2019intervention. Blouse bleue enfil\u00e9e, branch\u00e9 \u00e0 l\u2019oxyg\u00e8ne, Thierry Ardisson est pr\u00e9par\u00e9 \u00e0 une endoscopie. Alors m\u00eame que l\u2019examen m\u00e9dical permettant d\u2019explorer l\u2019int\u00e9rieur de l\u2019organisme se d\u00e9roule, les cam\u00e9ras continuent de tourner, glanant ainsi les commentaires des m\u00e9decins.<\/p>\n<p>\u00abLa seule crainte, c\u2019est que \u00e7a s\u2019emballe\u00bb<\/p>\n<p class=\"fig-paragraph\">Quelques instants plus tard, il r\u00e9appara\u00eet, sans doute en salle de r\u00e9veil, quelque peu sonn\u00e9. \u00ab\u00c7a vous ram\u00e8ne bien dans la r\u00e9alit\u00e9 l\u2019h\u00f4pital je trouve. Pour des gens comme moi, c\u2019est important de mesurer la r\u00e9alit\u00e9 du monde parce qu\u2019on vit quand m\u00eame dans des univers faciles et l\u00e0 on redescend au niveau de la r\u00e9alit\u00e9\u00bb, d\u00e9clare-t-il dans le documentaire en expliquant n\u2019avoir pas peur et continuer de vivre normalement. Puis de nuancer\u00a0: \u00abLa seule crainte, c\u2019est que \u00e7a s\u2019emballe. Il suffirait que d\u2019un seul coup la maladie explose pour que j\u2019en aie pour six mois. Mais \u00e7a donne du go\u00fbt \u00e0 la vie\u00bb. \u00abDepuis que j\u2019ai cette maladie, je prends beaucoup plus de plaisir dans les choses simples, voir les gens que j\u2019aime. Finalement, quand \u00e7a va mal il faut serrer les dents\u00bb, lance-t-il particuli\u00e8rement \u00e9mu. Sentiment qui le suit durant l\u2019enti\u00e8ret\u00e9 du film.\u00a0<\/p>\n<p class=\"fig-paragraph\">Apr\u00e8s une premi\u00e8re salve d\u2019examens film\u00e9e, une IRM de contr\u00f4le r\u00e9alis\u00e9e en mars dernier apr\u00e8s son traitement de radioth\u00e9rapie est \u00e0 nouveau livr\u00e9e aux cam\u00e9ras d\u2019Audrey Crespo-Mara. Dans la foul\u00e9e, les d\u00e9tails de la consultation avec sa radiologue o\u00f9 Thierry Ardisson apprend avoir de nouveaux nodules sur les poumons sont eux aussi film\u00e9s. \u00abDonc le foie va bien, maintenant ce sont les poumons. Il y a des rebondissements, c\u2019est comme dans les films\u00bb, tente-t-il d\u2019ironiser. Et d\u2019ajouter aupr\u00e8s de son \u00e9pouse, toujours pr\u00e9sente \u00e0 ses c\u00f4t\u00e9s, sonnant la fin du documentaire\u00a0: \u00abJe ne vais pas mourir tout de suite. Ne t\u2019en fais pas, j\u2019ai encore huit semaines.\u00bb<\/p>\n","protected":false},"excerpt":{"rendered":"Quelques jours apr\u00e8s son d\u00e9c\u00e8s, l\u2019homme en noir d\u00e9voile son intimit\u00e9 dans un documentaire r\u00e9alis\u00e9 par son \u00e9pouse&hellip;\n","protected":false},"author":2,"featured_media":253401,"comment_status":"","ping_status":"","sticky":false,"template":"","format":"standard","meta":{"footnotes":""},"categories":[8],"tags":[101,58,1190,59,1011,27,199,10058],"class_list":{"0":"post-253400","1":"post","2":"type-post","3":"status-publish","4":"format-standard","5":"has-post-thumbnail","7":"category-divertissement","8":"tag-cancer","9":"tag-divertissement","10":"tag-documentaire","11":"tag-entertainment","12":"tag-fr","13":"tag-france","14":"tag-tf1","15":"tag-thierry-ardisson"},"share_on_mastodon":{"url":"https:\/\/pubeurope.com\/@fr\/114867528572377612","error":""},"_links":{"self":[{"href":"https:\/\/www.europesays.com\/fr\/wp-json\/wp\/v2\/posts\/253400","targetHints":{"allow":["GET"]}}],"collection":[{"href":"https:\/\/www.europesays.com\/fr\/wp-json\/wp\/v2\/posts"}],"about":[{"href":"https:\/\/www.europesays.com\/fr\/wp-json\/wp\/v2\/types\/post"}],"author":[{"embeddable":true,"href":"https:\/\/www.europesays.com\/fr\/wp-json\/wp\/v2\/users\/2"}],"replies":[{"embeddable":true,"href":"https:\/\/www.europesays.com\/fr\/wp-json\/wp\/v2\/comments?post=253400"}],"version-history":[{"count":0,"href":"https:\/\/www.europesays.com\/fr\/wp-json\/wp\/v2\/posts\/253400\/revisions"}],"wp:featuredmedia":[{"embeddable":true,"href":"https:\/\/www.europesays.com\/fr\/wp-json\/wp\/v2\/media\/253401"}],"wp:attachment":[{"href":"https:\/\/www.europesays.com\/fr\/wp-json\/wp\/v2\/media?parent=253400"}],"wp:term":[{"taxonomy":"category","embeddable":true,"href":"https:\/\/www.europesays.com\/fr\/wp-json\/wp\/v2\/categories?post=253400"},{"taxonomy":"post_tag","embeddable":true,"href":"https:\/\/www.europesays.com\/fr\/wp-json\/wp\/v2\/tags?post=253400"}],"curies":[{"name":"wp","href":"https:\/\/api.w.org\/{rel}","templated":true}]}}