{"id":253408,"date":"2025-07-17T08:05:17","date_gmt":"2025-07-17T08:05:17","guid":{"rendered":"https:\/\/www.europesays.com\/fr\/253408\/"},"modified":"2025-07-17T08:05:17","modified_gmt":"2025-07-17T08:05:17","slug":"en-cavale-apres-une-condamnation-a-paris-marco-mouly-escroc-a-la-taxe-carbone-remis-a-la-france","status":"publish","type":"post","link":"https:\/\/www.europesays.com\/fr\/253408\/","title":{"rendered":"En cavale apr\u00e8s une condamnation \u00e0 Paris, Marco Mouly, escroc \u00e0 la taxe carbone, remis \u00e0 la France"},"content":{"rendered":"<p>            Par<br \/>\n        <strong><br \/>\n            <a href=\"https:\/\/actu.fr\/auteur\/redaction-paris\" title=\"Consulter tous les articles de R\u00e9daction Paris\" rel=\"nofollow noopener\" target=\"_blank\">R\u00e9daction Paris<\/a><br \/>\n        <\/strong><\/p>\n<p>        Publi\u00e9 le<\/p>\n<p>            16 juil. 2025 \u00e0 15h09        <\/p>\n<p>Marco Mouly, figure de l\u2019escroquerie \u00e0 \u00ab\u2009la taxe carbone\u2009\u00bb, va \u00eatre remis \u00e0 la France ce mercredi 15\u00a0juillet, 2025, indique l\u2019AFP. \u00c2g\u00e9 de 60\u00a0ans, il avait \u00e9t\u00e9 condamn\u00e9 en son absence le 12\u00a0novembre dernier \u00e0 Paris \u00e0 <strong>trois ans de prison<\/strong> pour avoir organis\u00e9 son insolvabilit\u00e9 afin de ne pas rembourser ses dettes judiciaires. Un <strong>mandat d\u2019arr\u00eat avait \u00e9t\u00e9 d\u00e9livr\u00e9 \u00e0 son encontre<\/strong> par le tribunal. Il avait <a href=\"https:\/\/actu.fr\/ile-de-france\/paris_75056\/en-fuite-depuis-sa-condamnation-a-paris-l-escroc-a-la-taxe-carbone-marco-mouly-arrete-a-rome_62443595.html\" rel=\"nofollow noopener\" target=\"_blank\">\u00e9t\u00e9 interpell\u00e9 le 30\u00a0mars \u00e0 Rome<\/a> \u00e0 sa descente d\u2019avion. Son vol doit atterrir <a href=\"https:\/\/actu.fr\/tag\/aeroport-roissy-charles-de-gaulle\" rel=\"nofollow noopener\" target=\"_blank\">\u00e0 l\u2019a\u00e9roport de Roissy<\/a> (<a href=\"https:\/\/actu.fr\/ile-de-france\/seine-saint-denis_93\" rel=\"nofollow noopener\" target=\"_blank\">Seine-Saint-Denis<\/a>) ce jour en fin de journ\u00e9e.<\/p>\n<p>Dissimulation de revenus et insolvabilit\u00e9<\/p>\n<p class=\" wall-content\">\u00ab\u2009Toute cette mobilisation \u00e9tonne pour une affaire d\u2019un int\u00e9r\u00eat secondaire pour l\u2019ordre public\u2009\u00bb, a comment\u00e9 son avocat <strong>Me Philippe Ohayon<\/strong>, interrog\u00e9 par l\u2019AFP.<br \/>Surnomm\u00e9 le \u00ab\u2009roi de l\u2019arnaque\u2009\u00bb, Marco Mouly, de son vrai nom Mardoch\u00e9 Mouly, avait \u00e9t\u00e9 remis en libert\u00e9 le 2\u00a0novembre dernier apr\u00e8s un retour en prison en mars de la m\u00eame ann\u00e9e \u00e0 la suite d\u2019une r\u00e9vocation partielle d\u2019une peine de sursis datant de 2019.<\/p>\n<p class=\" wall-content\">Dans l\u2019affaire jug\u00e9e le 12\u00a0novembre, <a href=\"https:\/\/actu.fr\/ile-de-france\/paris_75056\/paris-l-escroc-a-la-taxe-carbone-marco-mouly-condamne-a-trois-ans-de-prison-pour-insolvabilite_61853385.html\" rel=\"nofollow noopener\" target=\"_blank\">il lui \u00e9tait notamment reproch\u00e9 d\u2019avoir minor\u00e9 ses droits d\u2019auteur<\/a> dans des contrats d\u2019\u00e9dition, principalement pour le livre dont il a \u00e9t\u00e9 le co-auteur, \u00ab\u2009La cavale\u2009\u00bb (2022). Il est aussi accus\u00e9 d\u2019avoir <strong>dissimul\u00e9 des revenus<\/strong> dans le cadre d\u2019un contrat d\u2019influenceur pour l\u2019ancienne \u00ab\u2009papesse de l\u2019influence\u2009\u00bb <a href=\"https:\/\/actu.fr\/ile-de-france\/paris_75056\/paris-booba-jette-l-eponge-dans-son-bras-de-fer-judiciaire-avec-l-ex-reine-de-influenceurs-magali-berdah_62333069.html\" rel=\"nofollow noopener\" target=\"_blank\">Magali Berdah et son mari St\u00e9phane Teboul<\/a>. Il \u00e9tait \u00e9galement jug\u00e9 pour avoir cr\u00e9\u00e9 une soci\u00e9t\u00e9, la SAS I Trade, sans v\u00e9ritable activit\u00e9 \u00e9conomique. Dans cette proc\u00e9dure, il a \u00e9galement \u00e9t\u00e9 reconnu coupable d\u2019abus de biens sociaux.<\/p>\n<p>Condamn\u00e9 pour l\u2019escroquerie \u00e0 la taxe carbone<\/p>\n<p class=\" wall-content\">Fin juin\u00a02017, il avait \u00e9t\u00e9 condamn\u00e9 en appel \u00e0 huit ans d\u2019emprisonnement ainsi qu\u2019\u00e0 un million d\u2019euros d\u2019amende dans l\u2019affaire dite de la \u00ab\u2009taxe carbone\u2009\u00bb, vaste fraude \u00e0 la TVA sur le march\u00e9 des droits \u00e0 polluer. Il avait \u00e9galement \u00e9t\u00e9 condamn\u00e9 solidairement avec les autres co-pr\u00e9venus, dont Arnaud Mimran, <strong>\u00e0 verser 283\u00a0millions d\u2019euros de dommages et int\u00e9r\u00eats<\/strong> \u00e0 l\u2019\u00c9tat. Cette vaste fraude a donn\u00e9 lieu en 2021 \u00e0 une s\u00e9rie documentaire de Guillaume Nicloux intitul\u00e9e \u00ab\u2009Les Rois de l\u2019arnaque\u2009\u00bb dans lequel il tenait une place de choix.<\/p>\n<p class=\" wall-content\">Avec AFP<\/p>\n<p class=\" wall-content\">Suivez toute l\u2019actualit\u00e9 de vos villes et m\u00e9dias favoris en vous inscrivant \u00e0 <a href=\"https:\/\/moncompte.actu.fr\" title=\"D\u00e9couvez Mon Actu\" rel=\"nofollow noopener\" data-trk=\"{&quot;cta&quot;:{&quot;action&quot;:&quot;https:\\\/\\\/moncompte.actu.fr&quot;,&quot;category&quot;:&quot;mon compte&quot;,&quot;from&quot;:&quot;article footer&quot;,&quot;name&quot;:&quot;Mon actu&quot;,&quot;type&quot;:&quot;cta&quot;}}\" target=\"_blank\">Mon Actu<\/a>.<\/p>\n","protected":false},"excerpt":{"rendered":"Par R\u00e9daction Paris Publi\u00e9 le 16 juil. 2025 \u00e0 15h09 Marco Mouly, figure de l\u2019escroquerie \u00e0 \u00ab\u2009la taxe&hellip;\n","protected":false},"author":2,"featured_media":253409,"comment_status":"","ping_status":"","sticky":false,"template":"","format":"standard","meta":{"footnotes":""},"categories":[4],"tags":[11,3514,3513,118,1011,27,303,12,25],"class_list":{"0":"post-253408","1":"post","2":"type-post","3":"status-publish","4":"format-standard","5":"has-post-thumbnail","7":"category-france","8":"tag-actualites","9":"tag-arnaque","10":"tag-escroquerie","11":"tag-faits-divers","12":"tag-fr","13":"tag-france","14":"tag-justice","15":"tag-news","16":"tag-republique-francaise"},"share_on_mastodon":{"url":"https:\/\/pubeurope.com\/@fr\/114867543945298697","error":""},"_links":{"self":[{"href":"https:\/\/www.europesays.com\/fr\/wp-json\/wp\/v2\/posts\/253408","targetHints":{"allow":["GET"]}}],"collection":[{"href":"https:\/\/www.europesays.com\/fr\/wp-json\/wp\/v2\/posts"}],"about":[{"href":"https:\/\/www.europesays.com\/fr\/wp-json\/wp\/v2\/types\/post"}],"author":[{"embeddable":true,"href":"https:\/\/www.europesays.com\/fr\/wp-json\/wp\/v2\/users\/2"}],"replies":[{"embeddable":true,"href":"https:\/\/www.europesays.com\/fr\/wp-json\/wp\/v2\/comments?post=253408"}],"version-history":[{"count":0,"href":"https:\/\/www.europesays.com\/fr\/wp-json\/wp\/v2\/posts\/253408\/revisions"}],"wp:featuredmedia":[{"embeddable":true,"href":"https:\/\/www.europesays.com\/fr\/wp-json\/wp\/v2\/media\/253409"}],"wp:attachment":[{"href":"https:\/\/www.europesays.com\/fr\/wp-json\/wp\/v2\/media?parent=253408"}],"wp:term":[{"taxonomy":"category","embeddable":true,"href":"https:\/\/www.europesays.com\/fr\/wp-json\/wp\/v2\/categories?post=253408"},{"taxonomy":"post_tag","embeddable":true,"href":"https:\/\/www.europesays.com\/fr\/wp-json\/wp\/v2\/tags?post=253408"}],"curies":[{"name":"wp","href":"https:\/\/api.w.org\/{rel}","templated":true}]}}