{"id":253412,"date":"2025-07-17T08:07:34","date_gmt":"2025-07-17T08:07:34","guid":{"rendered":"https:\/\/www.europesays.com\/fr\/253412\/"},"modified":"2025-07-17T08:07:34","modified_gmt":"2025-07-17T08:07:34","slug":"les-bars-historiques-de-saint-etienne-le-bar-de-lyon-a-su-conserver-son-ame-a-travers-les-decennies","status":"publish","type":"post","link":"https:\/\/www.europesays.com\/fr\/253412\/","title":{"rendered":"Les bars historiques de Saint-\u00c9tienne. Le Bar de Lyon a su conserver son \u00e2me \u00e0 travers les d\u00e9cennies"},"content":{"rendered":"<p>Longtemps surnomm\u00e9 \u00ab\u00a0chez Yvette\u00a0\u00bb par les habitu\u00e9s, le Bar de Lyon, au 1 rue \u00c9lise-Gervais, \u00e0 deux pas de la place Jean-Moulin, a \u00e9t\u00e9 fond\u00e9 voici pr\u00e8s de quatre-vingt-dix ans, en 1936. Et il a \u00e9t\u00e9 tenu par la famille Vigier jusqu\u2019en 2009.<\/p>\n<p>Yvette, derni\u00e8re descendante \u00e0 la t\u00eate de l\u2019\u00e9tablissement, \u00e9tait une femme de caract\u00e8re, qui a marqu\u00e9 plusieurs g\u00e9n\u00e9rations de St\u00e9phanois. Dans les ann\u00e9es 1960, le bar \u00e9tait le rendez-vous incontournable de l\u2019intelligentsia locale. \u00c9l\u00e8ves des classes&#8230;<\/p>\n","protected":false},"excerpt":{"rendered":"Longtemps surnomm\u00e9 \u00ab\u00a0chez Yvette\u00a0\u00bb par les habitu\u00e9s, le Bar de Lyon, au 1 rue \u00c9lise-Gervais, \u00e0 deux pas&hellip;\n","protected":false},"author":2,"featured_media":253413,"comment_status":"","ping_status":"","sticky":false,"template":"","format":"standard","meta":{"footnotes":""},"categories":[9653],"tags":[1111,11,2430,4406,33,7539,1777,674,1011,27,3367,12,25,4001,7538],"class_list":{"0":"post-253412","1":"post","2":"type-post","3":"status-publish","4":"format-standard","5":"has-post-thumbnail","7":"category-saint-etienne","8":"tag-actu","9":"tag-actualites","10":"tag-auvergne-rhone-alpes","11":"tag-commerce-et-services","12":"tag-economie","13":"tag-edition-loire-sud","14":"tag-eu","15":"tag-europe","16":"tag-fr","17":"tag-france","18":"tag-loire","19":"tag-news","20":"tag-republique-francaise","21":"tag-saint-etienne","22":"tag-saint-etienne-ville"},"share_on_mastodon":{"url":"https:\/\/pubeurope.com\/@fr\/114867551886289750","error":""},"_links":{"self":[{"href":"https:\/\/www.europesays.com\/fr\/wp-json\/wp\/v2\/posts\/253412","targetHints":{"allow":["GET"]}}],"collection":[{"href":"https:\/\/www.europesays.com\/fr\/wp-json\/wp\/v2\/posts"}],"about":[{"href":"https:\/\/www.europesays.com\/fr\/wp-json\/wp\/v2\/types\/post"}],"author":[{"embeddable":true,"href":"https:\/\/www.europesays.com\/fr\/wp-json\/wp\/v2\/users\/2"}],"replies":[{"embeddable":true,"href":"https:\/\/www.europesays.com\/fr\/wp-json\/wp\/v2\/comments?post=253412"}],"version-history":[{"count":0,"href":"https:\/\/www.europesays.com\/fr\/wp-json\/wp\/v2\/posts\/253412\/revisions"}],"wp:featuredmedia":[{"embeddable":true,"href":"https:\/\/www.europesays.com\/fr\/wp-json\/wp\/v2\/media\/253413"}],"wp:attachment":[{"href":"https:\/\/www.europesays.com\/fr\/wp-json\/wp\/v2\/media?parent=253412"}],"wp:term":[{"taxonomy":"category","embeddable":true,"href":"https:\/\/www.europesays.com\/fr\/wp-json\/wp\/v2\/categories?post=253412"},{"taxonomy":"post_tag","embeddable":true,"href":"https:\/\/www.europesays.com\/fr\/wp-json\/wp\/v2\/tags?post=253412"}],"curies":[{"name":"wp","href":"https:\/\/api.w.org\/{rel}","templated":true}]}}