{"id":253414,"date":"2025-07-17T08:08:12","date_gmt":"2025-07-17T08:08:12","guid":{"rendered":"https:\/\/www.europesays.com\/fr\/253414\/"},"modified":"2025-07-17T08:08:12","modified_gmt":"2025-07-17T08:08:12","slug":"sept-jeunes-quimperois-aux-championnats-de-france-avenir-a-saint-etienne-ce-week-end","status":"publish","type":"post","link":"https:\/\/www.europesays.com\/fr\/253414\/","title":{"rendered":"Sept jeunes Quimp\u00e9rois aux championnats de France \u00ab\u00a0Avenir\u00a0\u00bb \u00e0 Saint-\u00c9tienne ce week-end"},"content":{"rendered":"<p>Sept athl\u00e8tes du Quimper Athl\u00e9tisme disputent ce week-end du 19 au 20 juillet \u00e0 Saint-\u00c9tienne les championnats de France \u00ab\u00a0Avenir\u00a0\u00bb. Cette comp\u00e9tition est r\u00e9serv\u00e9e aux athl\u00e8tes des cat\u00e9gories cadettes, juniors et espoirs (filles et gar\u00e7ons). Il s\u2019agit de Samuel Portrait (100 m junior), Gabriel Acquitter (800 m junior), Malwenn Le Buan (1\u00a0500 m cadet), Cl\u00e9ment Luguern (5\u00a0000 m junior), Charlyne Martin (100 m haies espoir), Garance Dubray (3\u00a0000 m steeple espoir) et Titouan Lam\u00e9zec (triple saut espoir).<\/p>\n<p>Ces sept athl\u00e8tes du club pr\u00e9sid\u00e9 par Jean-Paul Aurri\u00e8re ont assur\u00e9 leur pr\u00e9sence \u00e0 ces nationaux gr\u00e2ce \u00e0 leurs performances obtenues dans les diff\u00e9rents meetings et les championnats auxquels ils ont pris part depuis le d\u00e9but de la saison estivale qui a d\u00e9but\u00e9 au mois d\u2019avril dernier. Certains sont bien arm\u00e9s pour approcher du podium voire y avoir acc\u00e8s. On peut l\u00e9gitimement penser qu\u2019\u00e0 Saint-\u00c9tienne le triple sauteur Titouan Lam\u00e9zec est \u00e0 nouveau en mesure de jouer les premiers r\u00f4les. Lors des championnats de France hivernaux \u00e0 Nantes le 8 f\u00e9vrier, l\u2019espoir quimp\u00e9rois a \u00e9t\u00e9 sacr\u00e9 champion de France en salle du triple saut.<\/p>\n","protected":false},"excerpt":{"rendered":"Sept athl\u00e8tes du Quimper Athl\u00e9tisme disputent ce week-end du 19 au 20 juillet \u00e0 Saint-\u00c9tienne les championnats de&hellip;\n","protected":false},"author":2,"featured_media":253415,"comment_status":"","ping_status":"","sticky":false,"template":"","format":"standard","meta":{"footnotes":""},"categories":[9653],"tags":[1111,11,2430,1777,674,1011,27,12,3319,39381,25,4001],"class_list":{"0":"post-253414","1":"post","2":"type-post","3":"status-publish","4":"format-standard","5":"has-post-thumbnail","7":"category-saint-etienne","8":"tag-actu","9":"tag-actualites","10":"tag-auvergne-rhone-alpes","11":"tag-eu","12":"tag-europe","13":"tag-fr","14":"tag-france","15":"tag-news","16":"tag-quimper","17":"tag-quimper-athletisme","18":"tag-republique-francaise","19":"tag-saint-etienne"},"share_on_mastodon":{"url":"https:\/\/pubeurope.com\/@fr\/114867555838108762","error":""},"_links":{"self":[{"href":"https:\/\/www.europesays.com\/fr\/wp-json\/wp\/v2\/posts\/253414","targetHints":{"allow":["GET"]}}],"collection":[{"href":"https:\/\/www.europesays.com\/fr\/wp-json\/wp\/v2\/posts"}],"about":[{"href":"https:\/\/www.europesays.com\/fr\/wp-json\/wp\/v2\/types\/post"}],"author":[{"embeddable":true,"href":"https:\/\/www.europesays.com\/fr\/wp-json\/wp\/v2\/users\/2"}],"replies":[{"embeddable":true,"href":"https:\/\/www.europesays.com\/fr\/wp-json\/wp\/v2\/comments?post=253414"}],"version-history":[{"count":0,"href":"https:\/\/www.europesays.com\/fr\/wp-json\/wp\/v2\/posts\/253414\/revisions"}],"wp:featuredmedia":[{"embeddable":true,"href":"https:\/\/www.europesays.com\/fr\/wp-json\/wp\/v2\/media\/253415"}],"wp:attachment":[{"href":"https:\/\/www.europesays.com\/fr\/wp-json\/wp\/v2\/media?parent=253414"}],"wp:term":[{"taxonomy":"category","embeddable":true,"href":"https:\/\/www.europesays.com\/fr\/wp-json\/wp\/v2\/categories?post=253414"},{"taxonomy":"post_tag","embeddable":true,"href":"https:\/\/www.europesays.com\/fr\/wp-json\/wp\/v2\/tags?post=253414"}],"curies":[{"name":"wp","href":"https:\/\/api.w.org\/{rel}","templated":true}]}}