{"id":253420,"date":"2025-07-17T08:11:10","date_gmt":"2025-07-17T08:11:10","guid":{"rendered":"https:\/\/www.europesays.com\/fr\/253420\/"},"modified":"2025-07-17T08:11:10","modified_gmt":"2025-07-17T08:11:10","slug":"a-la-valette-du-var-les-rendez-vous-aux-jardins-ont-illumine-la-ville","status":"publish","type":"post","link":"https:\/\/www.europesays.com\/fr\/253420\/","title":{"rendered":"\u00c0 La Valette-du-Var, les Rendez-vous aux Jardins ont illumin\u00e9 la ville"},"content":{"rendered":"<p>                    <img loading=\"lazy\" decoding=\"async\" src=\"https:\/\/www.europesays.com\/fr\/wp-content\/uploads\/2025\/07\/0fe0bf40a0cd0248a72a0f75172d07.jpg\" class=\"img-responsive post-image\" width=\"680\" height=\"510\" alt=\"\u00c0 La Valette-du-Var, (\u2026)\" title=\"\u00c0 La Valette-du-Var, les Rendez-vous aux Jardins ont illumin\u00e9 la ville\"\/><\/p>\n<p class=\"chapo\">Les deux Jardins Remarquables de la ville ont accueilli un week-end riche en nature, culture et d\u00e9couvertes.<\/p>\n<p>Les Rendez-vous aux Jardins ont fait sensation \u00e0 La Valette du Var les 7 et 8 juin. Les deux Jardins Remarquables ont ouvert leurs portes au public pour offrir un week-end plac\u00e9 sous le signe de la nature, de la culture et de la convivialit\u00e9.<br class=\"texte\"\/><br \/>\n<strong>Au Jardin remarquable de Baudouvin<\/strong>, visiteurs de tous \u00e2ges ont particip\u00e9 \u00e0 divers ateliers, d\u00e9couvert une exposition, assist\u00e9 \u00e0 un concert en plein air et se sont amus\u00e9s avec des jeux, dont une roue \u00e9cologique tr\u00e8s appr\u00e9ci\u00e9e. Les atmosph\u00e8res des diff\u00e9rents espaces du jardin ont permis \u00e0 chacun de se reconnecter avec la nature dans un cadre apaisant et culturel.<br class=\"autobr\"\/><br \/>\n<strong>Au Domaine d\u2019Orv\u00e8s<\/strong>, le programme \u00e9tait tout aussi dense et vari\u00e9\u00a0: des conf\u00e9rences passionnantes sur la biodiversit\u00e9 ont captiv\u00e9 les participants tandis qu\u2019un spectacle de danse contemporaine a \u00e9merveill\u00e9 le public. Les jeunes musiciens du Conservatoire ont \u00e9galement offert une belle prestation musicale, et des ateliers th\u00e9matiques ont permis de mieux comprendre les richesses des jardins m\u00e9diterran\u00e9ens.<\/p>\n<p>Photo de Une \u00a9PRESSE AGENCE<\/p>\n","protected":false},"excerpt":{"rendered":"Les deux Jardins Remarquables de la ville ont accueilli un week-end riche en nature, culture et d\u00e9couvertes. Les&hellip;\n","protected":false},"author":2,"featured_media":253421,"comment_status":"","ping_status":"","sticky":false,"template":"","format":"standard","meta":{"footnotes":""},"categories":[9619],"tags":[1111,11,2408,1777,674,1011,27,12,882,25,2310],"class_list":{"0":"post-253420","1":"post","2":"type-post","3":"status-publish","4":"format-standard","5":"has-post-thumbnail","7":"category-toulon","8":"tag-actu","9":"tag-actualites","10":"tag-appels-d","11":"tag-eu","12":"tag-europe","13":"tag-fr","14":"tag-france","15":"tag-news","16":"tag-provence-alpes-cote-dazur","17":"tag-republique-francaise","18":"tag-toulon"},"share_on_mastodon":{"url":"https:\/\/pubeurope.com\/@fr\/114867567610936767","error":""},"_links":{"self":[{"href":"https:\/\/www.europesays.com\/fr\/wp-json\/wp\/v2\/posts\/253420","targetHints":{"allow":["GET"]}}],"collection":[{"href":"https:\/\/www.europesays.com\/fr\/wp-json\/wp\/v2\/posts"}],"about":[{"href":"https:\/\/www.europesays.com\/fr\/wp-json\/wp\/v2\/types\/post"}],"author":[{"embeddable":true,"href":"https:\/\/www.europesays.com\/fr\/wp-json\/wp\/v2\/users\/2"}],"replies":[{"embeddable":true,"href":"https:\/\/www.europesays.com\/fr\/wp-json\/wp\/v2\/comments?post=253420"}],"version-history":[{"count":0,"href":"https:\/\/www.europesays.com\/fr\/wp-json\/wp\/v2\/posts\/253420\/revisions"}],"wp:featuredmedia":[{"embeddable":true,"href":"https:\/\/www.europesays.com\/fr\/wp-json\/wp\/v2\/media\/253421"}],"wp:attachment":[{"href":"https:\/\/www.europesays.com\/fr\/wp-json\/wp\/v2\/media?parent=253420"}],"wp:term":[{"taxonomy":"category","embeddable":true,"href":"https:\/\/www.europesays.com\/fr\/wp-json\/wp\/v2\/categories?post=253420"},{"taxonomy":"post_tag","embeddable":true,"href":"https:\/\/www.europesays.com\/fr\/wp-json\/wp\/v2\/tags?post=253420"}],"curies":[{"name":"wp","href":"https:\/\/api.w.org\/{rel}","templated":true}]}}