{"id":253429,"date":"2025-07-17T08:16:11","date_gmt":"2025-07-17T08:16:11","guid":{"rendered":"https:\/\/www.europesays.com\/fr\/253429\/"},"modified":"2025-07-17T08:16:11","modified_gmt":"2025-07-17T08:16:11","slug":"mercato-du-nouveau-a-rouen-et-au-vafc-romao-de-retour-en-france","status":"publish","type":"post","link":"https:\/\/www.europesays.com\/fr\/253429\/","title":{"rendered":"Mercato. Du nouveau \u00e0 Rouen et au VAFC, Romao de retour en France&#8230;"},"content":{"rendered":"<p><img loading=\"lazy\" decoding=\"async\" width=\"696\" height=\"662\" class=\"lazyload entry-thumb\" src=\"https:\/\/www.europesays.com\/fr\/wp-content\/uploads\/2025\/07\/Romao-six-four-696x662.jpg\" alt=\"\" title=\"Romao six four\"\/>Cr\u00e9dit photo : SFBFC<\/p>\n<p style=\"font-size:20px\"><strong>Le mercato estival se poursuit avec de nouvelles arriv\u00e9es du c\u00f4t\u00e9 du FC Rouen et du VAFC mais aussi le retour en France d\u2019Alaixys Romao au sein d\u2019un club de R\u00e9gional 1 (potentiellement N3).<\/strong><\/p>\n<p>Valenciennes a poursuivi son prometteur recrutement avec l\u2019arriv\u00e9e du milieu d\u00e9fensif Samir Belloumou (31 ans), qui portait le maillot du FC Martigues en Ligue 2 la saison derni\u00e8re. \u00ab Le projet du VAFC m\u2019a vraiment emball\u00e9. En ayant discut\u00e9 avec le coach, je savais que c\u2019\u00e9tait un projet ambitieux. Je sortais de trois belles saisons avec Martigues o\u00f9 j\u2019ai v\u00e9cu de belles \u00e9motions et j\u2019esp\u00e8re vraiment revivre \u00e7a ici. Le VAFC est un club historique, tr\u00e8s structur\u00e9 et avec beaucoup de supporters. Tout \u00e7a m\u2019a convaincu et m\u2019a donn\u00e9 envie. J\u2019ai h\u00e2te de d\u00e9buter et de vivre de tr\u00e8s belles aventures. Au niveau de mon profil, je suis un milieu d\u00e9fensif \u00e0 la relance avec les d\u00e9fenseurs pour essayer de bien ressortir les ballons mais aussi de bien d\u00e9fendre avec l\u2019\u00e9quipe \u00bb a-t-il confi\u00e9 <a href=\"https:\/\/www.va-fc.com\/articles\/29185\" target=\"_blank\" rel=\"noopener\">sur le site officiel du club<\/a>.<\/p>\n<p>Le VAFC aurait par ailleurs dans le viseur le jeune d\u00e9fenseur des Girondins de Bordeaux (National 2) Jean Grillot (19 ans) d\u2019apr\u00e8s les informations du journal Sud Ouest. Le joueur est sous contrat avec Bordeaux jusqu\u2019en 2026.<\/p>\n<p>Le FC Rouen a de son c\u00f4t\u00e9 annonc\u00e9 la signature du d\u00e9fenseur lat\u00e9ral gauche Antonin Cartillier (21 ans) qui connait bien le National puisqu\u2019il portait la saison derni\u00e8re les couleurs de l\u2019US Orl\u00e9ans (19 matchs, une passe d\u00e9cisive).<\/p>\n<p>Les deux nouvelles suivantes ne concernent pas des clubs de National mais deux joueurs qui apporteront toute leur exp\u00e9rience au niveau amateur : l\u2019ancien milieu de terrain de l\u2019Olympique de Marseille ou encore du GF38 Alaixys Romao s\u2019est ainsi engag\u00e9 en faveur de <a href=\"https:\/\/footamateur.ouest-france.fr\/dncg-bourg-en-bresse-et-poitiers-sauves-six-fours-interdit-daccession\/\" target=\"_blank\" rel=\"noopener\">Six-Fours Le Brusc (R\u00e9gional 1 ou National 3 selon les proc\u00e9dures en cours)<\/a> alors que l\u2019ancien joueur du FC Lorient ou encore du Stade Brestois Mathias Autret a rejoint Milizac en National 3.<\/p>\n<p><a href=\"https:\/\/footamateur.ouest-france.fr\/author\/fred\/\" class=\"url\" title=\"Fr\u00e9d\u00e9ric Sougey\" target=\"_blank\" rel=\"noopener\"> <img decoding=\"async\" src=\"https:\/\/www.europesays.com\/fr\/wp-content\/uploads\/2025\/04\/gnlpcfya_400x400.jpg\" class=\"lazyload photo\" width=\"250\" alt=\"Fr\u00e9d\u00e9ric Sougey\"\/><\/a><\/p>\n<p>Journaliste chez Sports M\u00e9dia<\/p>\n<p>Elev\u00e9 au c\u0153ur des Alpes, Fred quitte (temporairement) son Grenoble ador\u00e9 pour pr\u00eater sa plume et son regard au monde amateur et plus particuli\u00e8rement au Championnat National dont il est un assidu observateur. Fan de tartiflette, de Karim Mokeddem et de Mulholland Drive. Les bonnes choses de la vie, en somme.<\/p>\n<p><a href=\"https:\/\/footamateur.ouest-france.fr\/author\/fred\/\" class=\"url\" title=\"Fr\u00e9d\u00e9ric Sougey\" target=\"_blank\" rel=\"noopener\"><img decoding=\"async\" src=\"https:\/\/www.europesays.com\/fr\/wp-content\/uploads\/2025\/04\/gnlpcfya_400x400.jpg\" class=\"lazyload photo\" width=\"250\" alt=\"Fr\u00e9d\u00e9ric Sougey\"\/><\/a>Les derniers articles par Fr\u00e9d\u00e9ric Sougey (<a href=\"https:\/\/footamateur.ouest-france.fr\/author\/fred\/\" target=\"_blank\" rel=\"noopener\">tout voir<\/a>)<\/p>\n","protected":false},"excerpt":{"rendered":"Cr\u00e9dit photo : SFBFC Le mercato estival se poursuit avec de nouvelles arriv\u00e9es du c\u00f4t\u00e9 du FC Rouen&hellip;\n","protected":false},"author":2,"featured_media":253430,"comment_status":"","ping_status":"","sticky":false,"template":"","format":"standard","meta":{"footnotes":""},"categories":[9587],"tags":[1111,11,39382,1777,674,12003,1011,27,12,5161,25,9590,39383,2222],"class_list":{"0":"post-253429","1":"post","2":"type-post","3":"status-publish","4":"format-standard","5":"has-post-thumbnail","7":"category-rouen","8":"tag-actu","9":"tag-actualites","10":"tag-alaixys-romao","11":"tag-eu","12":"tag-europe","13":"tag-fc-rouen","14":"tag-fr","15":"tag-france","16":"tag-news","17":"tag-normandie","18":"tag-republique-francaise","19":"tag-rouen","20":"tag-six-four-le-brusc","21":"tag-valenciennes"},"share_on_mastodon":{"url":"https:\/\/pubeurope.com\/@fr\/114867587393433155","error":""},"_links":{"self":[{"href":"https:\/\/www.europesays.com\/fr\/wp-json\/wp\/v2\/posts\/253429","targetHints":{"allow":["GET"]}}],"collection":[{"href":"https:\/\/www.europesays.com\/fr\/wp-json\/wp\/v2\/posts"}],"about":[{"href":"https:\/\/www.europesays.com\/fr\/wp-json\/wp\/v2\/types\/post"}],"author":[{"embeddable":true,"href":"https:\/\/www.europesays.com\/fr\/wp-json\/wp\/v2\/users\/2"}],"replies":[{"embeddable":true,"href":"https:\/\/www.europesays.com\/fr\/wp-json\/wp\/v2\/comments?post=253429"}],"version-history":[{"count":0,"href":"https:\/\/www.europesays.com\/fr\/wp-json\/wp\/v2\/posts\/253429\/revisions"}],"wp:featuredmedia":[{"embeddable":true,"href":"https:\/\/www.europesays.com\/fr\/wp-json\/wp\/v2\/media\/253430"}],"wp:attachment":[{"href":"https:\/\/www.europesays.com\/fr\/wp-json\/wp\/v2\/media?parent=253429"}],"wp:term":[{"taxonomy":"category","embeddable":true,"href":"https:\/\/www.europesays.com\/fr\/wp-json\/wp\/v2\/categories?post=253429"},{"taxonomy":"post_tag","embeddable":true,"href":"https:\/\/www.europesays.com\/fr\/wp-json\/wp\/v2\/tags?post=253429"}],"curies":[{"name":"wp","href":"https:\/\/api.w.org\/{rel}","templated":true}]}}