{"id":253435,"date":"2025-07-17T08:19:12","date_gmt":"2025-07-17T08:19:12","guid":{"rendered":"https:\/\/www.europesays.com\/fr\/253435\/"},"modified":"2025-07-17T08:19:12","modified_gmt":"2025-07-17T08:19:12","slug":"a-rennes-la-prefecture-visee-par-un-cocktail-molotov-dans-la-nuit","status":"publish","type":"post","link":"https:\/\/www.europesays.com\/fr\/253435\/","title":{"rendered":"\u00c0 Rennes, la Pr\u00e9fecture vis\u00e9e par un cocktail molotov dans la nuit"},"content":{"rendered":"<p>Un cocktail molotov a \u00e9t\u00e9 lanc\u00e9 contre la Pr\u00e9fecture Martenot, en plein centre de Rennes, dans la nuit du mercredi 16 au jeudi 17 juillet, peu apr\u00e8s minuit. L\u2019engin incendiaire a \u00e9t\u00e9 projet\u00e9 \u00e0 travers les grilles, touchant l\u2019un des murs d\u2019un pavillon.<\/p>\n<p><img decoding=\"async\" src=\"https:\/\/www.europesays.com\/fr\/wp-content\/uploads\/2025\/07\/6878a8b0b399e14bb3089722.1.jpeg\" width=\"480\" height=\"300\" class=\"web_golden_m\" loading=\"lazy\" alt=\"Un pan de mur a \u00e9t\u00e9 br\u00fbl\u00e9 \u00e0 la suite de ce jet de cocktail molotov.\"\/>Un pan de mur a \u00e9t\u00e9 br\u00fbl\u00e9 \u00e0 la suite de ce jet de cocktail molotov. (Le T\u00e9l\u00e9gramme\/Raphael Rocher-Campas)<\/p>\n<p>Des flammes ont jailli mais le feu s\u2019est rapidement \u00e9teint tout seul, sans causer de d\u00e9g\u00e2ts significatifs, ni n\u00e9cessiter l\u2019intervention des pompiers. Deux individus encagoul\u00e9s ont \u00e9t\u00e9 aper\u00e7us sur les lieux par plusieurs t\u00e9moins avant de prendre la fuite.<\/p>\n<p>Sur place, la police a retrouv\u00e9 des morceaux de verres bris\u00e9s provenant d\u2019une bouteille ainsi que des traces de liquides inflammables. Une enqu\u00eate a \u00e9t\u00e9 ouverte.<\/p>\n","protected":false},"excerpt":{"rendered":"Un cocktail molotov a \u00e9t\u00e9 lanc\u00e9 contre la Pr\u00e9fecture Martenot, en plein centre de Rennes, dans la nuit&hellip;\n","protected":false},"author":2,"featured_media":253436,"comment_status":"","ping_status":"","sticky":false,"template":"","format":"standard","meta":{"footnotes":""},"categories":[2821],"tags":[1111,11,829,765,1777,674,118,3383,1011,27,848,12,584,25],"class_list":{"0":"post-253435","1":"post","2":"type-post","3":"status-publish","4":"format-standard","5":"has-post-thumbnail","7":"category-rennes","8":"tag-actu","9":"tag-actualites","10":"tag-bretagne","11":"tag-en-continu","12":"tag-eu","13":"tag-europe","14":"tag-faits-divers","15":"tag-faits-divers-a-rennes","16":"tag-fr","17":"tag-france","18":"tag-ille-et-vilaine","19":"tag-news","20":"tag-rennes","21":"tag-republique-francaise"},"share_on_mastodon":{"url":"https:\/\/pubeurope.com\/@fr\/114867599142755878","error":""},"_links":{"self":[{"href":"https:\/\/www.europesays.com\/fr\/wp-json\/wp\/v2\/posts\/253435","targetHints":{"allow":["GET"]}}],"collection":[{"href":"https:\/\/www.europesays.com\/fr\/wp-json\/wp\/v2\/posts"}],"about":[{"href":"https:\/\/www.europesays.com\/fr\/wp-json\/wp\/v2\/types\/post"}],"author":[{"embeddable":true,"href":"https:\/\/www.europesays.com\/fr\/wp-json\/wp\/v2\/users\/2"}],"replies":[{"embeddable":true,"href":"https:\/\/www.europesays.com\/fr\/wp-json\/wp\/v2\/comments?post=253435"}],"version-history":[{"count":0,"href":"https:\/\/www.europesays.com\/fr\/wp-json\/wp\/v2\/posts\/253435\/revisions"}],"wp:featuredmedia":[{"embeddable":true,"href":"https:\/\/www.europesays.com\/fr\/wp-json\/wp\/v2\/media\/253436"}],"wp:attachment":[{"href":"https:\/\/www.europesays.com\/fr\/wp-json\/wp\/v2\/media?parent=253435"}],"wp:term":[{"taxonomy":"category","embeddable":true,"href":"https:\/\/www.europesays.com\/fr\/wp-json\/wp\/v2\/categories?post=253435"},{"taxonomy":"post_tag","embeddable":true,"href":"https:\/\/www.europesays.com\/fr\/wp-json\/wp\/v2\/tags?post=253435"}],"curies":[{"name":"wp","href":"https:\/\/api.w.org\/{rel}","templated":true}]}}