{"id":253439,"date":"2025-07-17T08:21:11","date_gmt":"2025-07-17T08:21:11","guid":{"rendered":"https:\/\/www.europesays.com\/fr\/253439\/"},"modified":"2025-07-17T08:21:11","modified_gmt":"2025-07-17T08:21:11","slug":"lampertheim-prix-du-livre-jeunesse-ecolo-2025-lillustratrice-et-autrice-de-bd-ariane-pinel-a-la-mediatheque","status":"publish","type":"post","link":"https:\/\/www.europesays.com\/fr\/253439\/","title":{"rendered":"Lampertheim. Prix du livre jeunesse \u00e9colo 2025, l\u2019illustratrice et autrice de BD Ariane Pinel \u00e0 la m\u00e9diath\u00e8que"},"content":{"rendered":"<p>Dans le cadre de la Fabrique du livre jeunesse organis\u00e9e par Interbibly, centre de ressources du livre et du patrimoine \u00e9crit en Grand Est et financ\u00e9 par la R\u00e9gion, l\u2019illustratrice et autrice <a href=\"https:\/\/www.dna.fr\/culture-loisirs\/2021\/02\/04\/le-fil-d-ariane-pinel\" target=\"_blank\" rel=\"noopener\">Ariane Pinel<\/a> a \u00e9t\u00e9 choisie pour animer un atelier \u00e0 la m\u00e9diath\u00e8que Mille et une pages de Lampertheim.<\/p>\n<p>N\u00e9e en 1983 et originaire de Toulouse, elle y passe un bac L en 2000. Elle poursuit ses \u00e9tudes \u00e0 Strasbourg \u00e0 la Haute \u00e9cole des arts du Rhin (HEAR). C\u2019est l\u00e0 qu\u2019elle \u00e9tudie l\u2019illustration et la BD. Elle sort sa premi\u00e8re BD mythologique en couleurs Au fil d\u2019Ariane en 2008.<\/p>\n<p>  Prix du livre jeunesse \u00e9colo 2025<\/p>\n<p>D\u00e9but 2025, elle a dessin\u00e9 la couverture du hors-s\u00e9rie d\u2019\u00e9t\u00e9 de Coze Magazine , agenda culturel alsacien gratuit. En juin, elle est devenue laur\u00e9ate du prix du livre jeunesse \u00e9colo d\u00e9cern\u00e9 par un jury d\u2019enfants de 7 \u00e0 11 ans qui va lui \u00eatre remis en octobre \u00e0 Paris.<\/p>\n<p>Ce contenu est bloqu\u00e9 car vous n&rsquo;avez pas accept\u00e9 les cookies et autres traceurs.<\/p>\n<p>En cliquant sur \u00ab J\u2019accepte \u00bb, les cookies et autres traceurs seront d\u00e9pos\u00e9s et vous pourrez visualiser les contenus  (<a href=\"\" class=\"consentModule_policy\" target=\"_blank\" title=\"Consulter la politique de protection des donn\u00e9es du fournisseur\">plus d&rsquo;informations<\/a>).<\/p>\n<p>En cliquant sur \u00ab J\u2019accepte tous les cookies \u00bb, vous autorisez des d\u00e9p\u00f4ts de cookies et autres traceurs pour le stockage de vos donn\u00e9es sur nos sites et applications \u00e0 des fins de personnalisation et de ciblage publicitaire.<\/p>\n<p class=\"consentModule_secondaryText\">Vous gardez la possibilit\u00e9 de retirer votre consentement \u00e0 tout moment en consultant notre <a href=\"https:\/\/www.dna.fr\/protection-des-donnees\" target=\"_blank\" title=\"Consulter notre politique de protection des donn\u00e9es\" rel=\"noopener\">politique de protection des donn\u00e9es<\/a>. <br \/>&#13;<br \/>\n            <a href=\"https:\/\/www.dna.fr\/culture-loisirs\/2025\/07\/17\/javascript:Didomi.notice.show()\" class=\"consentModule_cmp\" target=\"_blank\" rel=\"noopener\">G\u00e9rer mes choix<\/a>&#13;\n        <\/p>\n<p>&#13;<br \/>\n                        J&rsquo;accepte&#13;<br \/>\n            J&rsquo;accepte tous les cookies&#13;\n        <\/p>\n<p>\u00c0 la m\u00e9diath\u00e8que de Lampertheim, elle va s\u2019adresser aux enfants \u00e0 partir de 7 ans sur deux journ\u00e9es le mercredi 23\u00a0juillet et le vendredi 25\u00a0juillet de 10\u00a0h \u00e0 12\u00a0h et de 14\u00a0h \u00e0 16\u00a0h.<\/p>\n<p>Sous sa direction, les enfants vont r\u00e9aliser une fresque papier \u00e0 l\u2019aide de pochoirs. La th\u00e9matique est le v\u00e9lo, un th\u00e8me cher \u00e0 Ariane Pinel. \u00c0 titre d\u2019exemple, son album L\u2019\u00eele aux v\u00e9los \u00e9crit en solo et paru en mai\u00a02023 aborde ce th\u00e8me et a \u00e9t\u00e9 r\u00e9alis\u00e9 lors d\u2019une r\u00e9sidence d\u2019\u00e9criture sur l\u2019\u00eele de Groix (Morbihan).<\/p>\n<p>  Go\u00fbter-vernissage le 25\u00a0juillet<\/p>\n<p>La responsable de la m\u00e9diath\u00e8que \u00c9rine Linder organisera le vendredi 25\u00a0juillet \u00ab\u00a0un go\u00fbter-vernissage o\u00f9 les parents seront invit\u00e9s \u00e0 voir l\u2019\u0153uvre r\u00e9alis\u00e9e par leurs enfants\u00a0\u00bb.<\/p>\n<p>La fresque papier sera expos\u00e9e dans la salle d\u2019animation de la m\u00e9diath\u00e8que pendant le reste de l\u2019\u00e9t\u00e9, voire plus.<\/p>\n<p class=\"note\">Horaires d\u2019ouverture de la m\u00e9diath\u00e8que cet \u00e9t\u00e9\u00a0: lundi de 17\u00a0h \u00e0 18\u00a0h\u00a030, jeudi de 15\u00a0h \u00e0 17\u00a0h vendredi de 15\u00a0h \u00e0 18\u00a0h, samedi de 10\u00a0h \u00e0 12\u00a0h, dimanche, ferm\u00e9. M\u00e9diath\u00e8que, 1, place du G\u00e9n\u00e9ral-de-Gaulle \u00e0 Lampertheim.<\/p>\n","protected":false},"excerpt":{"rendered":"Dans le cadre de la Fabrique du livre jeunesse organis\u00e9e par Interbibly, centre de ressources du livre et&hellip;\n","protected":false},"author":2,"featured_media":253440,"comment_status":"","ping_status":"","sticky":false,"template":"","format":"standard","meta":{"footnotes":""},"categories":[2820],"tags":[1111,11,1687,2880,1057,27337,1777,674,107,1011,27,775,10462,2410,12,25,640,3265],"class_list":{"0":"post-253439","1":"post","2":"type-post","3":"status-publish","4":"format-standard","5":"has-post-thumbnail","7":"category-strasbourg","8":"tag-actu","9":"tag-actualites","10":"tag-culture-loisirs","11":"tag-edition-strasbourg","12":"tag-education","13":"tag-estivales","14":"tag-eu","15":"tag-europe","16":"tag-fil-info","17":"tag-fr","18":"tag-france","19":"tag-grand-est","20":"tag-lampertheim","21":"tag-livres-bd","22":"tag-news","23":"tag-republique-francaise","24":"tag-strasbourg","25":"tag-strasbourg-nord"},"share_on_mastodon":{"url":"https:\/\/pubeurope.com\/@fr\/114867606914822464","error":""},"_links":{"self":[{"href":"https:\/\/www.europesays.com\/fr\/wp-json\/wp\/v2\/posts\/253439","targetHints":{"allow":["GET"]}}],"collection":[{"href":"https:\/\/www.europesays.com\/fr\/wp-json\/wp\/v2\/posts"}],"about":[{"href":"https:\/\/www.europesays.com\/fr\/wp-json\/wp\/v2\/types\/post"}],"author":[{"embeddable":true,"href":"https:\/\/www.europesays.com\/fr\/wp-json\/wp\/v2\/users\/2"}],"replies":[{"embeddable":true,"href":"https:\/\/www.europesays.com\/fr\/wp-json\/wp\/v2\/comments?post=253439"}],"version-history":[{"count":0,"href":"https:\/\/www.europesays.com\/fr\/wp-json\/wp\/v2\/posts\/253439\/revisions"}],"wp:featuredmedia":[{"embeddable":true,"href":"https:\/\/www.europesays.com\/fr\/wp-json\/wp\/v2\/media\/253440"}],"wp:attachment":[{"href":"https:\/\/www.europesays.com\/fr\/wp-json\/wp\/v2\/media?parent=253439"}],"wp:term":[{"taxonomy":"category","embeddable":true,"href":"https:\/\/www.europesays.com\/fr\/wp-json\/wp\/v2\/categories?post=253439"},{"taxonomy":"post_tag","embeddable":true,"href":"https:\/\/www.europesays.com\/fr\/wp-json\/wp\/v2\/tags?post=253439"}],"curies":[{"name":"wp","href":"https:\/\/api.w.org\/{rel}","templated":true}]}}