{"id":253458,"date":"2025-07-17T08:31:18","date_gmt":"2025-07-17T08:31:18","guid":{"rendered":"https:\/\/www.europesays.com\/fr\/253458\/"},"modified":"2025-07-17T08:31:18","modified_gmt":"2025-07-17T08:31:18","slug":"voici-les-brocantes-et-vide-greniers-organises-dans-le-nord-ces-samedi-19-et-dimanche-20-juillet","status":"publish","type":"post","link":"https:\/\/www.europesays.com\/fr\/253458\/","title":{"rendered":"Voici les brocantes et vide-greniers organis\u00e9s dans le Nord ces samedi 19 et dimanche 20 juillet"},"content":{"rendered":"<p>            Par<br \/>\n        <strong><br \/>\n            <a href=\"https:\/\/actu.fr\/auteur\/nicolas-demollien\" title=\"Consulter tous les articles de Nicolas Demollien\" rel=\"nofollow noopener\" target=\"_blank\">Nicolas Demollien<\/a><br \/>\n        <\/strong><\/p>\n<p>        Publi\u00e9 le<\/p>\n<p>            16 juil. 2025 \u00e0 12h00        <\/p>\n<p>Qui dit <b>week-end<\/b> dit son lot de <a href=\"https:\/\/actu.fr\/tag\/brocante\" rel=\"nofollow noopener\" target=\"_blank\">brocantes<\/a>, braderies et autres <a href=\"https:\/\/actu.fr\/tag\/vide-greniers\" rel=\"nofollow noopener\" target=\"_blank\">vide-greniers<\/a>\u2009! Ce sera une nouvelle fois le cas ces <b>samedi\u00a019 et dimanche 20\u00a0juillet 2025<\/b> dans le <a href=\"https:\/\/actu.fr\/hauts-de-france\/nord_59\" rel=\"nofollow noopener\" target=\"_blank\">Nord<\/a> avec de <b>nombreux \u00e9v\u00e9nements <\/b>organis\u00e9s. On fait le point sur l\u2019ensemble des rendez-vous. Et pour \u00eatre complet, retrouvez \u00e9galement <a href=\"https:\/\/actu.fr\/loisirs-culture\/pas-de-calais-voici-les-vide-greniers-et-brocantes-pour-chiner-ces-samedi-19-et-dimanche-20-juillet_62916271.html\" rel=\"nofollow noopener\" target=\"_blank\">ceux organis\u00e9s dans le Pas-de-Calais<\/a>.<\/p>\n<p>O\u00f9 chiner dans le Nord ce samedi 19\u00a0juillet\u2009?<\/p>\n<p class=\" wall-content\"><b>Bailleul \u2013<\/b> Brocante de 7h \u00e0 13h au hameau Le Steent\u2019je. 200\u00a0exposants.<\/p>\n<p class=\" wall-content\"><b>Les Moeres \u2013<\/b> Brocante de 7h \u00e0 16h rue Cobergher, c\u00f4t\u00e9 pair.<\/p>\n<p class=\" wall-content\"><b>Rexpoede \u2013<\/b> Brocante de 6h \u00e0 17h rue de West-Cappel, rue de la poterie, r\u00e9sidence Lamartine, r\u00e9sidence Victor Hugo, all\u00e9e des sports, rue de la voute et au domaine de la ferme. 400\u00a0exposants.<\/p>\n<p class=\" wall-content\"><b>Vieux-Berquin \u2013<\/b> Brocante de 7h \u00e0 16h au hameau Sec Bois, rue de Vieux-Berquin, route d\u2019Hazebrouck et route de Borre. 150\u00a0exposants.<\/p>\n<p class=\" wall-content\"><b>Douai \u2013<\/b> March\u00e9 aux livres d\u2019occasion anciens et modernes de 10h \u00e0 18h rue de la Mairie. 8\u00a0exposants.<\/p>\n<p class=\" wall-content\"><b>Estr\u00e9es \u2013<\/b> Vide-greniers de 8h \u00e0 14h dans le c\u0153ur du bourg. 140\u00a0exposants.<\/p>\n<ul class=\" wall-content\">\n<li><b>Valenciennes et alentours<\/b><\/li>\n<\/ul>\n<p class=\" wall-content\"><b>Saint-Amand-les-Eaux \u2013<\/b>\u00a0Brocante de 12h \u00e0 18h dans le quartier la bruy\u00e8re\u2009: rue de la Bruy\u00e8re, rue Albert Camus, rue des Ormeaux et rue Fourceaux. 230\u00a0exposants.<\/p>\n<p>Les rendez-vous du dimanche 20\u00a0juillet<\/p>\n<p class=\" wall-content\"><b>Bo\u00ebseghem \u2013 <\/b>Brocante de 8h \u00e0 13h rue de l\u2019\u00c9glise et sur la place.<\/p>\n<p class=\" wall-content\"><b>Ebblinghem \u2013<\/b> Vide-greniers de 8h \u00e0 17h au stade (rue du ch\u00e2teau). 100\u00a0exposants.<\/p>\n<p class=\" wall-content\"><b>Gravelines \u2013<\/b> Brocante de la Plage de Petit Fort Philippe de 9h \u00e0 18h sur la digue mer. 143 emplacements.<\/p>\n<p class=\" wall-content\"><b>Malo-les-Bains \u2013<\/b>\u00a0Brocante de 7h \u00e0 17h\u00a0avenue Gustave Malo, avenue Adolphe Geeraert et rue des Poilus.<\/p>\n<p class=\" wall-content\"><b>M\u00e9teren \u2013<\/b> Brocante de 7h \u00e0 15h dans le contour de l\u2019\u00e9glise, rue Marie D\u00e9lie, sur la place et dans la cour de l\u2019\u00e9cole. 250\u00a0exposants.<\/p>\n<p class=\" wall-content\"><b>Millam \u2013<\/b> Brocante de 7h \u00e0 17h rue de Merckeghem et rue de l\u2019\u00c9glise.<\/p>\n<p class=\" wall-content\"><b>Nieppe \u2013<\/b> Braderie d\u2019\u00e9t\u00e9 de 8h \u00e0 15h place du g\u00e9n\u00e9ral de Gaulle, rue de l\u2019\u00c9glise, rue du mar\u00e9chal Foch et avenue des Lilas.<\/p>\n<p class=\" wall-content\"><b>Uxem \u2013<\/b> Brocante de 7h \u00e0 16h rue Seringats, rue Bouleaux et rue Tamaris. 150\u00a0exposants.<\/p>\n<p class=\" wall-content\"><b>Zuydcoote \u2013<\/b> Brocante de 6h \u00e0 18h rue de Valenciennes, rue Guyemer et rue de Bray-Dunes. 600 emplacements.<\/p>\n<p class=\" wall-content\"><b>Roubaix \u2013<\/b> Braderie de la Vigne de 8h \u00e0 17h dans le quartier Hommelet\u2009: rue de la vigne, rue de l\u2019Hommelet, rue Lacroix, rue Buffon, Impasse Dujardin, rue des 7 ponts, rue de Flandre et rue du Nouveau Monde. 200\u00a0exposants.<\/p>\n<p class=\" wall-content\"><b>Tourcoing \u2013<\/b> March\u00e9 aux puces de 8h \u00e0 14h rue du g\u00e9n\u00e9ral Leclercq, sur la Grand\u2019Place, rue de Lille et rue Saint-Jacques. 400\u00a0exposants.<\/p>\n<p class=\" wall-content\"><b>Cambrai \u2013<\/b> Brocante de 8h \u00e0 18h \u00e0 la gare et rue du colonel Nicol. 160\u00a0exposants.<\/p>\n<p class=\" wall-content\"><b>Les Rues-des-Vignes \u2013<\/b> Brocante de 8h \u00e0 18h rue Haute. 150\u00a0exposants.<\/p>\n<ul class=\" wall-content\">\n<li><b>Valenciennes et alentours<\/b><\/li>\n<\/ul>\n<p class=\" wall-content\"><b>Bouchain \u2013<\/b> Brocante de 6h \u00e0 14h rue Henri Bocquet, rue Hubert Gallez et rue G. Daix. 250\u00a0exposants.<\/p>\n<p class=\" wall-content\"><b>Lecelles \u2013 <\/b>Brocante de 8h \u00e0 16h rue des F\u00e8ves. 100 \u00e0 200\u00a0exposants.<\/p>\n<p class=\" wall-content\"><b>Onnaing \u2013<\/b> Brocante de 8h \u00e0 17h \u00e0 la cit\u00e9 de la Cav\u00e9e\u2009: rue des Lilas, rue des Tulipes, rue des Pens\u00e9es et rue des Jonquilles. 300\u00a0exposants.<\/p>\n<p class=\" wall-content\"><b>Raismes \u2013<\/b> Vide-greniers de 7h \u00e0 16h dans le centre-ville. 200\u00a0exposants.<\/p>\n<ul class=\" wall-content\">\n<li><b>Avesnes-sur-Helpe et alentours<\/b><\/li>\n<\/ul>\n<p class=\" wall-content\"><b>Beaurepaire-sur-Sambre \u2013<\/b> Brocante de 8h \u00e0 19h rue du village et rue des Hurettes.<\/p>\n<p class=\" wall-content\"><b>Englefontaine \u2013<\/b> Brocante de 6h \u00e0 18h rue de l\u2019\u00e9glise, rue du Marechal Leclerc, rue de la R\u00e9publique, rue Pasteur, rue du printemps, rue du G\u00e9n\u00e9ral de Gaulle et place Eug\u00e8ne Thomas. 320\u00a0exposants.<\/p>\n<p class=\" wall-content\">Suivez toute l\u2019actualit\u00e9 de vos villes et m\u00e9dias favoris en vous inscrivant \u00e0 <a href=\"https:\/\/moncompte.actu.fr\" title=\"D\u00e9couvez Mon Actu\" rel=\"nofollow noopener\" data-trk=\"{&quot;cta&quot;:{&quot;action&quot;:&quot;https:\\\/\\\/moncompte.actu.fr&quot;,&quot;category&quot;:&quot;mon compte&quot;,&quot;from&quot;:&quot;article footer&quot;,&quot;name&quot;:&quot;Mon actu&quot;,&quot;type&quot;:&quot;cta&quot;}}\" target=\"_blank\">Mon Actu<\/a>.<\/p>\n","protected":false},"excerpt":{"rendered":"Par Nicolas Demollien Publi\u00e9 le 16 juil. 2025 \u00e0 12h00 Qui dit week-end dit son lot de brocantes,&hellip;\n","protected":false},"author":2,"featured_media":253459,"comment_status":"","ping_status":"","sticky":false,"template":"","format":"standard","meta":{"footnotes":""},"categories":[2815],"tags":[1111,11,6961,1777,674,1011,27,811,1307,1652,12,25,3365],"class_list":{"0":"post-253458","1":"post","2":"type-post","3":"status-publish","4":"format-standard","5":"has-post-thumbnail","7":"category-lille","8":"tag-actu","9":"tag-actualites","10":"tag-brocante","11":"tag-eu","12":"tag-europe","13":"tag-fr","14":"tag-france","15":"tag-hauts-de-france","16":"tag-lille","17":"tag-loisirs-culture","18":"tag-news","19":"tag-republique-francaise","20":"tag-vide-greniers"},"share_on_mastodon":{"url":"https:\/\/pubeurope.com\/@fr\/114867646332527066","error":""},"_links":{"self":[{"href":"https:\/\/www.europesays.com\/fr\/wp-json\/wp\/v2\/posts\/253458","targetHints":{"allow":["GET"]}}],"collection":[{"href":"https:\/\/www.europesays.com\/fr\/wp-json\/wp\/v2\/posts"}],"about":[{"href":"https:\/\/www.europesays.com\/fr\/wp-json\/wp\/v2\/types\/post"}],"author":[{"embeddable":true,"href":"https:\/\/www.europesays.com\/fr\/wp-json\/wp\/v2\/users\/2"}],"replies":[{"embeddable":true,"href":"https:\/\/www.europesays.com\/fr\/wp-json\/wp\/v2\/comments?post=253458"}],"version-history":[{"count":0,"href":"https:\/\/www.europesays.com\/fr\/wp-json\/wp\/v2\/posts\/253458\/revisions"}],"wp:featuredmedia":[{"embeddable":true,"href":"https:\/\/www.europesays.com\/fr\/wp-json\/wp\/v2\/media\/253459"}],"wp:attachment":[{"href":"https:\/\/www.europesays.com\/fr\/wp-json\/wp\/v2\/media?parent=253458"}],"wp:term":[{"taxonomy":"category","embeddable":true,"href":"https:\/\/www.europesays.com\/fr\/wp-json\/wp\/v2\/categories?post=253458"},{"taxonomy":"post_tag","embeddable":true,"href":"https:\/\/www.europesays.com\/fr\/wp-json\/wp\/v2\/tags?post=253458"}],"curies":[{"name":"wp","href":"https:\/\/api.w.org\/{rel}","templated":true}]}}