{"id":253462,"date":"2025-07-17T08:33:09","date_gmt":"2025-07-17T08:33:09","guid":{"rendered":"https:\/\/www.europesays.com\/fr\/253462\/"},"modified":"2025-07-17T08:33:09","modified_gmt":"2025-07-17T08:33:09","slug":"un-homme-de-20-ans-blesse-par-balle-dans-le-3e-arrondissement-de-marseille","status":"publish","type":"post","link":"https:\/\/www.europesays.com\/fr\/253462\/","title":{"rendered":"un homme de 20\u00a0ans bless\u00e9 par balle dans le 3e arrondissement de Marseille"},"content":{"rendered":"<p>Il \u00e9tait environ deux heures, dans la nuit du mercredi au jeudi 17\u00a0juillet 2025, lorsqu\u2019un scooter mont\u00e9 par deux hommes a d\u00e9boul\u00e9 rue Blidah, au pied de la tour Bel Horizon, dans le 3e arrondissement de Marseille. Selon les premiers \u00e9l\u00e9ments, le passager du deux-roues, muni d\u2019une <a href=\"https:\/\/www.laprovence.com\/article\/faits-divers-justice\/5032973045959614\/un-couple-uni-et-sans-histoire-a-chateaurenard-un-homme-tue-sa-femme-de-87-ans-puis-met-fin-a-ses-jours\" target=\"_blank\" rel=\"noopener\">arme de poing<\/a>, aurait alors mis pied \u00e0 terre et couru en direction d\u2019un groupe d\u2019une dizaine de personnes qui se trouvaient rassembl\u00e9es <strong>\u00e0 proximit\u00e9 du point de deal \u00e9tabli en pied d\u2019immeuble<\/strong>.<\/p>\n<p>Alors que le groupe se dispersait \u00e0 la h\u00e2te, le tireur a ouvert le feu \u00e0 plusieurs reprises en direction d\u2019un jeune homme encore \u00e0 sa port\u00e9e. La victime, s\u2019est effondr\u00e9e tandis que le tireur, attendu par son complice, remontait sur le scooter. Bless\u00e9 aux jambes, <strong>ce jeune homme d\u2019origine comorienne, \u00e2g\u00e9 de 20\u00a0ans<\/strong>, a \u00e9t\u00e9 pris en charge par une \u00e9quipe de Smur des marins-pompiers et transport\u00e9 \u00e0 l\u2019h\u00f4pital avec un pronostic vital engag\u00e9.<\/p>\n<p>Une enqu\u00eate pour tentative d\u2019homicide volontaire a \u00e9t\u00e9 ouverte. Si la victime \u00e9tait d\u00e9j\u00e0 connue des services de police pour des faits li\u00e9s au trafic de stup\u00e9fiants, rien ne permet d\u2019indiquer, \u00e0 ce stade, qu\u2019elle \u00e9tait personnellement vis\u00e9e par le commando. Trois \u00e9tuis, <strong>vraisemblablement de calibre 9mm<\/strong> ont \u00e9t\u00e9 retrouv\u00e9s sur la sc\u00e8ne de crime par les techniciens de la police scientifique.<\/p>\n","protected":false},"excerpt":{"rendered":"Il \u00e9tait environ deux heures, dans la nuit du mercredi au jeudi 17\u00a0juillet 2025, lorsqu\u2019un scooter mont\u00e9 par&hellip;\n","protected":false},"author":2,"featured_media":253463,"comment_status":"","ping_status":"","sticky":false,"template":"","format":"standard","meta":{"footnotes":""},"categories":[2814],"tags":[6873,17,1111,11,6195,3916,1102,1777,674,274,1011,27,4933,1922,884,12,5912,1186,882,25],"class_list":{"0":"post-253462","1":"post","2":"type-post","3":"status-publish","4":"format-standard","5":"has-post-thumbnail","7":"category-marseille","8":"tag-20-ans","9":"tag-17","10":"tag-actu","11":"tag-actualites","12":"tag-balle","13":"tag-blesse","14":"tag-breakingnews","15":"tag-eu","16":"tag-europe","17":"tag-faits-divers-justice","18":"tag-fr","19":"tag-france","20":"tag-homme","21":"tag-info","22":"tag-marseille","23":"tag-news","24":"tag-par","25":"tag-provence","26":"tag-provence-alpes-cote-dazur","27":"tag-republique-francaise"},"share_on_mastodon":{"url":"https:\/\/pubeurope.com\/@fr\/114867654098373204","error":""},"_links":{"self":[{"href":"https:\/\/www.europesays.com\/fr\/wp-json\/wp\/v2\/posts\/253462","targetHints":{"allow":["GET"]}}],"collection":[{"href":"https:\/\/www.europesays.com\/fr\/wp-json\/wp\/v2\/posts"}],"about":[{"href":"https:\/\/www.europesays.com\/fr\/wp-json\/wp\/v2\/types\/post"}],"author":[{"embeddable":true,"href":"https:\/\/www.europesays.com\/fr\/wp-json\/wp\/v2\/users\/2"}],"replies":[{"embeddable":true,"href":"https:\/\/www.europesays.com\/fr\/wp-json\/wp\/v2\/comments?post=253462"}],"version-history":[{"count":0,"href":"https:\/\/www.europesays.com\/fr\/wp-json\/wp\/v2\/posts\/253462\/revisions"}],"wp:featuredmedia":[{"embeddable":true,"href":"https:\/\/www.europesays.com\/fr\/wp-json\/wp\/v2\/media\/253463"}],"wp:attachment":[{"href":"https:\/\/www.europesays.com\/fr\/wp-json\/wp\/v2\/media?parent=253462"}],"wp:term":[{"taxonomy":"category","embeddable":true,"href":"https:\/\/www.europesays.com\/fr\/wp-json\/wp\/v2\/categories?post=253462"},{"taxonomy":"post_tag","embeddable":true,"href":"https:\/\/www.europesays.com\/fr\/wp-json\/wp\/v2\/tags?post=253462"}],"curies":[{"name":"wp","href":"https:\/\/api.w.org\/{rel}","templated":true}]}}