{"id":253482,"date":"2025-07-17T08:45:11","date_gmt":"2025-07-17T08:45:11","guid":{"rendered":"https:\/\/www.europesays.com\/fr\/253482\/"},"modified":"2025-07-17T08:45:11","modified_gmt":"2025-07-17T08:45:11","slug":"le-patron-de-la-fed-sur-la-sellette-donald-trump-fait-planer-lincertitude-lexpress","status":"publish","type":"post","link":"https:\/\/www.europesays.com\/fr\/253482\/","title":{"rendered":"Le patron de la Fed sur la sellette\u00a0? Donald Trump fait planer l\u2019incertitude \u2013 L&rsquo;Express"},"content":{"rendered":"<p class=\"paragraph article-body-paragraph article__item   article-body-paragraph--first \">Licenciera, licenciera pas ? Lors d\u2019un point presse mercredi 16 juillet \u00e0 la Maison-Blanche, en pr\u00e9sence du prince h\u00e9ritier du Bahre\u00efn, Salmane Hamad ben Issa Al-Khalifa, <a href=\"https:\/\/www.lexpress.fr\/monde\/amerique\/guerre-en-ukraine-donald-trump-se-dit-furieux-contre-vladimir-poutine-B3KWJ6N76FGATDYZCKV5Z2JT3Y\/\" target=\"_self\" rel=\"noopener\" title=\"https:\/\/www.lexpress.fr\/monde\/amerique\/guerre-en-ukraine-donald-trump-se-dit-furieux-contre-vladimir-poutine-B3KWJ6N76FGATDYZCKV5Z2JT3Y\/\">Donald Trump<\/a> a laiss\u00e9 planer le doute sur l\u2019avenir de<a href=\"https:\/\/www.lexpress.fr\/economie\/politique-economique\/droits-de-douane-et-inflation-lalerte-du-patron-de-la-fed-A36FZMMEYVHXVKMFQ7CYCUDEMQ\/\" target=\"_self\" rel=\"noopener\" title=\"https:\/\/www.lexpress.fr\/economie\/politique-economique\/droits-de-douane-et-inflation-lalerte-du-patron-de-la-fed-A36FZMMEYVHXVKMFQ7CYCUDEMQ\/\"> Jerome Powell,<\/a> pr\u00e9sident de la R\u00e9serve f\u00e9d\u00e9rale am\u00e9ricaine (Fed). \u00ab\u00a0Il fait du mauvais boulot\u00a0\u00bb, a-t-il critiqu\u00e9 devant les cam\u00e9ras, avant de d\u00e9clarer \u00e0 propos d\u2019un \u00e9ventuel renvoi : \u00ab\u00a0Je n\u2019\u00e9carte rien, mais c\u2019est tr\u00e8s improbable\u00a0\u00bb. Plus t\u00f4t dans la matin\u00e9e, le chef de l\u2019\u00c9tat avait pourtant affirm\u00e9 r\u00e9fl\u00e9chir s\u00e9rieusement \u00e0 son licenciement. Une forme de r\u00e9trop\u00e9dalage qui illustre la strat\u00e9gie d\u00e9sormais bien rod\u00e9e du locataire de la Maison-Blanche : menacer sans agir, attaquer sans trancher, tout en entretenant le flou.<\/p>\n<p class=\"paragraph article-body-paragraph article__item   \">Depuis plusieurs mois, <a href=\"https:\/\/www.lexpress.fr\/economie\/le-jeu-dangereux-de-donald-trump-avec-la-fed-tout-le-systeme-financier-serait-secoue-VTKLL4YPTNEBFLNIYJK6YXBHKY\/\" target=\"_self\" rel=\"noopener\" title=\"https:\/\/www.lexpress.fr\/economie\/le-jeu-dangereux-de-donald-trump-avec-la-fed-tout-le-systeme-financier-serait-secoue-VTKLL4YPTNEBFLNIYJK6YXBHKY\/\">les reproches de Donald Trump envers Jerome Powell<\/a> se sont mu\u00e9s en attaques frontales. Le locataire de la Maison-Blanche ne se prive pas d\u2019insultes \u00e0 r\u00e9p\u00e9tition \u00e0 l\u2019\u00e9gard de celui qu\u2019il avait pourtant lui-m\u00eame nomm\u00e9 \u00e0 la t\u00eate de la Fed en novembre 2017. \u00c0 l\u2019\u00e9poque, l\u2019ex-magnat de l\u2019immobilier saluait encore \u00ab\u00a0la sagesse et le leadership\u00a0\u00bb de cet ex-banquier d\u2019investissement, convaincu qu\u2019il saurait \u00ab\u00a0guider l\u2019\u00e9conomie am\u00e9ricaine\u00a0\u00bb. Mais le ton a radicalement chang\u00e9 : Jerome Powell est d\u00e9sormais trait\u00e9 de \u00ab\u00a0grand perdant\u00a0\u00bb, d\u2019\u00a0\u00bbimb\u00e9cile\u00a0\u00bb, ou encore de \u00ab\u00a0mule t\u00eatue\u00a0\u00bb.<\/p>\n<p><strong class=\"article-body-link-list__item text-gray-800 article-body-link-list__item--one-item\">LIRE AUSSI : <a class=\"article-body-link-list__item-link\" href=\"https:\/\/www.lexpress.fr\/economie\/le-jeu-dangereux-de-donald-trump-avec-la-fed-tout-le-systeme-financier-serait-secoue-VTKLL4YPTNEBFLNIYJK6YXBHKY\/\" target=\"_blank\" rel=\"noreferrer noopener\">Le jeu dangereux de Donald Trump avec la Fed : \u00ab\u00a0Tout le syst\u00e8me financier serait secou\u00e9\u00a0\u00bb<\/a><\/strong><\/p>\n<p class=\"paragraph article-body-paragraph article__item   \">Donald Trump accuse celui qu\u2019il surnomme \u00ab\u00a0Trop tard Powell\u00a0\u00bb de freiner la croissance, en refusant de baisser les taux d\u2019int\u00e9r\u00eat alors que, selon lui, <a href=\"https:\/\/www.lexpress.fr\/monde\/amerique\/les-droits-de-douane-de-donald-trump-font-grimper-les-prix-aux-etats-unis-VSY2JR7XCFEADKKJNZWS6374RU\/\" target=\"_self\" rel=\"noopener\" title=\"https:\/\/www.lexpress.fr\/monde\/amerique\/les-droits-de-douane-de-donald-trump-font-grimper-les-prix-aux-etats-unis-VSY2JR7XCFEADKKJNZWS6374RU\/\">l\u2019inflation n\u2019est plus un probl\u00e8me<\/a>. \u00ab\u00a0Il g\u00e9mit comme un b\u00e9b\u00e9 au sujet d\u2019une inflation inexistante\u00a0\u00bb, a-t-il encore pest\u00e9, appelant la banque centrale \u00e0 abaisser ses taux directeurs de trois points d\u2019un coup \u2014 une demande totalement hors normes. \u00c0 ces critiques mon\u00e9taires, s\u2019ajoutent d\u00e9sormais des reproches budg\u00e9taires. En effet, l\u2019agacement de Donald Trump s\u2019est r\u00e9cemment cristallis\u00e9 autour des travaux de r\u00e9novation du si\u00e8ge de la Fed \u00e0 Washington, chiffr\u00e9s \u00e0 2,5 milliards de dollars par le Bureau de gestion et du budget de la Maison-Blanche. \u00ab\u00a0Je n\u2019aurais jamais imagin\u00e9 qu\u2019il allait d\u00e9penser autant pour une petite extension\u00a0\u00bb, a ironis\u00e9 le pr\u00e9sident. \u00ab\u00a0Est-ce une raison valable pour le virer ? Je pense que \u00e7a peut l\u2019\u00eatre\u00a0\u00bb.<\/p>\n<p>Une lettre de licenciement pour Powell<\/p>\n<p class=\"paragraph article-body-paragraph article__item   \">Une posture \u00e0 laquelle s\u2019ajoute une rencontre mardi 15 juillet, dans la soir\u00e9e, avec des \u00e9lus r\u00e9publicains, durant laquelle Donald Trump aurait exhib\u00e9 un document pr\u00e9sent\u00e9 comme une lettre de licenciement pour Jerome Powell, selon les m\u00e9dias am\u00e9ricains. Une personne au courant de la r\u00e9union a ainsi rapport\u00e9 que Donald Trump semblait d\u00e9termin\u00e9 \u00e0 se d\u00e9barrasser de Jerome Powell, et qu\u2019il \u00e9tait enthousiasm\u00e9 par le fait que les l\u00e9gislateurs l\u2019aient encourag\u00e9 \u00e0 le licencier. \u00ab\u00a0Il ne fait que caresser l\u2019id\u00e9e pour l\u2019instant\u00a0\u00bb, nuance toutefois un haut responsable interrog\u00e9 par la cha\u00eene am\u00e9ricaine <a href=\"https:\/\/edition.cnn.com\/2025\/07\/16\/politics\/jerome-powell-donald-trump-firing\" target=\"_self\" rel=\"noopener\" title=\"https:\/\/edition.cnn.com\/2025\/07\/16\/politics\/jerome-powell-donald-trump-firing\">CNN<\/a>.<\/p>\n<p class=\"paragraph article-body-paragraph article__item   \">D\u00e9j\u00e0 en avril dernier, l\u2019\u00e9conomiste Estelle Brack, sp\u00e9cialiste des questions bancaires et financi\u00e8res, indiquait dans les colonnes de <a href=\"https:\/\/www.lexpress.fr\/economie\/le-jeu-dangereux-de-donald-trump-avec-la-fed-tout-le-systeme-financier-serait-secoue-VTKLL4YPTNEBFLNIYJK6YXBHKY\/?auth?cmp_redirect=true&amp;auth=b3d2685b24\" target=\"_self\" rel=\"noopener\" title=\"https:\/\/www.lexpress.fr\/economie\/le-jeu-dangereux-de-donald-trump-avec-la-fed-tout-le-systeme-financier-serait-secoue-VTKLL4YPTNEBFLNIYJK6YXBHKY\/?auth?cmp_redirect=true&amp;auth=b3d2685b24\">L\u2019Express<\/a> : \u00ab\u00a0Mon intuition est que Donald Trump cherche \u00e0 obtenir le pouvoir partout, y compris sur la R\u00e9serve f\u00e9d\u00e9rale. Il la per\u00e7oit comme un outil strat\u00e9gique, un bras arm\u00e9 financier qu\u2019il pourrait mobiliser pour intervenir dans les secteurs \u00e9conomiques qu\u2019il juge prioritaires.\u00a0\u00bb<\/p>\n<p><strong class=\"article-body-link-list__item text-gray-800 article-body-link-list__item--one-item\">LIRE AUSSI : <a class=\"article-body-link-list__item-link\" href=\"https:\/\/www.lexpress.fr\/idees-et-debats\/malcolm-turnbull-ex-premier-ministre-australien-comme-la-plupart-des-brutes-trump-ne-respecte-que-ZGCR2KC3RVFHDPNDZIXFF6PY5M\/\" target=\"_blank\" rel=\"noreferrer noopener\">Malcolm Turnbull, ex-Premier ministre australien : \u00ab\u00a0Comme la plupart des brutes, Trump ne respecte que ceux qui lui tiennent t\u00eate\u00a0\u00bb<\/a><\/strong><\/p>\n<p class=\"paragraph article-body-paragraph article__item   \">Si Donald Trump envisage r\u00e9ellement d\u2019\u00e9carter Jerome Powell avant la fin de son mandat en 2026, encore faudrait-il que la man\u0153uvre soit juridiquement possible. En principe, les pr\u00e9sidents de la Fed sont prot\u00e9g\u00e9s contre une r\u00e9vocation arbitraire. En mai 2025, la Cour supr\u00eame a d\u2019ailleurs r\u00e9affirm\u00e9 l\u2019ind\u00e9pendance des agences f\u00e9d\u00e9rales, limitant la capacit\u00e9 du pouvoir ex\u00e9cutif \u00e0 les contr\u00f4ler, rappelle le <a href=\"https:\/\/www.nytimes.com\/2025\/07\/16\/us\/politics\/trump-powell-firing-letter.html?partner=slack&amp;smid=sl-share\" target=\"_self\" rel=\"noopener\" title=\"https:\/\/www.nytimes.com\/2025\/07\/16\/us\/politics\/trump-powell-firing-letter.html?partner=slack&amp;smid=sl-share\">New York Times<\/a>. Toute tentative de destitution pourrait donc ouvrir une bataille juridique d\u2019ampleur, voire une crise institutionnelle.<\/p>\n<p>\u00ab\u00a0Une onde de choc mondiale\u00a0\u00bb<\/p>\n<p class=\"paragraph article-body-paragraph article__item   \">Au-del\u00e0 du droit, c\u2019est la stabilit\u00e9 \u00e9conomique qui pourrait vaciller. Plusieurs s\u00e9nateurs r\u00e9publicains ont exprim\u00e9 mercredi leur inqui\u00e9tude. Le limogeage de Powell \u00ab\u00a0serait une erreur colossale\u00a0\u00bb, a averti Thom Tillis, \u00e9lu de Caroline du Nord. \u00ab\u00a0Cela enverrait une onde de choc mondiale quant \u00e0 l\u2019ind\u00e9pendance de la Fed\u00a0\u00bb. Et le s\u00e9nateur de Louisiane John Kennedy de rench\u00e9rir : \u00ab\u00a0Si vous limogez le pr\u00e9sident de la R\u00e9serve f\u00e9d\u00e9rale, vous assisterez \u00e0 un krach boursier.\u00a0\u00bb De son c\u00f4t\u00e9, David Solomon, PDG de Goldman Sachs, a abond\u00e9 dans le m\u00eame sens sur <a href=\"https:\/\/www.cnbc.com\/video\/2025\/07\/16\/pro-watch-cnbcas-full-interview-with-goldman-sachs-chairman-and-ceo.html\" target=\"_self\" rel=\"noopener\" title=\"https:\/\/www.cnbc.com\/video\/2025\/07\/16\/pro-watch-cnbcas-full-interview-with-goldman-sachs-chairman-and-ceo.html\">CNBC<\/a>, estimant que cette d\u00e9cision serait \u00ab\u00a0tr\u00e8s mauvaise pour les march\u00e9s\u00a0\u00bb.<\/p>\n<p><strong class=\"article-body-link-list__item text-gray-800 article-body-link-list__item--one-item\">LIRE AUSSI : <a class=\"article-body-link-list__item-link\" href=\"https:\/\/www.lexpress.fr\/economie\/politique-economique\/le-plan-secret-de-donald-trump-pour-dynamiter-le-systeme-monetaire-mondial-NLR4CEIMS5GQBIPFXNYA3M5JF4\/\" target=\"_blank\" rel=\"noreferrer noopener\">Le plan secret de Donald Trump pour dynamiter le syst\u00e8me mon\u00e9taire mondial<\/a><\/strong><\/p>\n<p class=\"paragraph article-body-paragraph article__item   \">Les march\u00e9s financiers n\u2019ont pas tard\u00e9 \u00e0 r\u00e9agir. Le dollar a bri\u00e8vement chut\u00e9 de 1 % face \u00e0 l\u2019euro, avant de se reprendre. Sur le march\u00e9 obligataire, le rendement de l\u2019emprunt am\u00e9ricain \u00e0 trente ans s\u2019est soudainement tendu \u00e0 5,07 % contre 5,02 % la veille, avant de retomber l\u00e9g\u00e8rement. L\u2019or, valeur refuge, a gagn\u00e9 du terrain (+ 0,74 %). Et les grands indices de Wall Street, eux aussi, ont piqu\u00e9 du nez avant de se stabiliser apr\u00e8s les propos plus mesur\u00e9s de Trump dans l\u2019apr\u00e8s-midi.<\/p>\n<p class=\"paragraph article-body-paragraph article__item    article__text__endpicto\">Pour certains observateurs, ce jeu \u00e0 fronts renvers\u00e9s pourrait s\u2019av\u00e9rer habile : Donald Trump chercherait \u00e0 maintenir Jerome Powell sous pression sans aller jusqu\u2019\u00e0 le renvoyer, pour imposer indirectement une inflexion de sa politique mon\u00e9taire. Mais d\u2019autres y voient surtout une instrumentalisation politique inqui\u00e9tante de l\u2019institution financi\u00e8re la plus influente de la plan\u00e8te.<\/p>\n","protected":false},"excerpt":{"rendered":"Licenciera, licenciera pas ? Lors d\u2019un point presse mercredi 16 juillet \u00e0 la Maison-Blanche, en pr\u00e9sence du prince&hellip;\n","protected":false},"author":2,"featured_media":253483,"comment_status":"","ping_status":"","sticky":false,"template":"","format":"standard","meta":{"footnotes":""},"categories":[1589],"tags":[11,782,73,1866,74,12,1864,1865,1863,308],"class_list":{"0":"post-253482","1":"post","2":"type-post","3":"status-publish","4":"format-standard","5":"has-post-thumbnail","7":"category-etats-unis","8":"tag-actualites","9":"tag-ameriques","10":"tag-etats-unis","11":"tag-etats-unis-damerique","12":"tag-monde","13":"tag-news","14":"tag-united-states","15":"tag-united-states-of-america","16":"tag-us","17":"tag-usa"},"share_on_mastodon":{"url":"https:\/\/pubeurope.com\/@fr\/114867701203449352","error":""},"_links":{"self":[{"href":"https:\/\/www.europesays.com\/fr\/wp-json\/wp\/v2\/posts\/253482","targetHints":{"allow":["GET"]}}],"collection":[{"href":"https:\/\/www.europesays.com\/fr\/wp-json\/wp\/v2\/posts"}],"about":[{"href":"https:\/\/www.europesays.com\/fr\/wp-json\/wp\/v2\/types\/post"}],"author":[{"embeddable":true,"href":"https:\/\/www.europesays.com\/fr\/wp-json\/wp\/v2\/users\/2"}],"replies":[{"embeddable":true,"href":"https:\/\/www.europesays.com\/fr\/wp-json\/wp\/v2\/comments?post=253482"}],"version-history":[{"count":0,"href":"https:\/\/www.europesays.com\/fr\/wp-json\/wp\/v2\/posts\/253482\/revisions"}],"wp:featuredmedia":[{"embeddable":true,"href":"https:\/\/www.europesays.com\/fr\/wp-json\/wp\/v2\/media\/253483"}],"wp:attachment":[{"href":"https:\/\/www.europesays.com\/fr\/wp-json\/wp\/v2\/media?parent=253482"}],"wp:term":[{"taxonomy":"category","embeddable":true,"href":"https:\/\/www.europesays.com\/fr\/wp-json\/wp\/v2\/categories?post=253482"},{"taxonomy":"post_tag","embeddable":true,"href":"https:\/\/www.europesays.com\/fr\/wp-json\/wp\/v2\/tags?post=253482"}],"curies":[{"name":"wp","href":"https:\/\/api.w.org\/{rel}","templated":true}]}}