{"id":253484,"date":"2025-07-17T08:46:09","date_gmt":"2025-07-17T08:46:09","guid":{"rendered":"https:\/\/www.europesays.com\/fr\/253484\/"},"modified":"2025-07-17T08:46:09","modified_gmt":"2025-07-17T08:46:09","slug":"le-taux-de-chomage-progresse-encore-au-royaume-uni","status":"publish","type":"post","link":"https:\/\/www.europesays.com\/fr\/253484\/","title":{"rendered":"Le taux de ch\u00f4mage progresse encore au Royaume-Uni"},"content":{"rendered":"<p class=\"fig-paragraph\">Le\u00a0<a href=\"http:\/\/www.lefigaro.fr\/flash-eco\/aux-etats-unis-le-taux-de-chomage-recule-a-4-1-en-juin-plus-de-creations-d-emplois-qu-attendu-20250703\" data-fig-type=\"NewsFlash\" data-gtm-custom-categorie=\"navigation\" data-gtm-custom-action=\"crossclick\" data-gtm-custom-label=\"Contextuel\" data-gtm-event=\"customEventSPE\" data-fig-domain=\"LEFIGARO\" rel=\"nofollow noopener\" target=\"_blank\">taux de ch\u00f4mage<\/a>\u00a0a de nouveau progress\u00e9 au Royaume-Uni, \u00e0 4,7% lors des trois mois achev\u00e9s en mai, restant \u00e0 des niveaux in\u00e9dits en pr\u00e8s de quatre ans, signe d&rsquo;un ralentissement de l&#8217;emploi dans la foul\u00e9e d&rsquo;une hausse des cotisations patronales. Le taux de ch\u00f4mage a progress\u00e9 de 0,1 point par rapport \u00e0 fin avril, marquant une troisi\u00e8me hausse d&rsquo;affil\u00e9e. Il s&rsquo;agit du niveau le plus \u00e9lev\u00e9 depuis juin 2021, a pr\u00e9cis\u00e9 jeudi l&rsquo;Office national des statistiques (ONS).<\/p>\n<p class=\"fig-paragraph\">Les entreprises ont vu d\u00e9but avril l&rsquo;entr\u00e9e en vigueur d&rsquo;une hausse des cotisations patronales, pr\u00e9vue par le premier budget du gouvernement travailliste d\u00e9voil\u00e9 \u00e0 l&rsquo;automne. Cette hausse des charges pour les entreprises a contribu\u00e9 \u00e0 cr\u00e9er \u00abun ralentissement marqu\u00e9 des embauches dans les entreprises\u00bb, affirme Yael Selfin, analyste de KPMG. Les entreprises ont aussi encaiss\u00e9 le d\u00e9but des droits de douane r\u00e9ciproques de 10% impos\u00e9s au Royaume-Uni et \u00e0 d&rsquo;autres pays par le pr\u00e9sident am\u00e9ricain Donald Trump.<\/p>\n<p>                                    <a class=\"fig-a11y-skip a11y-hidden\" href=\"#fig-a11y-skip-main-inarticle\"><br \/>\n        Passer la publicit\u00e9<br \/>\n    <\/a><\/p>\n<p class=\"fig-paragraph\">Malgr\u00e9 une acc\u00e9l\u00e9ration inattendue de l&rsquo;inflation en juin au Royaume-Uni, \u00e0 3,6% sur un an, les donn\u00e9es de l&rsquo;ONS jeudi, qui montrent aussi un ralentissement de la croissance des salaires, renforcent les attentes des \u00e9conomistes que la Banque d&rsquo;Angleterre r\u00e9duira son taux d&rsquo;int\u00e9r\u00eat le mois prochain. Alors que l&rsquo;activit\u00e9 \u00abreste morose\u00bb au Royaume-Uni, l&rsquo;institution mon\u00e9taire voudra probablement soutenir l&rsquo;\u00e9conomie par une baisse des taux \u00abpour \u00e9viter une d\u00e9t\u00e9rioration plus importante du march\u00e9 du travail\u00bb, selon Yael Selfin. L&rsquo;\u00e9conomie britannique s&rsquo;est contract\u00e9e de mani\u00e8re inattendue pour le deuxi\u00e8me mois cons\u00e9cutif en mai, selon des chiffres publi\u00e9s la semaine derni\u00e8re, ce qui met sous pression le gouvernement du Premier ministre Keir Starmer, qui peine \u00e0 relancer la croissance.<\/p>\n","protected":false},"excerpt":{"rendered":"Le\u00a0taux de ch\u00f4mage\u00a0a de nouveau progress\u00e9 au Royaume-Uni, \u00e0 4,7% lors des trois mois achev\u00e9s en mai, restant&hellip;\n","protected":false},"author":2,"featured_media":253485,"comment_status":"","ping_status":"","sticky":false,"template":"","format":"standard","meta":{"footnotes":""},"categories":[1588],"tags":[11,214,341,1777,674,12,473,1853,1851,1850,1852],"class_list":{"0":"post-253484","1":"post","2":"type-post","3":"status-publish","4":"format-standard","5":"has-post-thumbnail","7":"category-royaume-uni","8":"tag-actualites","9":"tag-chomage","10":"tag-emploi","11":"tag-eu","12":"tag-europe","13":"tag-news","14":"tag-royaume-uni","15":"tag-royaume-uni-de-grande-bretagne-et-dirlande-du-nord","16":"tag-uk","17":"tag-united-kingdom","18":"tag-united-kingdom-of-great-britain-and-northern-ireland"},"share_on_mastodon":{"url":"https:\/\/pubeurope.com\/@fr\/114867705526354432","error":""},"_links":{"self":[{"href":"https:\/\/www.europesays.com\/fr\/wp-json\/wp\/v2\/posts\/253484","targetHints":{"allow":["GET"]}}],"collection":[{"href":"https:\/\/www.europesays.com\/fr\/wp-json\/wp\/v2\/posts"}],"about":[{"href":"https:\/\/www.europesays.com\/fr\/wp-json\/wp\/v2\/types\/post"}],"author":[{"embeddable":true,"href":"https:\/\/www.europesays.com\/fr\/wp-json\/wp\/v2\/users\/2"}],"replies":[{"embeddable":true,"href":"https:\/\/www.europesays.com\/fr\/wp-json\/wp\/v2\/comments?post=253484"}],"version-history":[{"count":0,"href":"https:\/\/www.europesays.com\/fr\/wp-json\/wp\/v2\/posts\/253484\/revisions"}],"wp:featuredmedia":[{"embeddable":true,"href":"https:\/\/www.europesays.com\/fr\/wp-json\/wp\/v2\/media\/253485"}],"wp:attachment":[{"href":"https:\/\/www.europesays.com\/fr\/wp-json\/wp\/v2\/media?parent=253484"}],"wp:term":[{"taxonomy":"category","embeddable":true,"href":"https:\/\/www.europesays.com\/fr\/wp-json\/wp\/v2\/categories?post=253484"},{"taxonomy":"post_tag","embeddable":true,"href":"https:\/\/www.europesays.com\/fr\/wp-json\/wp\/v2\/tags?post=253484"}],"curies":[{"name":"wp","href":"https:\/\/api.w.org\/{rel}","templated":true}]}}