{"id":253486,"date":"2025-07-17T08:47:13","date_gmt":"2025-07-17T08:47:13","guid":{"rendered":"https:\/\/www.europesays.com\/fr\/253486\/"},"modified":"2025-07-17T08:47:13","modified_gmt":"2025-07-17T08:47:13","slug":"bonadei-confiant-avant-daffronter-lallemagne","status":"publish","type":"post","link":"https:\/\/www.europesays.com\/fr\/253486\/","title":{"rendered":"Bonadei confiant avant d&rsquo;affronter l&rsquo;Allemagne"},"content":{"rendered":"<p class=\"date\">\n                                                            Fabien Le Floc&rsquo;h, Media365 : publi\u00e9 le jeudi 17 juillet 2025 \u00e0 10h04\n                                                    <\/p>\n<p>Le s\u00e9lectionneur des Bleues Laurent Bonadei a confiance en son \u00e9quipe avant le choc contre l&rsquo;Allemagne, ce samedi en quarts de finale de l&rsquo;Euro 2025 (21h).<\/p>\n<p>Apr\u00e8s trois victoires en trois matchs lors de la phase de poules, l&rsquo;\u00e9quipe de France pr\u00e9pare sereinement <a href=\"https:\/\/sports.orange.fr\/football\/football-feminin\/euro\/article\/euro-2025-f-tout-savoir-sur-les-quarts-de-finale-exclu-CNT000002jBcGH.html\" rel=\"nofollow noopener\" target=\"_blank\">son quart de finale de l&rsquo;Euro 2025 contre l&rsquo;Allemagne<\/a>, dont le coup d&rsquo;envoi sera donn\u00e9 samedi \u00e0 21 heures \u00e0 B\u00e2le (Suisse). Si les Bleues refusent le costume de favorites, <a href=\"https:\/\/sports.orange.fr\/football\/football-feminin\/euro\/bleues\/article\/euro-2025-f-la-france-favorite-surtout-pas-exclu-CNT000002jAdvD.html\" rel=\"nofollow noopener\" target=\"_blank\">\u00e0 l&rsquo;image de Selma Bacha qui \u00e9voque plut\u00f4t un r\u00f4le de \u00ab challengers \u00bb<\/a>, elles ne comptent pas faire de complexe d&rsquo;inf\u00e9riorit\u00e9 face aux Allemandes pour leur quatri\u00e8me match dans la comp\u00e9tition. <strong>Les Fran\u00e7aises restent d&rsquo;ailleurs sur une victoire face \u00e0 l&rsquo;\u00e9quipe allemande (2-1)<\/strong>, au mois de f\u00e9vrier 2024 en demi-finales de la Ligue des Nations.<\/p>\n<p>\u00ab On est sur onze victoires cons\u00e9cutives \u00bb<\/p>\n<p>Pas encore entra\u00eeneur des Bleues \u00e0 l&rsquo;\u00e9poque (Herv\u00e9 Renard \u00e9tait alors le s\u00e9lectionneur, ndlr), Laurent Bonadei a confiance en son groupe, o\u00f9 r\u00e8gne la bonne humeur apr\u00e8s un <strong>d\u00e9but de comp\u00e9tition tr\u00e8s r\u00e9ussi et une premi\u00e8re place acquise dans le \u00ab groupe de la mort \u00bb<\/strong>, comme il avait \u00e9t\u00e9 appel\u00e9 par les observateurs. \u00ab J&rsquo;y crois non seulement parce que je sens que l&rsquo;\u00e9tat d&rsquo;esprit est l\u00e0 et qu&rsquo;il y a le niveau de performance, a-t-il confi\u00e9 ce mercredi en Suisse. J&rsquo;y crois parce qu&rsquo;on est sur onze victoires cons\u00e9cutives et qu&rsquo;on a fait trois bons r\u00e9sultats dans cette phase de poules. \u00bb<\/p>\n<p>Apr\u00e8s s&rsquo;\u00eatre priv\u00e9 de cadres historiques pour cette comp\u00e9tition, Laurent Bonadei est intrigu\u00e9 de d\u00e9couvrir <a href=\"https:\/\/sports.orange.fr\/football\/football-feminin\/euro\/bleues\/article\/bleues-cascarino-la-nouvelle-terreur-de-l-europe-exclu-CNT000002jBDPQ.html\" rel=\"nofollow noopener\" target=\"_blank\">le comportement de ses jeunes joueuses contre l&rsquo;Allemagne<\/a>, lors d&rsquo;un match qui aidera certainement son \u00e9quipe \u00e0 grandir. \u00ab \u00c7a sera un match difficile, sachant qu&rsquo;on est encore une \u00e9quipe jeune en \u00e9volution, a expliqu\u00e9 le s\u00e9lectionneur tricolore. C&rsquo;est aussi dans ce genre d&rsquo;\u00e9preuve qu&rsquo;on va voir si on a la capacit\u00e9 \u00e0 \u00e9lever notre niveau et \u00e0 ambitionner plus qu&rsquo;un quart de finale. \u00bb Apr\u00e8s trois \u00e9liminations d&rsquo;affil\u00e9e en quarts de finale entre 2009 et 2017, <strong>les Bleues avaient r\u00e9ussi \u00e0 atteindre pour la premi\u00e8re fois le dernier carr\u00e9 lors du dernier Euro en Angleterre en 2022<\/strong>, avant de perdre en demi-finales contre&#8230; l&rsquo;Allemagne (2-1).<\/p>\n","protected":false},"excerpt":{"rendered":"Fabien Le Floc&rsquo;h, Media365 : publi\u00e9 le jeudi 17 juillet 2025 \u00e0 10h04 Le s\u00e9lectionneur des Bleues Laurent&hellip;\n","protected":false},"author":2,"featured_media":253487,"comment_status":"","ping_status":"","sticky":false,"template":"","format":"standard","meta":{"footnotes":""},"categories":[1587],"tags":[11,672,1804,1805,1803,1777,674,1801,12,1802],"class_list":{"0":"post-253486","1":"post","2":"type-post","3":"status-publish","4":"format-standard","5":"has-post-thumbnail","7":"category-allemagne","8":"tag-actualites","9":"tag-allemagne","10":"tag-bundesrepublik-deutschland","11":"tag-de","12":"tag-deutschland","13":"tag-eu","14":"tag-europe","15":"tag-germany","16":"tag-news","17":"tag-republique-federale-dallemagne"},"share_on_mastodon":{"url":"https:\/\/pubeurope.com\/@fr\/114867709079373828","error":""},"_links":{"self":[{"href":"https:\/\/www.europesays.com\/fr\/wp-json\/wp\/v2\/posts\/253486","targetHints":{"allow":["GET"]}}],"collection":[{"href":"https:\/\/www.europesays.com\/fr\/wp-json\/wp\/v2\/posts"}],"about":[{"href":"https:\/\/www.europesays.com\/fr\/wp-json\/wp\/v2\/types\/post"}],"author":[{"embeddable":true,"href":"https:\/\/www.europesays.com\/fr\/wp-json\/wp\/v2\/users\/2"}],"replies":[{"embeddable":true,"href":"https:\/\/www.europesays.com\/fr\/wp-json\/wp\/v2\/comments?post=253486"}],"version-history":[{"count":0,"href":"https:\/\/www.europesays.com\/fr\/wp-json\/wp\/v2\/posts\/253486\/revisions"}],"wp:featuredmedia":[{"embeddable":true,"href":"https:\/\/www.europesays.com\/fr\/wp-json\/wp\/v2\/media\/253487"}],"wp:attachment":[{"href":"https:\/\/www.europesays.com\/fr\/wp-json\/wp\/v2\/media?parent=253486"}],"wp:term":[{"taxonomy":"category","embeddable":true,"href":"https:\/\/www.europesays.com\/fr\/wp-json\/wp\/v2\/categories?post=253486"},{"taxonomy":"post_tag","embeddable":true,"href":"https:\/\/www.europesays.com\/fr\/wp-json\/wp\/v2\/tags?post=253486"}],"curies":[{"name":"wp","href":"https:\/\/api.w.org\/{rel}","templated":true}]}}