{"id":253492,"date":"2025-07-17T08:50:16","date_gmt":"2025-07-17T08:50:16","guid":{"rendered":"https:\/\/www.europesays.com\/fr\/253492\/"},"modified":"2025-07-17T08:50:16","modified_gmt":"2025-07-17T08:50:16","slug":"pourquoi-la-nomination-de-najat-vallaud-belkacem-a-la-cour-des-comptes-fait-polemique","status":"publish","type":"post","link":"https:\/\/www.europesays.com\/fr\/253492\/","title":{"rendered":"Pourquoi la nomination de Najat Vallaud-Belkacem \u00e0 la Cour des comptes fait pol\u00e9mique"},"content":{"rendered":"<p>        <img decoding=\"async\" loading=\"lazy\" src=\"https:\/\/www.europesays.com\/fr\/wp-content\/uploads\/2025\/07\/b31d8e6_upload-1-t67njvhfegh6-afp-20241124-hl-dperron-2586450-v1-highres-francewomendemonstrationvio.jpeg\"  width=\"728\" height=\"409\" alt=\"Najat Vallaud-Belkacem photographi\u00e9 \u00e0 Paris en novembre 2024. Illustration. (Photo by Daniel Perron \/ Hans Lucas via AFP)\"\/>  <\/p>\n<p>DANIEL PERRON \/ Hans Lucas via AFP<\/p>\n<p>Najat Vallaud-Belkacem photographi\u00e9 \u00e0 Paris en novembre 2024. Illustration. (Photo by Daniel Perron \/ Hans Lucas via AFP)<\/p>\n<p class=\"asset asset-text\">POLITIQUE &#8211; Le poison du soup\u00e7on. Ce mercredi 16\u00a0juillet en fin de journ\u00e9e, le compte rendu \u00e9crit du Conseil des ministres est venu confirmer une hypoth\u00e8se qui fait beaucoup parler\u00a0: l\u2019ancienne ministre socialiste <a href=\"https:\/\/www.huffingtonpost.fr\/environnement\/article\/rationner-internet-comme-le-propose-najat-vallaud-belkacem-n-est-pas-la-solution-miracle-contre-la-pollution-numerique-clx1_231432.html\" target=\"_blank\" rel=\"noopener\">Najat Vallaud-Belkacem<\/a> a \u00e9t\u00e9 nomm\u00e9e \u00ab\u00a0conseill\u00e8re ma\u00eetre \u00e0 la Cour des comptes\u00a0\u00bb. Et ce, \u00ab\u00a0sur proposition du Premier ministre\u00a0\u00bb, <a href=\"https:\/\/www.huffingtonpost.fr\/economie\/article\/les-annonces-de-francois-bayrou-sur-le-budget-2026-font-aussi-quelques-heureux_252630.html\" target=\"_blank\" rel=\"noopener\">Fran\u00e7ois Bayrou<\/a>. Or, cela fait plusieurs jours que cette nomination fait grincer quelques dents.<\/p>\n<p class=\"asset asset-text\">En cause, un article du <a href=\"https:\/\/www.lecanardenchaine.fr\/politique\/51328-le-compte-a-dormir-debout-de-bayrou\" target=\"_blank\" rel=\"noopener\" title=\"Nouvelle fen\u00eatre\">Canard encha\u00een\u00e9<\/a> publi\u00e9 la semaine derni\u00e8re affirmant que derri\u00e8re cette affectation se cache en r\u00e9alit\u00e9 une man\u0153uvre de Fran\u00e7ois Bayrou, visant \u00e0 acheter la mansu\u00e9tude du Parti socialiste, dans la mesure o\u00f9 la candidate n\u2019est autre que l\u2019\u00e9pouse du pr\u00e9sident du groupe PS \u00e0 l\u2019Assembl\u00e9e nationale, Boris Vallaud.<\/p>\n<p class=\"asset asset-text\">Une information d\u00e9mentie par la principale int\u00e9ress\u00e9e sur son compte X. Se disant \u00ab\u00a0toujours r\u00e9ticente \u00e0 faire l\u2019honneur d\u2019une r\u00e9ponse aux absurdit\u00e9s\u00a0\u00bb, Najat Vallaud-Belkacem r\u00e9futait toute nomination \u00ab\u00a0politique\u00a0\u00bb visant \u00e0 amadouer le PS. \u00ab\u00a0Un \u00e9tudiant en premi\u00e8re ann\u00e9e de journalisme saurait qu\u2019il faut toujours recouper les infos, et pas se contenter de recopier les vacheries susurr\u00e9es par quelques malins.\u00a0Pas tr\u00e8s compliqu\u00e9 alors de d\u00e9couvrir que la voie que j\u2019ai volontairement utilis\u00e9e pour la Cour est celle du concours\u2026\u00a0\u00bb, assurait-elle.<\/p>\n<p>    \u00ab\u00a0Le monde est bien fait\u00a0\u00bb    <\/p>\n<p class=\"asset asset-text\">Reste que le communiqu\u00e9 du gouvernement, \u00e9voquant une nomination \u00ab\u00a0sur proposition\u00a0\u00bb de Fran\u00e7ois Bayrou rappelle que le \u00ab\u00a0concours\u00a0\u00bb en question ne correspond pas vraiment \u00e0 une batterie d\u2019\u00e9preuves \u00e0 surmonter. \u00ab\u00a0L\u2019arr\u00eat\u00e9 du 12\u00a0mars\u00a02025 qui ouvre cinq postes de conseillers ma\u00eetres experts parle d\u2019un simple d\u00e9p\u00f4t de candidatures\u00a0; la nomination intervient par d\u00e9cret sur proposition du 1er pr\u00e9sident (ici le socialiste Pierre Moscovici ndlr) apr\u00e8s avis d\u2019une commission d\u2019int\u00e9gration\u00a0\u00bb, <a href=\"https:\/\/x.com\/RV_Joly\/status\/1943408933403595122\" target=\"_blank\" rel=\"noopener\" title=\"Nouvelle fen\u00eatre\">observait sur X<\/a> l\u2019historien sp\u00e9cialiste des \u00e9lites \u00e9conomiques, Herv\u00e9 Joly.<\/p>\n<p class=\"asset asset-text\">\u00ab\u00a0L\u2019ann\u00e9e derni\u00e8re, il y avait pour quatre postes de conseillers (ma\u00eetres) experts \u00e0 la Cour des comptes trois administrateurs de l\u2019\u00c9tat et une professeure d\u2019universit\u00e9 re\u00e7us. Cette ann\u00e9e pareil, sauf qu\u2019il y avait un cinqui\u00e8me poste en plus pour Najat Vallaud-Belkacem, la seule sans titre. Le monde est bien fait\u00a0\u00bb, ironise-t-il encore, soulignant que l\u2019ancienne ministre est la premi\u00e8re personnalit\u00e9 \u00e0 se retrouver nomm\u00e9e sans avoir fait carri\u00e8re dans la fonction publique.<\/p>\n<p class=\"asset asset-text\">Sur <a href=\"https:\/\/www.ccomptes.fr\/fr\/cour-des-comptes\/nous-rejoindre\/conseiller-maitre-expert\" target=\"_blank\" rel=\"noopener\" title=\"Nouvelle fen\u00eatre\">le site de la Cour des comptes<\/a>, les crit\u00e8res de s\u00e9lection sont d\u00e9taill\u00e9s. Apr\u00e8s une phase de pr\u00e9-s\u00e9lection faite\u00a0par la Direction des ressources humaines de la Cour des comptes, \u00ab\u00a0les candidates et candidats retenus sont auditionn\u00e9s par la commission d\u2019int\u00e9gration durant 30 min afin d\u2019\u00e9valuer leurs comp\u00e9tences, leurs motivations et leur aptitude \u00e0 exercer les fonctions de magistrat financier au grade de conseiller\/conseill\u00e8re ma\u00eetre\u00a0\u00bb.<\/p>\n<p class=\"asset asset-text\">Ensuite, \u00ab\u00a0les candidates et candidats sont class\u00e9s par ordre de m\u00e9rite et sont inform\u00e9s de la suite r\u00e9serv\u00e9e \u00e0 leur candidature\u00a0\u00bb.<\/p>\n<p class=\"asset asset-text\">Sans surprise, beaucoup voient dans cette nomination un geste consenti par Fran\u00e7ois Bayrou \u00e0 l\u2019\u00e9gard des socialistes. \u00ab\u00a0Avec les d\u00e9put\u00e9s RN de la Commission des Finances, nous attaquerons devant le Conseil d\u2019\u00c9tat dans les prochains jours cette nomination scandaleuse de Najat Vallaud-Belkacem\u00a0\u00bb, a annonc\u00e9 le d\u00e9put\u00e9 RN Jean-Philippe Tanguy, tandis que plusieurs de ses coll\u00e8gues lep\u00e9nistes voient dans cette d\u00e9cision la d\u00e9monstration d\u2019un \u00ab\u00a0<a href=\"https:\/\/x.com\/Thomas_Mng\/status\/1945554498379731330\" target=\"_blank\" rel=\"noopener\" title=\"Nouvelle fen\u00eatre\">syst\u00e8me<\/a>\u00a0\u00bb confisquant le pouvoir. Mais l\u2019histoire provoque aussi des remous \u00e0 gauche. \u00ab\u00a0\u00c7a en dit long sur la mani\u00e8re dont le PS est vu par ce gouvernement\u00a0: des magouilleurs sans principe. J\u2019esp\u00e8re que c\u2019est faux et que le PS censurera avec nous Bayrou \u00e0 la premi\u00e8re occasion. Car la nomination ce soir de Najat Vallaud-Belkacem est inqui\u00e9tante du coup\u2026\u00a0\u00bb, a rench\u00e9ri le d\u00e9put\u00e9 LFI Antoine L\u00e9aument.<\/p>\n<p class=\"asset asset-text\">Pour d\u00e9monter la th\u00e9orie de l\u2019achat de la neutralit\u00e9 des d\u00e9put\u00e9s socialistes, Najat Vallaud-Belkacem avait soulign\u00e9 que la derni\u00e8re motion de censure visant Fran\u00e7ois Bayrou et vot\u00e9e par l\u2019ensemble de la gauche \u00e0 l\u2019Assembl\u00e9e a \u00e9t\u00e9 r\u00e9dig\u00e9e\u2026 <a href=\"https:\/\/www.huffingtonpost.fr\/politique\/article\/avec-sa-motion-de-censure-le-ps-opte-pour-la-confrontation-frontale-avec-francois-bayrou_252010.html\" target=\"_blank\" rel=\"noopener\">par son \u00e9poux Boris Vallaud<\/a>. Apr\u00e8s les annonces budg\u00e9taires du Premier ministre, le Parti socialiste a menac\u00e9 de faire chuter le gouvernement. \u00ab\u00a0La seule perspective possible, c\u2019est la censure\u00a0\u00bb, a pr\u00e9venu le premier secr\u00e9taire du PS, Olivier Faure. Reste que si les socialistes trouvent un compromis avec le B\u00e9arnais \u00e0 la rentr\u00e9e, le soup\u00e7on ne manquera pas de remonter \u00e0 la surface. C\u2019est m\u00eame le principe.<\/p>\n","protected":false},"excerpt":{"rendered":"DANIEL PERRON \/ Hans Lucas via AFP Najat Vallaud-Belkacem photographi\u00e9 \u00e0 Paris en novembre 2024. Illustration. (Photo by&hellip;\n","protected":false},"author":2,"featured_media":253493,"comment_status":"","ping_status":"","sticky":false,"template":"","format":"standard","meta":{"footnotes":""},"categories":[2],"tags":[11,15721,1011,27,431,32318,12,316,25],"class_list":{"0":"post-253492","1":"post","2":"type-post","3":"status-publish","4":"format-standard","5":"has-post-thumbnail","7":"category-actualites","8":"tag-actualites","9":"tag-cour-des-comptes","10":"tag-fr","11":"tag-france","12":"tag-francois-bayrou","13":"tag-najat-vallaud-belkacem","14":"tag-news","15":"tag-politique","16":"tag-republique-francaise"},"share_on_mastodon":{"url":"https:\/\/pubeurope.com\/@fr\/114867721042819327","error":""},"_links":{"self":[{"href":"https:\/\/www.europesays.com\/fr\/wp-json\/wp\/v2\/posts\/253492","targetHints":{"allow":["GET"]}}],"collection":[{"href":"https:\/\/www.europesays.com\/fr\/wp-json\/wp\/v2\/posts"}],"about":[{"href":"https:\/\/www.europesays.com\/fr\/wp-json\/wp\/v2\/types\/post"}],"author":[{"embeddable":true,"href":"https:\/\/www.europesays.com\/fr\/wp-json\/wp\/v2\/users\/2"}],"replies":[{"embeddable":true,"href":"https:\/\/www.europesays.com\/fr\/wp-json\/wp\/v2\/comments?post=253492"}],"version-history":[{"count":0,"href":"https:\/\/www.europesays.com\/fr\/wp-json\/wp\/v2\/posts\/253492\/revisions"}],"wp:featuredmedia":[{"embeddable":true,"href":"https:\/\/www.europesays.com\/fr\/wp-json\/wp\/v2\/media\/253493"}],"wp:attachment":[{"href":"https:\/\/www.europesays.com\/fr\/wp-json\/wp\/v2\/media?parent=253492"}],"wp:term":[{"taxonomy":"category","embeddable":true,"href":"https:\/\/www.europesays.com\/fr\/wp-json\/wp\/v2\/categories?post=253492"},{"taxonomy":"post_tag","embeddable":true,"href":"https:\/\/www.europesays.com\/fr\/wp-json\/wp\/v2\/tags?post=253492"}],"curies":[{"name":"wp","href":"https:\/\/api.w.org\/{rel}","templated":true}]}}