{"id":253500,"date":"2025-07-17T08:55:09","date_gmt":"2025-07-17T08:55:09","guid":{"rendered":"https:\/\/www.europesays.com\/fr\/253500\/"},"modified":"2025-07-17T08:55:09","modified_gmt":"2025-07-17T08:55:09","slug":"passeport-expire-natation-5-choses-a-savoir-sur-le-secateur-du-xv-de-france-alexandre-fischer","status":"publish","type":"post","link":"https:\/\/www.europesays.com\/fr\/253500\/","title":{"rendered":"Passeport expir\u00e9, natation\u2026 5 choses \u00e0 savoir sur le \u00ab s\u00e9cateur \u00bb du XV de France Alexandre Fischer"},"content":{"rendered":"<p><strong>PORTRAIT<\/strong> \u2013 Partez \u00e0 la d\u00e9couverte du troisi\u00e8me-ligne Alexandre Fischer avant le troisi\u00e8me test des Bleus face \u00e0 la Nouvelle-Z\u00e9lande samedi (09h05).<\/p>\n<p>Ancien talonneur<\/p>\n<p class=\"fig-paragraph\">Avant de devenir un redoutable troisi\u00e8me-ligne, l\u2019international fran\u00e7ais a longtemps jou\u00e9 au poste de talonneur, jusqu\u2019au niveau \u00abespoirs\u00bb. Sans parvenir \u00e0 s\u2019imposer. \u00abJe n\u2019ai pas assimil\u00e9 toutes les caract\u00e9ristiques sp\u00e9cifiques du poste\u00bb, confiait-il, avec honn\u00eatet\u00e9 et du recul, dans les colonnes de\u00a0<a href=\"https:\/\/www.lamontagne.fr\/clermont-ferrand-63000\/asm-clermont\/asm-fischer-la-sensation-de-l-hiver_13505424\/\" target=\"_blank\" rel=\"sponsored noopener nofollow\" data-gtm-custom-categorie=\"navigation\" data-gtm-custom-action=\"crossclick\" data-gtm-custom-label=\"Contextuel\" data-gtm-event=\"customEventSPE\">La Montagne<\/a> \u00a0en 2019.<\/p>\n<p>La m\u00e9saventure du passeport<\/p>\n<p class=\"fig-paragraph\"><a href=\"https:\/\/www.lefigaro.fr\/sports\/rugby\/coupes-d-europe2\/actualites\/clermont-la-folle-semaine-d-alexandre-fischer-988794\" data-fig-type=\"Article\" data-gtm-custom-categorie=\"navigation\" data-gtm-custom-action=\"crossclick\" data-gtm-custom-label=\"Contextuel\" data-gtm-event=\"customEventSPE\" data-fig-domain=\"LEFIGARO\" rel=\"nofollow noopener\" target=\"_blank\">Alexandre Fischer<\/a>\u00a0aurait d\u00fb porter la tunique brod\u00e9e du coq en 2021 \u00e0 l\u2019occasion de la tourn\u00e9e d\u2019\u00e9t\u00e9 en Australie. Arriv\u00e9 \u00e0 Duba\u00ef lors de l\u2019escale pr\u00e9vue, l\u2019ancien Clermontois a \u00e9t\u00e9 contraint de faire demi-tour. La raison\u00a0? Un\u00a0<a href=\"http:\/\/www.lefigaro.fr\/sports\/rugby\/xv-de-france\/xv-de-france-le-clermontois-fischer-prive-de-tournee-pour-un-probleme-de-passeport-20210624\" data-fig-type=\"NewsFlash\" data-gtm-custom-categorie=\"navigation\" data-gtm-custom-action=\"crossclick\" data-gtm-custom-label=\"Contextuel\" data-gtm-event=\"customEventSPE\" data-fig-domain=\"LEFIGARO\" rel=\"nofollow noopener\" target=\"_blank\">passeport expir\u00e9<\/a>. Le troisi\u00e8me-ligne avait pris son ancien passeport, alors p\u00e9rim\u00e9. \u00ab Nous consid\u00e9rons que c\u2019est une erreur de jeunesse. C\u2019\u00e9tait lui le plus malheureux\u00a0\u00bb, avait alors temp\u00e9r\u00e9 le manager de l\u2019\u00e9poque Rapha\u00ebl Ibanez. Une bourde qui ne lui a pas permis d\u2019honorer ses premi\u00e8res s\u00e9lections avec le XV de France. Heureusement, le train \u2013 ou plut\u00f4t l\u2019avion \u2013 est pass\u00e9 une deuxi\u00e8me fois\u2026<\/p>\n<p>                                    <a class=\"fig-a11y-skip a11y-hidden\" href=\"#fig-a11y-skip-main-inarticle\"><br \/>\n        Passer la publicit\u00e9<br \/>\n    <\/a><\/p>\n<p>Ancien nageur mais pas que<\/p>\n<p class=\"fig-paragraph\">Pas besoin de se demander o\u00f9 est Alexandre Fischer sur un terrain. Dans les rucks, dans le couloir, au large\u2026 Le futur bayonnais est partout. Qualifi\u00e9 de \u00ab buffle\u00a0\u00bb par un confr\u00e8re de\u00a0<a href=\"https:\/\/www.youtube.com\/watch?v=-0kxui6tqBQ\" target=\"_blank\" rel=\"sponsored noopener nofollow\" data-gtm-custom-categorie=\"navigation\" data-gtm-custom-action=\"crossclick\" data-gtm-custom-label=\"Contextuel\" data-gtm-event=\"customEventSPE\">Rugbyrama<\/a>, l\u2019international tricolore \u00e9pate par ses qualit\u00e9s athl\u00e9tiques. Ses larges \u00e9paules d\u00e9coupent tout ce qui bouge et ses mains r\u00e9cup\u00e8rent un nombre important de ballons et ou de p\u00e9nalit\u00e9s. Le natif de Chaumont tire ces qualit\u00e9s de ses anciens sports pratiqu\u00e9s\u00a0: le football, l\u2019athl\u00e9tisme ou encore la natation durant quatre ann\u00e9es.<\/p>\n<p class=\"fig-body-link\">\n            \u00c0 lire aussi<br \/>\n        <a class=\"fig-body-link__link\" href=\"http:\/\/www.lefigaro.fr\/sports\/rugby\/xv-de-france\/xv-de-france-slimani-de-retour-barre-enchaine-hastoy-a-la-baguette-la-composition-des-bleus-face-aux-all-blacks-20250717\" target=\"_blank\" data-fig-type=\"NewsFlash\" rel=\"noopener nofollow\" data-gtm-custom-categorie=\"navigation\" data-gtm-custom-action=\"crossclick\" data-gtm-custom-label=\"Contextuel\" data-gtm-event=\"customEventSPE\" data-fig-domain=\"LEFIGARO\">XV de France\u00a0: Slimani de retour, Barr\u00e9 encha\u00eene, Hastoy \u00e0 la baguette\u2026 La composition des Bleus face aux All Blacks<br \/>\n    <\/a>\n<\/p>\n<p>Min\u00e9 par les blessures<\/p>\n<p class=\"fig-paragraph\">Sur le terrain, le gamin d\u2019Issoire est un roc. Un dur au mal. Et pourtant, son corps et la malchance lui ont jou\u00e9 des tours. En mars 2025, une l\u00e9sion \u00e0 un mollet est venue stopper ses bonnes performances. En juin 2024, il souffre d\u2019une fracture d Larynx. Plus grave encore, en 2023, lorsqu\u2019il subit une l\u00e9sion \u00e0 un mollet avant de subir deux mois plus tard une rupture des deux ligaments crois\u00e9s ant\u00e9rieurs et post\u00e9rieurs du genou droit et du ligament lat\u00e9ral externe (9 mois d\u2019absence). Plut\u00f4t \u00e9pargn\u00e9 par les blessures cette saison, Fischer a r\u00e9ussi \u00e0 encha\u00eener et d\u00e9montre l\u2019\u00e9tendue de ses qualit\u00e9s.<\/p>\n<p>Futur Bayonnais<\/p>\n<p class=\"fig-paragraph\">Les supporters clermontois le regrettent d\u00e9j\u00e0. Apr\u00e8s avoir \u00e9t\u00e9 form\u00e9 du c\u00f4t\u00e9 d\u2019Issoire, le joueur de 27 ans aura pass\u00e9 11 ans du c\u00f4t\u00e9 de Clermont. Pist\u00e9 \u00e9galement par l\u2019UBB, le flanker s\u2019est finalement engag\u00e9 pour trois saisons du c\u00f4t\u00e9 de Bayonne. Fischer ouvre donc un nouveau chapitre dans sa carri\u00e8re, au sein d\u2019une \u00e9quipe de plus en plus ambitieuse.<\/p>\n","protected":false},"excerpt":{"rendered":"PORTRAIT \u2013 Partez \u00e0 la d\u00e9couverte du troisi\u00e8me-ligne Alexandre Fischer avant le troisi\u00e8me test des Bleus face \u00e0&hellip;\n","protected":false},"author":2,"featured_media":253501,"comment_status":"","ping_status":"","sticky":false,"template":"","format":"standard","meta":{"footnotes":""},"categories":[1416],"tags":[2305,10980,515,1011,27,479,1468,60],"class_list":{"0":"post-253500","1":"post","2":"type-post","3":"status-publish","4":"format-standard","5":"has-post-thumbnail","7":"category-rugby","8":"tag-all-blacks","9":"tag-asm-clermont-auvergne","10":"tag-fabien-galthie","11":"tag-fr","12":"tag-france","13":"tag-rugby","14":"tag-rugby-football","15":"tag-sports"},"share_on_mastodon":{"url":"https:\/\/pubeurope.com\/@fr\/114867740606235447","error":""},"_links":{"self":[{"href":"https:\/\/www.europesays.com\/fr\/wp-json\/wp\/v2\/posts\/253500","targetHints":{"allow":["GET"]}}],"collection":[{"href":"https:\/\/www.europesays.com\/fr\/wp-json\/wp\/v2\/posts"}],"about":[{"href":"https:\/\/www.europesays.com\/fr\/wp-json\/wp\/v2\/types\/post"}],"author":[{"embeddable":true,"href":"https:\/\/www.europesays.com\/fr\/wp-json\/wp\/v2\/users\/2"}],"replies":[{"embeddable":true,"href":"https:\/\/www.europesays.com\/fr\/wp-json\/wp\/v2\/comments?post=253500"}],"version-history":[{"count":0,"href":"https:\/\/www.europesays.com\/fr\/wp-json\/wp\/v2\/posts\/253500\/revisions"}],"wp:featuredmedia":[{"embeddable":true,"href":"https:\/\/www.europesays.com\/fr\/wp-json\/wp\/v2\/media\/253501"}],"wp:attachment":[{"href":"https:\/\/www.europesays.com\/fr\/wp-json\/wp\/v2\/media?parent=253500"}],"wp:term":[{"taxonomy":"category","embeddable":true,"href":"https:\/\/www.europesays.com\/fr\/wp-json\/wp\/v2\/categories?post=253500"},{"taxonomy":"post_tag","embeddable":true,"href":"https:\/\/www.europesays.com\/fr\/wp-json\/wp\/v2\/tags?post=253500"}],"curies":[{"name":"wp","href":"https:\/\/api.w.org\/{rel}","templated":true}]}}