{"id":253510,"date":"2025-07-17T09:00:12","date_gmt":"2025-07-17T09:00:12","guid":{"rendered":"https:\/\/www.europesays.com\/fr\/253510\/"},"modified":"2025-07-17T09:00:12","modified_gmt":"2025-07-17T09:00:12","slug":"tour-de-france-2025-jespere-que-les-gens-vont-arreter-de-sen-prendre-a-toi-pogacar-defend-johannessen-qui-a-cause-sa-chute-sur-la-11e-etape","status":"publish","type":"post","link":"https:\/\/www.europesays.com\/fr\/253510\/","title":{"rendered":"Tour de France 2025 \u2013 \u00ab\u00a0J&rsquo;esp\u00e8re que les gens vont arr\u00eater de s&rsquo;en prendre \u00e0 toi\u00a0\u00bb\u00a0: Pogacar d\u00e9fend Johannessen qui a caus\u00e9 sa chute sur la 11e \u00e9tape"},"content":{"rendered":"<p class=\"ap-StoryElement ap-StoryElement--mb ap-StoryText\">Avant de d\u00e9plorer le comportement de certains internautes qui le harc\u00e8lent sur les r\u00e9seaux sociaux. \u00ab\u00a0Je me sens mal, mais je ne souhaite \u00e0 personne de recevoir autant de menaces que j&rsquo;en re\u00e7ois dans ma bo\u00eete de r\u00e9ception. Je suis terriblement d\u00e9sol\u00e9, mais aussi terrifi\u00e9 par la haine de tous ces gens. C&rsquo;est tr\u00e8s effrayant\u00a0\u00bb, a regrett\u00e9 le coureur de l&rsquo;\u00e9quipe <a href=\"https:\/\/www.dhnet.be\/sports\/cyclisme\/tour-de-france\/2025\/07\/16\/tour-de-france-2025-vers-un-duel-van-aert-van-der-poel-a-toulouse-direct-a-14h45-GS4DRNNRAREJJPJ7QQSWBNG4GI\/\" target=\"_blank\" rel=\"noopener\">Uno-X Mobility<\/a>.<\/p>\n<p>\u00ab\u00a0Il n&rsquo;y a pas de soucis\u00a0\u00bb<\/p>\n<p class=\"ap-StoryElement ap-StoryElement--mb ap-StoryText\">Tim Wellens a r\u00e9pondu en commentaire au post de Johannessen, accompagn\u00e9 du champion du monde slov\u00e8ne, qui a pris la parole pour d\u00e9noncer cet acharnement. \u00ab\u00a0Salut mon gars, tout va bien. Pas de stress. J&rsquo;esp\u00e8re que les gens vont arr\u00eater de s&rsquo;en prendre \u00e0 toi. Il n&rsquo;y a pas de soucis. Continue tes efforts\u00a0\u00bb, a r\u00e9agi le triple vainqueur de la Grande Boucle.<\/p>\n<p class=\"ap-StoryElement ap-StoryElement--mb ap-StoryText\">Avant que son co\u00e9quipier \u00e9quatorien Jonathan Narvaez ne cl\u00f4ture la vid\u00e9o en plaisantant : \u00ab\u00a0Mais garde ta ligne, hein !\u00a0\u00bb.<\/p>\n<p><a href=\"https:\/\/www.dhnet.be\/sports\/cyclisme\/2025\/07\/17\/les-chaussures-les-plus-legeres-du-marche-un-gps-plus-petit-et-pas-de-bijou-voici-comment-evenepoel-fait-la-chasse-aux-grammes-pour-la-montagne-QPKLPFG5MNDFJPNBYSBE6HBTFY\/\" target=\"_blank\" rel=\"noopener noreferrer\" class=\"ap-StoryInterstitialLink ap-StoryElement ap-StoryElement--mb\">Les chaussures les plus l\u00e9g\u00e8res du march\u00e9, un GPS plus petit et pas de bijou : voici comment Evenepoel fait la chasse aux grammes pour la montagne<\/a><\/p>\n","protected":false},"excerpt":{"rendered":"Avant de d\u00e9plorer le comportement de certains internautes qui le harc\u00e8lent sur les r\u00e9seaux sociaux. \u00ab\u00a0Je me sens&hellip;\n","protected":false},"author":2,"featured_media":253511,"comment_status":"","ping_status":"","sticky":false,"template":"","format":"standard","meta":{"footnotes":""},"categories":[1411],"tags":[1154,207,1011,27,60,1138],"class_list":{"0":"post-253510","1":"post","2":"type-post","3":"status-publish","4":"format-standard","5":"has-post-thumbnail","7":"category-cyclisme","8":"tag-cycling","9":"tag-cyclisme","10":"tag-fr","11":"tag-france","12":"tag-sports","13":"tag-tadej-pogacar"},"share_on_mastodon":{"url":"https:\/\/pubeurope.com\/@fr\/114867760235347608","error":""},"_links":{"self":[{"href":"https:\/\/www.europesays.com\/fr\/wp-json\/wp\/v2\/posts\/253510","targetHints":{"allow":["GET"]}}],"collection":[{"href":"https:\/\/www.europesays.com\/fr\/wp-json\/wp\/v2\/posts"}],"about":[{"href":"https:\/\/www.europesays.com\/fr\/wp-json\/wp\/v2\/types\/post"}],"author":[{"embeddable":true,"href":"https:\/\/www.europesays.com\/fr\/wp-json\/wp\/v2\/users\/2"}],"replies":[{"embeddable":true,"href":"https:\/\/www.europesays.com\/fr\/wp-json\/wp\/v2\/comments?post=253510"}],"version-history":[{"count":0,"href":"https:\/\/www.europesays.com\/fr\/wp-json\/wp\/v2\/posts\/253510\/revisions"}],"wp:featuredmedia":[{"embeddable":true,"href":"https:\/\/www.europesays.com\/fr\/wp-json\/wp\/v2\/media\/253511"}],"wp:attachment":[{"href":"https:\/\/www.europesays.com\/fr\/wp-json\/wp\/v2\/media?parent=253510"}],"wp:term":[{"taxonomy":"category","embeddable":true,"href":"https:\/\/www.europesays.com\/fr\/wp-json\/wp\/v2\/categories?post=253510"},{"taxonomy":"post_tag","embeddable":true,"href":"https:\/\/www.europesays.com\/fr\/wp-json\/wp\/v2\/tags?post=253510"}],"curies":[{"name":"wp","href":"https:\/\/api.w.org\/{rel}","templated":true}]}}