{"id":253514,"date":"2025-07-17T09:02:11","date_gmt":"2025-07-17T09:02:11","guid":{"rendered":"https:\/\/www.europesays.com\/fr\/253514\/"},"modified":"2025-07-17T09:02:11","modified_gmt":"2025-07-17T09:02:11","slug":"quelles-personnalites-seront-presentes-au-festival-international-de-geographie","status":"publish","type":"post","link":"https:\/\/www.europesays.com\/fr\/253514\/","title":{"rendered":"quelles personnalit\u00e9s seront pr\u00e9sentes au festival international de g\u00e9ographie ?"},"content":{"rendered":"<p>L\u2019avant-programme du prochain festival international de g\u00e9ographie de Saint-Di\u00e9 (du 3 au 5 octobre), disponible sur le site internet du FIG, a \u00e9t\u00e9 d\u00e9voil\u00e9 ce mercredi, \u00e0 moins de trois mois de l\u2019\u00e9v\u00e9nement. <a href=\"https:\/\/www.vosgesmatin.fr\/culture-loisirs\/2024\/10\/06\/indonesie-et-pouvoir-au-menu-du-festival-international-de-geographie-2025-de-saint-die\" target=\"_blank\" rel=\"noopener\">Cette 36 e \u00e9dition portera sur le th\u00e8me du \u00ab pouvoir \u00bb et braquera ses projecteurs sur l\u2019Indon\u00e9sie, pays invit\u00e9<\/a>.<\/p>\n<p>Climatologue fran\u00e7aise, <a href=\"https:\/\/www.vosgesmatin.fr\/p\/valerie-masson-delmotte\" target=\"_blank\" rel=\"noopener\">Val\u00e9rie Masson-Delmotte<\/a> sera la pr\u00e9sidente de ce FIG, elle qui a notamment co-pr\u00e9sid\u00e9 le groupe de travail scientifique du GIEC de 2015 \u00e0 2023, \u00ab contribuant activement aux rapports internationaux sur le climat \u00bb.<\/p>\n<p>Pour le salon du livre, la pr\u00e9sidence sera assur\u00e9e par Eka Kurniawan, \u00e9crivain indon\u00e9sien, dont le premier roman paru en 2002, Les Belles de Halimunda , a \u00e9t\u00e9 traduit dans plus de 30 langues.<\/p>\n<p>Ce contenu est bloqu\u00e9 car vous n&rsquo;avez pas accept\u00e9 les cookies et autres traceurs.<\/p>\n<p>En cliquant sur \u00ab J\u2019accepte \u00bb, les cookies et autres traceurs seront d\u00e9pos\u00e9s et vous pourrez visualiser les contenus  (<a href=\"\" class=\"consentModule_policy\" target=\"_blank\" title=\"Consulter la politique de protection des donn\u00e9es du fournisseur\">plus d&rsquo;informations<\/a>).<\/p>\n<p>En cliquant sur \u00ab J\u2019accepte tous les cookies \u00bb, vous autorisez des d\u00e9p\u00f4ts de cookies et autres traceurs pour le stockage de vos donn\u00e9es sur nos sites et applications \u00e0 des fins de personnalisation et de ciblage publicitaire.<\/p>\n<p class=\"consentModule_secondaryText\">Vous gardez la possibilit\u00e9 de retirer votre consentement \u00e0 tout moment en consultant notre <a href=\"https:\/\/www.vosgesmatin.fr\/protection-des-donnees\" target=\"_blank\" title=\"Consulter notre politique de protection des donn\u00e9es\" rel=\"noopener\">politique de protection des donn\u00e9es<\/a>. <br \/>&#13;<br \/>\n            <a href=\"https:\/\/www.vosgesmatin.fr\/culture-loisirs\/2025\/07\/17\/javascript:Didomi.notice.show()\" class=\"consentModule_cmp\" target=\"_blank\" rel=\"noopener\">G\u00e9rer mes choix<\/a>&#13;\n        <\/p>\n<p>&#13;<br \/>\n                        J&rsquo;accepte&#13;<br \/>\n            J&rsquo;accepte tous les cookies&#13;\n        <\/p>\n<p>  C\u00e9cile Duflot, Michel Bussi, <a href=\"https:\/\/www.vosgesmatin.fr\/p\/edwy-plenel\" target=\"_blank\" rel=\"noopener\">Edwy Plenel<\/a>\u2026<\/p>\n<p>Parmi les personnalit\u00e9s invit\u00e9es, on notera notamment la pr\u00e9sence de <a href=\"https:\/\/www.vosgesmatin.fr\/actualite\/2019\/01\/23\/matthieu-ricard-sans-liberte-interieure-on-est-malheureux\" target=\"_blank\" rel=\"noopener\">Matthieu Ricard<\/a> , moine bouddhiste et photographe, de l\u2019ancienne ministre C\u00e9cile Duflot, de Fariba Adelkhah, anthropologue franco-iranienne, arr\u00eat\u00e9e par les Gardiens de la r\u00e9volution en Iran et emprisonn\u00e9e pendant plus d\u2019un an, de Michel Bussi, l\u2019un des auteurs pr\u00e9f\u00e9r\u00e9s des Fran\u00e7ais, de Yaryna Chornohuz, po\u00e9tesse et caporale ukrainienne engag\u00e9e sur le front de la guerre et par ses \u00e9crits, des ma\u00eetres de conf\u00e9rences Fr\u00e9d\u00e9ric Encel et Anna Colin-Lebedev.<\/p>\n<p>D\u2019autres figures feront leur retour, comme Rapha\u00eblle Bacqu\u00e9, <a href=\"https:\/\/www.vosgesmatin.fr\/p\/agnes-ledig\" target=\"_blank\" rel=\"noopener\">Agn\u00e8s Ledig<\/a>, <a href=\"https:\/\/www.vosgesmatin.fr\/culture-loisirs\/2024\/10\/05\/edwy-plenel-invite-du-festival-international-de-geographie-a-saint-die-nous-sommes-a-nouveau-rentres-dans-un-cycle-de-deraison-de-la-puissance\" target=\"_blank\" rel=\"noopener\">Edwy Plenel<\/a> , <a href=\"https:\/\/www.vosgesmatin.fr\/culture-loisirs\/2024\/10\/06\/festival-international-de-geographie-a-saint-die-dans-les-coulisses-des-chroniques-de-pierre-haski\" target=\"_blank\" rel=\"noopener\">Pierre Haski<\/a> , Martin Hirsch.<\/p>\n","protected":false},"excerpt":{"rendered":"L\u2019avant-programme du prochain festival international de g\u00e9ographie de Saint-Di\u00e9 (du 3 au 5 octobre), disponible sur le site&hellip;\n","protected":false},"author":2,"featured_media":253515,"comment_status":"","ping_status":"","sticky":false,"template":"","format":"standard","meta":{"footnotes":""},"categories":[1359],"tags":[1687,58,1799,59,39392,107,1685,1011,27,973,8275,8276,774],"class_list":{"0":"post-253514","1":"post","2":"type-post","3":"status-publish","4":"format-standard","5":"has-post-thumbnail","7":"category-people","8":"tag-culture-loisirs","9":"tag-divertissement","10":"tag-edition-saint-die","11":"tag-entertainment","12":"tag-festival-international-de-geographie","13":"tag-fil-info","14":"tag-foire-et-salon","15":"tag-fr","16":"tag-france","17":"tag-people","18":"tag-saint-die-des-vosges","19":"tag-saint-die-ville-88b","20":"tag-vosges"},"share_on_mastodon":{"url":"https:\/\/pubeurope.com\/@fr\/114867768063384020","error":""},"_links":{"self":[{"href":"https:\/\/www.europesays.com\/fr\/wp-json\/wp\/v2\/posts\/253514","targetHints":{"allow":["GET"]}}],"collection":[{"href":"https:\/\/www.europesays.com\/fr\/wp-json\/wp\/v2\/posts"}],"about":[{"href":"https:\/\/www.europesays.com\/fr\/wp-json\/wp\/v2\/types\/post"}],"author":[{"embeddable":true,"href":"https:\/\/www.europesays.com\/fr\/wp-json\/wp\/v2\/users\/2"}],"replies":[{"embeddable":true,"href":"https:\/\/www.europesays.com\/fr\/wp-json\/wp\/v2\/comments?post=253514"}],"version-history":[{"count":0,"href":"https:\/\/www.europesays.com\/fr\/wp-json\/wp\/v2\/posts\/253514\/revisions"}],"wp:featuredmedia":[{"embeddable":true,"href":"https:\/\/www.europesays.com\/fr\/wp-json\/wp\/v2\/media\/253515"}],"wp:attachment":[{"href":"https:\/\/www.europesays.com\/fr\/wp-json\/wp\/v2\/media?parent=253514"}],"wp:term":[{"taxonomy":"category","embeddable":true,"href":"https:\/\/www.europesays.com\/fr\/wp-json\/wp\/v2\/categories?post=253514"},{"taxonomy":"post_tag","embeddable":true,"href":"https:\/\/www.europesays.com\/fr\/wp-json\/wp\/v2\/tags?post=253514"}],"curies":[{"name":"wp","href":"https:\/\/api.w.org\/{rel}","templated":true}]}}