{"id":253516,"date":"2025-07-17T09:03:09","date_gmt":"2025-07-17T09:03:09","guid":{"rendered":"https:\/\/www.europesays.com\/fr\/253516\/"},"modified":"2025-07-17T09:03:09","modified_gmt":"2025-07-17T09:03:09","slug":"les-galeries-francaises-voient-lavenir-en-gris","status":"publish","type":"post","link":"https:\/\/www.europesays.com\/fr\/253516\/","title":{"rendered":"Les galeries fran\u00e7aises voient l&rsquo;avenir en gris"},"content":{"rendered":"<p>Le r\u00e9cent barom\u00e8tre publi\u00e9 par le Comit\u00e9 professionnel des galeries d&rsquo;art fait \u00e9tat de difficult\u00e9s croissantes des galeries, surtout dans le segment interm\u00e9diaire. Sur le premier semestre 2025, une dizaine sont en cours de fermeture ou en proc\u00e9dure de liquidation judiciaire.<\/p>\n<p>Pilot\u00e9 par la galeriste Magda Danysz \u2013 pr\u00e9sidente d\u00e9l\u00e9gu\u00e9e du CPGA dans l&rsquo;\u00e9quipe de Philippe Charpentier, \u00e9lu en avril \u2013, avec, pour la partie statistique, le cabinet Iddem, le premier barom\u00e8tre annuel (ils paraissaient auparavant sans fr\u00e9quence fixe) du Comit\u00e9 professionnel des galeries d\u2019art (CPGA) fournit des chiffres instructifs. S&rsquo;appuyant sur un panel de galeries \u00e0 l\u2019anciennet\u00e9 moyenne de 25 ans, il \u00e9claire sur la r\u00e9partition des activit\u00e9s (de la programmation artistique aux partenariats avec d\u2019autres structures culturelles) et recense\u00a0les enjeux auxquels sont confront\u00e9s les 307 membres de l&rsquo;association, alors que le march\u00e9 de l\u2019art conna\u00eet une p\u00e9riode de ralentissement. Sur l&rsquo;ann\u00e9e 2024, le chiffre d&rsquo;affaires global d\u00e9clar\u00e9 des membres du CPGA s&rsquo;est \u00e9lev\u00e9 \u00e0 578 millions d&rsquo;euros, en baisse significative\u00a0de 6 % par rapport \u00e0\u00a02023. Si la sc\u00e8ne fran\u00e7aise\u00a0a connu un regain d&rsquo;attractivit\u00e9 sur l\u2019\u00e9chiquier\u00a0mondial \u2013 avec l\u2019implantation d\u2019Art Basel Paris et l\u2019arriv\u00e9e de galeries internationales\u00a0\u2013\u00a0l&rsquo;\u00e9tude relativise cette dynamique, faisant\u00a0\u00e9tat d\u2019une\u00a0\u00ab rupture \u00bb\u00a0:\u00a085 % des galeristes interrog\u00e9s expriment une perception n\u00e9gative de la sant\u00e9 \u00e9conomique de leur activit\u00e9, les\u00a0structures interm\u00e9diaires \u00e9tant les plus touch\u00e9es. \u00ab On a souvent tendance \u00e0 parler de records mais il ne faut pas oublier que 25 % des galeries ont un chiffre d&rsquo;affaires annuel inf\u00e9rieur \u00e0 150 000 euros et 27 % sont dans la fourchette de 150 000 \u00e0 500 000 euros, pr\u00e9cise Magda Danysz. Plus de 90 % des \u0153uvres vendues le sont \u00e0 moins de 50 000 euros et 50 % sont sous la barre des 5 000 euros. Ce march\u00e9-l\u00e0 est tr\u00e8s attaqu\u00e9. Il est pourtant essentiel car c&rsquo;est un vivier de d\u00e9couvertes &#8211; et il est \u00e9galement essentiel aux grosses galeries. \u00bb<\/p>\n<p>Difficult\u00e9s majeures pour 12 % des membres du CPGA<\/p>\n<p>On assiste certes \u00e0 des ouvertures de galeries mais elles correspondent pour\u2026<\/p>\n","protected":false},"excerpt":{"rendered":"Le r\u00e9cent barom\u00e8tre publi\u00e9 par le Comit\u00e9 professionnel des galeries d&rsquo;art fait \u00e9tat de difficult\u00e9s croissantes des galeries,&hellip;\n","protected":false},"author":2,"featured_media":253517,"comment_status":"","ping_status":"","sticky":false,"template":"","format":"standard","meta":{"footnotes":""},"categories":[1358],"tags":[1348,1384,1385,39395,1386,58,1067,59,1011,27,7455,39394,39393,1397,5747,959],"class_list":{"0":"post-253516","1":"post","2":"type-post","3":"status-publish","4":"format-standard","5":"has-post-thumbnail","7":"category-arts-et-design","8":"tag-arts","9":"tag-arts-and-design","10":"tag-arts-et-design","11":"tag-cpga","12":"tag-design","13":"tag-divertissement","14":"tag-enquete","15":"tag-entertainment","16":"tag-fr","17":"tag-france","18":"tag-galeries","19":"tag-galeristes","20":"tag-magda-danysz","21":"tag-marche-de-lart","22":"tag-rapport","23":"tag-recherche"},"share_on_mastodon":{"url":"https:\/\/pubeurope.com\/@fr\/114867772018325187","error":""},"_links":{"self":[{"href":"https:\/\/www.europesays.com\/fr\/wp-json\/wp\/v2\/posts\/253516","targetHints":{"allow":["GET"]}}],"collection":[{"href":"https:\/\/www.europesays.com\/fr\/wp-json\/wp\/v2\/posts"}],"about":[{"href":"https:\/\/www.europesays.com\/fr\/wp-json\/wp\/v2\/types\/post"}],"author":[{"embeddable":true,"href":"https:\/\/www.europesays.com\/fr\/wp-json\/wp\/v2\/users\/2"}],"replies":[{"embeddable":true,"href":"https:\/\/www.europesays.com\/fr\/wp-json\/wp\/v2\/comments?post=253516"}],"version-history":[{"count":0,"href":"https:\/\/www.europesays.com\/fr\/wp-json\/wp\/v2\/posts\/253516\/revisions"}],"wp:featuredmedia":[{"embeddable":true,"href":"https:\/\/www.europesays.com\/fr\/wp-json\/wp\/v2\/media\/253517"}],"wp:attachment":[{"href":"https:\/\/www.europesays.com\/fr\/wp-json\/wp\/v2\/media?parent=253516"}],"wp:term":[{"taxonomy":"category","embeddable":true,"href":"https:\/\/www.europesays.com\/fr\/wp-json\/wp\/v2\/categories?post=253516"},{"taxonomy":"post_tag","embeddable":true,"href":"https:\/\/www.europesays.com\/fr\/wp-json\/wp\/v2\/tags?post=253516"}],"curies":[{"name":"wp","href":"https:\/\/api.w.org\/{rel}","templated":true}]}}