{"id":253544,"date":"2025-07-17T09:18:11","date_gmt":"2025-07-17T09:18:11","guid":{"rendered":"https:\/\/www.europesays.com\/fr\/253544\/"},"modified":"2025-07-17T09:18:11","modified_gmt":"2025-07-17T09:18:11","slug":"meurthe-et-moselle-un-bol-dair-frais-sur-les-sentiers-du-haut-darmont-a-saint-nicolas-de-port","status":"publish","type":"post","link":"https:\/\/www.europesays.com\/fr\/253544\/","title":{"rendered":"Meurthe-et-Moselle. Un bol d\u2019air frais sur les sentiers du Haut d\u2019Armont, \u00e0 Saint-Nicolas-de-Port"},"content":{"rendered":"<p>Sur les hauteurs de <a href=\"https:\/\/www.estrepublicain.fr\/edition-nancy-et-agglomeration\/saint-nicolas-de-port\" target=\"_blank\" rel=\"noopener\">Saint-Nicolas-de-Port<\/a> , il est possible de se promener sur les sentiers du Haut d\u2019Armont. Balis\u00e9 r\u00e9cemment, le parcours convient \u00e0 tout profil et r\u00e9serve aux curieux de multiples surprises.<\/p>\n<p>  5\u00a0km de plaisir<\/p>\n<p>Cette jolie boucle d\u00e9marre \u00e0 proximit\u00e9 du ruisseau du petit Rh\u00f4ne, en contrebas d\u2019un viaduc du m\u00eame nom. Construit avant la Seconde Guerre mondiale, il faisait partie de la ligne ferroviaire \u00ab\u00a0\u00e9vite-Nancy\u00a0\u00bb, qui permettait de contourner le n\u0153ud nanc\u00e9ien entre Neuves-Maisons et Blainville-Damelevi\u00e8res pour le trafic de marchandises. L\u2019acc\u00e8s est tr\u00e8s facile puisque des places de parking sont pr\u00e9vues \u00e0 cet effet.<\/p>\n<p>Le long des sentiers, vous trouverez un parc pour les enfants et une table de pique-nique. Apporter de quoi se restaurer est donc tout \u00e0 fait possible. Pour les aventuriers d\u2019\u00e9t\u00e9, nul besoin de pr\u00e9voir un dessert puisque de jolis arbres fruitiers vous feront du charme pendant votre marche. Mais faites vite, la saison des prunes ne dure qu\u2019un temps\u2026<\/p>\n<p>  Une association aux manettes<\/p>\n<p>Si vous voulez admirer <a href=\"https:\/\/www.estrepublicain.fr\/culture-loisirs\/2025\/04\/10\/connaissance-et-renaissance-de-la-basilique-se-tourne-vers-la-jeunesse\" target=\"_blank\" rel=\"noopener\"> la c\u00e9l\u00e8bre basilique de Saint-Nicolas-de-Port<\/a> , il vous faudra emprunter la petite boucle qui comprend 3,5\u00a0km contre 5,5\u00a0km pour la grande, mais rien ne vous emp\u00eache de d\u00e9couvrir les deux.<\/p>\n<p>Pour les plus courageux, un d\u00e9tour afin de visiter cet \u00e9difice est vivement recommand\u00e9. B\u00e2tie entre\u00a01481 et\u00a01550, la basilique t\u00e9moigne de la puissance de la Lorraine d\u2019antan. Jeanne-d\u2019Arc est tout de m\u00eame venue y faire un p\u00e8lerinage\u00a0!<\/p>\n<p>Ce contenu est bloqu\u00e9 car vous n&rsquo;avez pas accept\u00e9 les cookies et autres traceurs.<\/p>\n<p>En cliquant sur \u00ab J\u2019accepte \u00bb, les cookies et autres traceurs seront d\u00e9pos\u00e9s et vous pourrez visualiser les contenus  (<a href=\"\" class=\"consentModule_policy\" target=\"_blank\" title=\"Consulter la politique de protection des donn\u00e9es du fournisseur\">plus d&rsquo;informations<\/a>).<\/p>\n<p>En cliquant sur \u00ab J\u2019accepte tous les cookies \u00bb, vous autorisez des d\u00e9p\u00f4ts de cookies et autres traceurs pour le stockage de vos donn\u00e9es sur nos sites et applications \u00e0 des fins de personnalisation et de ciblage publicitaire.<\/p>\n<p class=\"consentModule_secondaryText\">Vous gardez la possibilit\u00e9 de retirer votre consentement \u00e0 tout moment en consultant notre <a href=\"https:\/\/www.estrepublicain.fr\/protection-des-donnees\" target=\"_blank\" title=\"Consulter notre politique de protection des donn\u00e9es\" rel=\"noopener\">politique de protection des donn\u00e9es<\/a>. <br \/>&#13;<br \/>\n            <a href=\"https:\/\/www.estrepublicain.fr\/culture-loisirs\/2025\/07\/17\/javascript:Didomi.notice.show()\" class=\"consentModule_cmp\" target=\"_blank\" rel=\"noopener\">G\u00e9rer mes choix<\/a>&#13;\n        <\/p>\n<p>&#13;<br \/>\n                        J&rsquo;accepte&#13;<br \/>\n            J&rsquo;accepte tous les cookies&#13;\n        <\/p>\n<p>Ce parcours a \u00e9t\u00e9 cr\u00e9\u00e9 par l\u2019association \u00ab\u00a0Rando Sel &amp; Vermois\u00a0\u00bb qui <a href=\"https:\/\/www.estrepublicain.fr\/culture-loisirs\/2025\/07\/09\/rando-sel-et-vermois-a-fete-ses-trente-ans\" target=\"_blank\" rel=\"noopener\">a f\u00eat\u00e9 ses 30 ans cette ann\u00e9e<\/a>. En moins de trois ans, ses membres sont parvenus \u00e0 \u00e9laborer pas moins de 26 trac\u00e9s dans toute la communaut\u00e9 de communes. Pour celui-ci, aucun sentier n\u2019existait, il a fallu \u00ab\u00a0petit \u00e0 petit d\u00e9fricher et terrasser les lieux\u00a0\u00bb nous explique Fran\u00e7ois, en charge de l\u2019entretien des chemins balis\u00e9s. C\u2019est donc un travail \u00e0 un plein-temps, si bien que la collectivit\u00e9 leur a confi\u00e9 la comp\u00e9tence en la mati\u00e8re.<\/p>\n<p>Les 26 balades et randonn\u00e9es sont disponibles en fichier GPX, permettant d\u2019avoir acc\u00e8s aux coordonn\u00e9es GPS et donc de s\u2019orienter tr\u00e8s facilement. Toutes les informations n\u00e9cessaires sont sur le site de la communaut\u00e9 de communes des pays du Sel et du Vermois.<\/p>\n<p>Avec le beau temps, aucune excuse n\u2019est valable pour \u00e9viter ces petits p\u00e9riples\u00a0!<\/p>\n","protected":false},"excerpt":{"rendered":"Sur les hauteurs de Saint-Nicolas-de-Port , il est possible de se promener sur les sentiers du Haut d\u2019Armont.&hellip;\n","protected":false},"author":2,"featured_media":253545,"comment_status":"","ping_status":"","sticky":false,"template":"","format":"standard","meta":{"footnotes":""},"categories":[9635],"tags":[1111,11,7782,9652,1687,1704,1777,674,1011,27,775,31022,20065,1702,12,25,9651],"class_list":{"0":"post-253544","1":"post","2":"type-post","3":"status-publish","4":"format-standard","5":"has-post-thumbnail","7":"category-nancy","8":"tag-actu","9":"tag-actualites","10":"tag-balades-et-randonnees","11":"tag-cc-des-pays-du-sel-et-du-vermois-54b","12":"tag-culture-loisirs","13":"tag-edition-nancy-et-agglomeration","14":"tag-eu","15":"tag-europe","16":"tag-fr","17":"tag-france","18":"tag-grand-est","19":"tag-le-guide-de-lete-lorraine","20":"tag-magazine-tourisme-et-patrimoine","21":"tag-nancy","22":"tag-news","23":"tag-republique-francaise","24":"tag-saint-nicolas-de-port"},"share_on_mastodon":{"url":"https:\/\/pubeurope.com\/@fr\/114867831192362999","error":""},"_links":{"self":[{"href":"https:\/\/www.europesays.com\/fr\/wp-json\/wp\/v2\/posts\/253544","targetHints":{"allow":["GET"]}}],"collection":[{"href":"https:\/\/www.europesays.com\/fr\/wp-json\/wp\/v2\/posts"}],"about":[{"href":"https:\/\/www.europesays.com\/fr\/wp-json\/wp\/v2\/types\/post"}],"author":[{"embeddable":true,"href":"https:\/\/www.europesays.com\/fr\/wp-json\/wp\/v2\/users\/2"}],"replies":[{"embeddable":true,"href":"https:\/\/www.europesays.com\/fr\/wp-json\/wp\/v2\/comments?post=253544"}],"version-history":[{"count":0,"href":"https:\/\/www.europesays.com\/fr\/wp-json\/wp\/v2\/posts\/253544\/revisions"}],"wp:featuredmedia":[{"embeddable":true,"href":"https:\/\/www.europesays.com\/fr\/wp-json\/wp\/v2\/media\/253545"}],"wp:attachment":[{"href":"https:\/\/www.europesays.com\/fr\/wp-json\/wp\/v2\/media?parent=253544"}],"wp:term":[{"taxonomy":"category","embeddable":true,"href":"https:\/\/www.europesays.com\/fr\/wp-json\/wp\/v2\/categories?post=253544"},{"taxonomy":"post_tag","embeddable":true,"href":"https:\/\/www.europesays.com\/fr\/wp-json\/wp\/v2\/tags?post=253544"}],"curies":[{"name":"wp","href":"https:\/\/api.w.org\/{rel}","templated":true}]}}