{"id":253560,"date":"2025-07-17T09:29:14","date_gmt":"2025-07-17T09:29:14","guid":{"rendered":"https:\/\/www.europesays.com\/fr\/253560\/"},"modified":"2025-07-17T09:29:14","modified_gmt":"2025-07-17T09:29:14","slug":"isere-ces-supermarches-auchan-menaces-de-fermer-une-enseigne-connue-veut-les-racheter","status":"publish","type":"post","link":"https:\/\/www.europesays.com\/fr\/253560\/","title":{"rendered":"Is\u00e8re. Ces supermarch\u00e9s Auchan menac\u00e9s de fermer, une enseigne connue veut les racheter"},"content":{"rendered":"<p>            Par<br \/>\n        <strong><br \/>\n            <a href=\"https:\/\/actu.fr\/auteur\/lisa-rodrigues\" title=\"Consulter tous les articles de Lisa Rodrigues\" target=\"_blank\" rel=\"noopener\">Lisa Rodrigues<\/a><br \/>\n        <\/strong><\/p>\n<p>        Publi\u00e9 le<\/p>\n<p>            17 juil. 2025 \u00e0 11h00        <\/p>\n<p>L\u2019annonce a \u00e9t\u00e9 faite en fin d\u2019ann\u00e9e 2024 : le groupe <strong>Auchan<\/strong>, qui emploie environ 54 000 personnes en France, pr\u00e9pare un <a href=\"https:\/\/actu.fr\/economie\/auchan-le-groupe-compte-supprimer-pres-de-2400-postes-et-fermer-une-dizaine-de-supermarches_61824342.html\" target=\"_blank\" rel=\"noopener\">projet de plan social<\/a>. Pr\u00e8s de 2 400 emplois sont menac\u00e9s et une dizaine de magasins pourraient fermer.<br \/>Des mesures qui semblent en partie se confirmer : mercredi 16 juillet, Auchan a d\u00e9voil\u00e9 une liste de <strong>19 supermarch\u00e9s dont le groupe souhaite se s\u00e9parer<\/strong>. En <a href=\"https:\/\/actu.fr\/auvergne-rhone-alpes\/isere_38\" target=\"_blank\" rel=\"noopener\">Is\u00e8re<\/a>, deux enseignes sont concern\u00e9es.<\/p>\n<p class=\" wall-content\">Il s\u2019agit des magasins de <strong>Voiron<\/strong> et de <strong>Grenoble-Perrot<\/strong>. Comme les 17 autres adresses concern\u00e9es par ce projet de cession, ils pourraient \u00eatre repris par une autre grande cha\u00eene de supermarch\u00e9s.<\/p>\n<p>    <a href=\"https:\/\/www.google.com\/maps\/embed?pb=!1m18!1m12!1m3!1d2812.8015676955515!2d5.736996076134542!3d45.17086797107064!2m3!1f0!2f0!3f0!3m2!1i1024!2i768!4f13.1!3m3!1m2!1s0x478af4c3336dda25%3A0xb436b54941b1f079!2sAuchan%20Supermarch%C3%A9%20Grenoble%20Perrot!5e0!3m2!1sfr!2sfr!4v1752740483599!5m2!1sfr!2sfr\" title=\"Ouvrie le lien\" target=\"_blank\" rel=\"noopener\">Cliquez ici pour visualiser le contenu<\/a><\/p>\n<p>Des \u00ab\u00a0n\u00e9gociations exclusives\u00a0\u00bb avec un repreneur<\/p>\n<p class=\" wall-content\">C\u2019est le g\u00e9ant <strong>Lidl<\/strong> qui envisage de reprendre les 19 supermarch\u00e9s concern\u00e9s, dont les deux is\u00e9rois. Les groupes sont, en tout cas, engag\u00e9s dans \u00ab\u00a0des n\u00e9gociations exclusives pour la reprise\u00a0\u00bb des magasins, selon un communiqu\u00e9 commun.<\/p>\n<blockquote class=\"ac-article-quote wall-content\">\n<p>Les 19 supermarch\u00e9s Auchan, qui repr\u00e9sentent une surface de vente de 33 760 m\u00b2,<br \/>\nviendraient rejoindre les 1 600 Lidl en France. Ce projet de reprise s\u2019inscrit dans la<br \/>\ndynamique de d\u00e9veloppement de l\u2019enseigne qui compte aujourd\u2019hui 46 000<br \/>\nsalari\u00e9s en France. <\/p>\n<p>    <strong>Communiqu\u00e9 commun des groupes Auchan et Lidl<\/strong>\n            <\/p><\/blockquote>\n<p class=\" wall-content\">\u00c0 noter que sur l\u2019agglom\u00e9ration de <a href=\"https:\/\/actu.fr\/auvergne-rhone-alpes\/grenoble_38185\" target=\"_blank\" rel=\"noopener\">Grenoble<\/a>, Lidl compte <strong>d\u00e9j\u00e0 trois magasins<\/strong>, et est aussi install\u00e9 \u00e0 Crolles et Vizille. Le groupe allemand est \u00e9galement pr\u00e9sent \u00e0 <a href=\"https:\/\/actu.fr\/auvergne-rhone-alpes\/voiron_38563\" target=\"_blank\" rel=\"noopener\">Voiron<\/a>, \u00e0 un peu plus d\u2019un kilom\u00e8tre du magasin Auchan qu\u2019il souhaite racheter.<\/p>\n<p>Une cession envisag\u00e9e fin 2025<\/p>\n<p class=\" wall-content\">Le projet vient d\u2019\u00eatre pr\u00e9sent\u00e9 aux repr\u00e9sentants du personnel du groupe Auchan et doit \u00e9galement obtenir une autorisation des autorit\u00e9s de la concurrence. Pour autant, la cession devrait \u00eatre rapide, puisque \u00ab\u00a0la finalisation de l\u2019op\u00e9ration pourrait intervenir d\u2019ici la <strong>fin du dernier trimestre 2025\u2033<\/strong>.<\/p>\n<p class=\" wall-content\">En Is\u00e8re, Auchan conserverait donc <strong>neuf magasins<\/strong> : son seul hypermarch\u00e9 is\u00e9rois \u00e0 <a href=\"https:\/\/actu.fr\/auvergne-rhone-alpes\/fontaine_38169\" target=\"_blank\" rel=\"noopener\">Fontaine<\/a> et huit supermarch\u00e9s, dont trois \u00e0 Grenoble.<\/p>\n<p>La liste compl\u00e8te des magasins concern\u00e9s<\/p>\n<p class=\" wall-content\">Voici la <strong>liste des 19 magasins<\/strong> qui pourraient donc passer d\u2019ici la fin de l\u2019ann\u00e9e 2025 sous pavillon Lidl :\u00a0<\/p>\n<ul class=\" wall-content\">\n<li>Antibes \u2013 Palais Congr\u00e8s (Alpes-Maritimes)<\/li>\n<li>Cannes (Alpes-Maritimes)<\/li>\n<li>Bordeaux \u2013 Benauge (Gironde)<\/li>\n<li>Bordeaux \u2013 Grand Parc (Gironde)<\/li>\n<li>Gradignan \u2013 Malartic (Gironde)<\/li>\n<li>Grabels (H\u00e9rault)<\/li>\n<li>Saint-Pierre-des-Corps (Indre-et-Loire)<\/li>\n<li><strong>Voiron<\/strong> (Is\u00e8re)<\/li>\n<li><strong>Grenoble \u2013 Perrot<\/strong> (Is\u00e8re)<\/li>\n<li>Marquette-Lez-Lille (Nord)<\/li>\n<li>Noyelles-l\u00e8s-Vermelles (Pas-de-Calais)<\/li>\n<li><a href=\"https:\/\/actu.fr\/auvergne-rhone-alpes\/lyon_69123\" target=\"_blank\" rel=\"noopener\">Lyon<\/a> \u2013 Duch\u00e8re (Rh\u00f4ne)<\/li>\n<li>Lyon \u2013 \u00c9tats-Unis (Rh\u00f4ne)<\/li>\n<li>Paris \u2013 Vaugirard<\/li>\n<li>Nemours (Seine-et-Marne)<\/li>\n<li>Carri\u00e8res-sur-Seine (<a href=\"https:\/\/actu.fr\/ile-de-france\/coignieres_78168\/yvelines-lidl-gagne-son-bras-de-fer-avec-auchan-le-nouveau-grand-magasin-verra-le-jour_62135824.html\" target=\"_blank\" rel=\"noopener\">Yvelines<\/a>)<\/li>\n<li>Toulon \u2013 Traverse Arnaud (Var)<\/li>\n<li>Saint-Rapha\u00ebl (Var)<\/li>\n<li>L\u2019Isle-Adam (Val-d\u2019Oise)<\/li>\n<\/ul>\n<p class=\" wall-content\">Concernant les emplois, aucun chiffre n\u2019a \u00e9t\u00e9 annonc\u00e9 sur le <strong>nombre de salari\u00e9s<\/strong> concern\u00e9s par ces cessions. La direction d\u2019Auchan assure toutefois veiller \u00ab\u00a0\u00e0 la continuit\u00e9 de l\u2019emploi\u00a0\u00bb.<\/p>\n<p class=\" wall-content\">Suivez toute l\u2019actualit\u00e9 de vos villes et m\u00e9dias favoris en vous inscrivant \u00e0 <a href=\"https:\/\/moncompte.actu.fr\" title=\"D\u00e9couvez Mon Actu\" rel=\"nofollow noopener\" data-trk=\"{&quot;cta&quot;:{&quot;action&quot;:&quot;https:\\\/\\\/moncompte.actu.fr&quot;,&quot;category&quot;:&quot;mon compte&quot;,&quot;from&quot;:&quot;article footer&quot;,&quot;name&quot;:&quot;Mon actu&quot;,&quot;type&quot;:&quot;cta&quot;}}\" target=\"_blank\">Mon Actu<\/a>.<\/p>\n","protected":false},"excerpt":{"rendered":"Par Lisa Rodrigues Publi\u00e9 le 17 juil. 2025 \u00e0 11h00 L\u2019annonce a \u00e9t\u00e9 faite en fin d\u2019ann\u00e9e 2024&hellip;\n","protected":false},"author":2,"featured_media":253561,"comment_status":"","ping_status":"","sticky":false,"template":"","format":"standard","meta":{"footnotes":""},"categories":[9566],"tags":[1111,11,14474,2430,215,33,1777,674,1011,27,2731,18542,12,25],"class_list":{"0":"post-253560","1":"post","2":"type-post","3":"status-publish","4":"format-standard","5":"has-post-thumbnail","7":"category-grenoble","8":"tag-actu","9":"tag-actualites","10":"tag-auchan","11":"tag-auvergne-rhone-alpes","12":"tag-commerce","13":"tag-economie","14":"tag-eu","15":"tag-europe","16":"tag-fr","17":"tag-france","18":"tag-grenoble","19":"tag-lidl","20":"tag-news","21":"tag-republique-francaise"},"share_on_mastodon":{"url":"https:\/\/pubeurope.com\/@fr\/114867874306198693","error":""},"_links":{"self":[{"href":"https:\/\/www.europesays.com\/fr\/wp-json\/wp\/v2\/posts\/253560","targetHints":{"allow":["GET"]}}],"collection":[{"href":"https:\/\/www.europesays.com\/fr\/wp-json\/wp\/v2\/posts"}],"about":[{"href":"https:\/\/www.europesays.com\/fr\/wp-json\/wp\/v2\/types\/post"}],"author":[{"embeddable":true,"href":"https:\/\/www.europesays.com\/fr\/wp-json\/wp\/v2\/users\/2"}],"replies":[{"embeddable":true,"href":"https:\/\/www.europesays.com\/fr\/wp-json\/wp\/v2\/comments?post=253560"}],"version-history":[{"count":0,"href":"https:\/\/www.europesays.com\/fr\/wp-json\/wp\/v2\/posts\/253560\/revisions"}],"wp:featuredmedia":[{"embeddable":true,"href":"https:\/\/www.europesays.com\/fr\/wp-json\/wp\/v2\/media\/253561"}],"wp:attachment":[{"href":"https:\/\/www.europesays.com\/fr\/wp-json\/wp\/v2\/media?parent=253560"}],"wp:term":[{"taxonomy":"category","embeddable":true,"href":"https:\/\/www.europesays.com\/fr\/wp-json\/wp\/v2\/categories?post=253560"},{"taxonomy":"post_tag","embeddable":true,"href":"https:\/\/www.europesays.com\/fr\/wp-json\/wp\/v2\/tags?post=253560"}],"curies":[{"name":"wp","href":"https:\/\/api.w.org\/{rel}","templated":true}]}}