{"id":253566,"date":"2025-07-17T09:32:36","date_gmt":"2025-07-17T09:32:36","guid":{"rendered":"https:\/\/www.europesays.com\/fr\/253566\/"},"modified":"2025-07-17T09:32:36","modified_gmt":"2025-07-17T09:32:36","slug":"letat-met-fin-a-lhebergement-special-des-ukrainiens","status":"publish","type":"post","link":"https:\/\/www.europesays.com\/fr\/253566\/","title":{"rendered":"L&rsquo;\u00c9tat met fin \u00e0 l&rsquo;h\u00e9bergement sp\u00e9cial des Ukrainiens"},"content":{"rendered":"<p class=\"wp-block-post-excerpt__excerpt\">L\u2019\u00c9tat a montr\u00e9 qu\u2019il pouvait loger efficacement et rapidement les migrants en h\u00e9bergeant les Ukrainiens qui ont fui la guerre en 2022. En Alsace, il pr\u00e9voit de diviser ce dispositif de moiti\u00e9 en 2025 et d\u2019y mettre fin en 2026. <\/p>\n<p><a href=\"https:\/\/www.rue89strasbourg.com\/category\/premium\" rel=\"tag noopener\" target=\"_blank\">\u00c9dition abonn\u00e9s<\/a>, <a href=\"https:\/\/www.rue89strasbourg.com\/category\/breve\" rel=\"tag noopener\" target=\"_blank\">En bref<\/a><\/p>\n<p>Thibault Vetter<\/p>\n<p>Publi\u00e9 le 16 juillet 2025\u00a0\u00a0\u00b7\u00a0\u00a0<\/p>\n<p>Imprim\u00e9 le 17 juillet 2025 \u00e0 11h32\u00a0\u00a0\u00b7\u00a0\u00a0<\/p>\n<p>Modifi\u00e9 le 16 juillet 2025\u00a0\u00a0\u00b7\u00a0\u00a0<\/p>\n<p>\t\t\t\t\t3\u00a0minutes\n<\/p>\n<p class=\"has-drop-cap\">Mars 2022. Moins d\u2019un mois apr\u00e8s l\u2019invasion de l\u2019Ukraine par la Russie, l\u2019\u00c9tat fran\u00e7ais mettait en place un vaste dispositif d\u2019h\u00e9bergement d\u2019urgence pour Ukrainiens. \u00c0 Strasbourg, la pr\u00e9fecture du Bas-Rhin a fait <a href=\"https:\/\/www.rue89strasbourg.com\/centre-bourse-accueil-refugies-ukraine-229519\" target=\"_blank\" rel=\"noreferrer noopener\">transformer la salle de la Bourse<\/a> en centre d\u2019accueil pour coordonner des centaines de mises \u00e0 l\u2019abri par des associations, des communes et des particuliers. L\u2019efficacit\u00e9 du plan d\u2019action avait choqu\u00e9 les associations, dans un contexte o\u00f9 le syst\u00e8me d\u2019h\u00e9bergement d\u2019urgence \u00e9tait satur\u00e9 depuis plusieurs ann\u00e9es, avec <a href=\"https:\/\/www.rue89strasbourg.com\/strasbourg-115-fonctionne-pas-refugies-ukrainiens-229361\" target=\"_blank\" rel=\"noreferrer noopener\">de nombreuses personnes d\u2019autres nationalit\u00e9s oblig\u00e9es de dormir dehors<\/a>.<\/p>\n<p><img loading=\"lazy\" decoding=\"async\" width=\"792\" height=\"528\" src=\"https:\/\/www.europesays.com\/fr\/wp-content\/uploads\/2025\/07\/51932442654-2dea938ea1-k-792x528.jpg\" alt=\"\" class=\"wp-image-351571\"  \/> La file des Ukrainiens et Ukrainiennes devant la salle de la Bourse en 2022.Photo\u00a0: Evan Lemoine \/ Rue89 Strasbourg<\/p>\n<p>D\u00e9cembre 2024. Michel Barnier, alors Premier ministre, envoie <a href=\"https:\/\/www.gisti.org\/IMG\/pdf\/circ_2024-12-04_bpt-ukraine.pdf\" target=\"_blank\" rel=\"noreferrer noopener\">une circulaire<\/a> aux pr\u00e9fets demandant \u00ab\u00a0une r\u00e9duction progressive du parc d\u2019h\u00e9bergement\u00a0\u00bb des Ukrainiens et Ukrainiennes, en passant de 9\u00a0000 \u00e0 4\u00a0000 places, fin d\u00e9cembre 2025, \u00e0 l\u2019\u00e9chelle nationale. Il demande dans le m\u00eame temps la poursuite \u00ab\u00a0des efforts de formation et d\u2019accompagnement vers l\u2019emploi\u00a0\u00bb, pour autonomiser celles et ceux qui souhaitent rester en France.<\/p>\n<p>Lisez la suite pour 1\u20ac seulement<\/p>\n<ul class=\"wp-block-list\">\n<li class=\"align-start flex list-none mb-2 has-medium-font-size\">Acc\u00e9dez \u00e0 nos enqu\u00eates et r\u00e9v\u00e9lations exclusives<\/li>\n<li class=\"align-start flex list-none mb-2 has-medium-font-size\">Soutenez une r\u00e9daction locale qui appartient \u00e0 ses journalistes<\/li>\n<li class=\"align-start flex list-none mb-2 has-medium-font-size\">Maintenez une vigie citoyenne sur les pouvoirs locaux<\/li>\n<\/ul>\n<p class=\"has-text-align-right\"><strong><a href=\"https:\/\/www.rue89strasbourg.com\/abonnement\" data-type=\"page\" data-id=\"0\" target=\"_blank\" rel=\"noopener\">Je m\u2019abonne\u00a0 <\/a><\/strong><\/p>\n<p>\t\t\t<a href=\"https:\/\/www.rue89strasbourg.com\/\" class=\"custom-logo-link\" rel=\"home noopener\" target=\"_blank\"><img loading=\"lazy\" decoding=\"async\" width=\"290\" height=\"62\" src=\"https:\/\/www.europesays.com\/fr\/wp-content\/uploads\/2025\/04\/1743975279_388_logo.png\" class=\"custom-logo\" alt=\"Rue89 Strasbourg Enqu\u00eates et informations locales\"  \/><\/a><\/p>\n<p>\n\t\t\t\tAbonnez-vous maintenant pour suivre l\u2019actualit\u00e9 locale.\t\t\t<\/p>\n<p class=\"font-bold font-serif-heading mb-2 text-4xl\">\n\t\t\t\t\t\tL\u2019investigation locale \u00e0 port\u00e9e de main.\n\t\t\t\t\t<\/p>\n<p>\n\t\t\t\t\t\tAbonnez-vous et profitez d\u2019un acc\u00e8s illimit\u00e9 \u00e0 Rue89 Strasbourg. Annulez quand vous voulez.\n\t\t\t\t\t<\/p>\n<p class=\"xl:text-sm\">\n\t\t\t\t\tD\u00e9j\u00e0 abonn\u00e9\u00a0?<br \/>\n\t\t\t\t\t<a class=\"border border-transparent text-center transition-colors duration-instant focus:border-info focus:rounded focus:shadow-focus cursor-pointer text-black hover:text-gray-700 active:bg-black-700 font-semibold inline-block\" href=\"https:\/\/www.rue89strasbourg.com\/user\/connexion?redirect=\/etat-mettre-fin-hebergement-special-ukrainiens-351525\" target=\"_blank\" rel=\"noopener\">Connectez-vous<\/a>\t\t\t\t<\/p>\n<p>\n\t\t\t\tChoisissez votre formule\u00a0:\n\t\t\t<\/p>\n<p>\t\t\t\tFermer<\/p>\n","protected":false},"excerpt":{"rendered":"L\u2019\u00c9tat a montr\u00e9 qu\u2019il pouvait loger efficacement et rapidement les migrants en h\u00e9bergeant les Ukrainiens qui ont fui&hellip;\n","protected":false},"author":2,"featured_media":253567,"comment_status":"","ping_status":"","sticky":false,"template":"","format":"standard","meta":{"footnotes":""},"categories":[2820],"tags":[18077,1111,11,1777,674,1011,27,775,3909,12,25,3910,640,220],"class_list":{"0":"post-253566","1":"post","2":"type-post","3":"status-publish","4":"format-standard","5":"has-post-thumbnail","7":"category-strasbourg","8":"tag-accueil-des-migrants","9":"tag-actu","10":"tag-actualites","11":"tag-eu","12":"tag-europe","13":"tag-fr","14":"tag-france","15":"tag-grand-est","16":"tag-hebergement-durgence","17":"tag-news","18":"tag-republique-francaise","19":"tag-sdf","20":"tag-strasbourg","21":"tag-ukraine"},"share_on_mastodon":{"url":"https:\/\/pubeurope.com\/@fr\/114867886136485866","error":""},"_links":{"self":[{"href":"https:\/\/www.europesays.com\/fr\/wp-json\/wp\/v2\/posts\/253566","targetHints":{"allow":["GET"]}}],"collection":[{"href":"https:\/\/www.europesays.com\/fr\/wp-json\/wp\/v2\/posts"}],"about":[{"href":"https:\/\/www.europesays.com\/fr\/wp-json\/wp\/v2\/types\/post"}],"author":[{"embeddable":true,"href":"https:\/\/www.europesays.com\/fr\/wp-json\/wp\/v2\/users\/2"}],"replies":[{"embeddable":true,"href":"https:\/\/www.europesays.com\/fr\/wp-json\/wp\/v2\/comments?post=253566"}],"version-history":[{"count":0,"href":"https:\/\/www.europesays.com\/fr\/wp-json\/wp\/v2\/posts\/253566\/revisions"}],"wp:featuredmedia":[{"embeddable":true,"href":"https:\/\/www.europesays.com\/fr\/wp-json\/wp\/v2\/media\/253567"}],"wp:attachment":[{"href":"https:\/\/www.europesays.com\/fr\/wp-json\/wp\/v2\/media?parent=253566"}],"wp:term":[{"taxonomy":"category","embeddable":true,"href":"https:\/\/www.europesays.com\/fr\/wp-json\/wp\/v2\/categories?post=253566"},{"taxonomy":"post_tag","embeddable":true,"href":"https:\/\/www.europesays.com\/fr\/wp-json\/wp\/v2\/tags?post=253566"}],"curies":[{"name":"wp","href":"https:\/\/api.w.org\/{rel}","templated":true}]}}