{"id":253570,"date":"2025-07-17T09:34:08","date_gmt":"2025-07-17T09:34:08","guid":{"rendered":"https:\/\/www.europesays.com\/fr\/253570\/"},"modified":"2025-07-17T09:34:08","modified_gmt":"2025-07-17T09:34:08","slug":"nice-trois-nouveaux-radars-arrivent-en-septembre-ce-que-lon-sait","status":"publish","type":"post","link":"https:\/\/www.europesays.com\/fr\/253570\/","title":{"rendered":"Nice. Trois nouveaux radars arrivent en septembre : ce que l&rsquo;on sait"},"content":{"rendered":"<p>            Par<br \/>\n        <strong><br \/>\n            <a href=\"https:\/\/actu.fr\/auteur\/ugo-maillard\" title=\"Consulter tous les articles de Ugo Maillard\" target=\"_blank\" rel=\"noopener\">Ugo Maillard<\/a><br \/>\n        <\/strong><\/p>\n<p>        Publi\u00e9 le<\/p>\n<p>            17 juil. 2025 \u00e0 11h01        <\/p>\n<p>Le constat dress\u00e9 par les autorit\u00e9s est simple. Depuis le d\u00e9but de l\u2019ann\u00e9e 2025, <strong>23\u00a0personnes sont d\u00e9c\u00e9d\u00e9es<\/strong> dans des accidents de la route sur le territoire des <a href=\"https:\/\/actu.fr\/provence-alpes-cote-d-azur\/alpes-maritimes_06\" target=\"_blank\" rel=\"noopener\">Alpes-Maritimes<\/a>, dont quatre \u00e0 <a href=\"https:\/\/actu.fr\/nice\/\" target=\"_blank\" rel=\"noopener\">Nice<\/a>. <strong>Des chiffres en hausse<\/strong> par rapport \u00e0 l\u2019ann\u00e9e pr\u00e9c\u00e9dente qui poussent les autorit\u00e9s locales \u00e0 agir. Comptant d\u2019ores et d\u00e9j\u00e0 59 radars dans le d\u00e9partement, les forces de s\u00e9curit\u00e9 vont se doter de trois nouveaux. Selon le pr\u00e9fet des Alpes-Maritimes, Laurent Hottiaux, ils seront install\u00e9s lors du mois de septembre\u00a02025.<\/p>\n<p class=\" wall-content\">Voici tout ce que l\u2019on sait.<\/p>\n<p>Un radar sur la promenade des Anglais<\/p>\n<p class=\" wall-content\">Lors d\u2019une op\u00e9ration de contr\u00f4les de police sur la promenade des Anglais, le mercredi 16\u00a0juillet 2025, le pr\u00e9fet des Alpes-Maritimes et le procureur de la R\u00e9publique de Nice ont tenu \u00e0 annoncer l\u2019arriv\u00e9e de trois nouveaux radars sur les axes ni\u00e7ois<strong> en septembre<\/strong>.<\/p>\n<blockquote class=\"ac-article-quote wall-content\">\n<p>Ce qui tue, c\u2019est la vitesse. La r\u00e9ponse administrative et judiciaire sera la fermet\u00e9.<\/p>\n<p>    <strong>Laurent Hottiaux<\/strong><br \/>\n        Pr\u00e9fet des Alpes-Maritimes    <\/p><\/blockquote>\n<p class=\" wall-content\">Le premier sera install\u00e9<a href=\"https:\/\/actu.fr\/provence-alpes-cote-d-azur\/nice_06088\/info-actu-nice-un-nouveau-radar-debarque-sur-la-promenade-des-anglais-et-il-flashe-deja_62695978.html\" target=\"_blank\" rel=\"noopener\"> sur la promenade des Anglais<\/a> et le deuxi\u00e8me sur la voie Mathis au niveau de la sortie ouest. Pour ce qui est du radar sur la prom\u2019, on ne conna\u00eet pas encore son emplacement pr\u00e9cis.<\/p>\n<p>Un radar install\u00e9 sur la promenade des Anglais en mai<\/p>\n<p>Le 27 mai 2025, un radar mobile a \u00e9t\u00e9 install\u00e9 sur la promenade des Anglais, \u00e0 proximit\u00e9 du Centre Universitaire M\u00e9diterran\u00e9en. Selon les chiffres fournis par les services de la pr\u00e9fecture des Alpes-Maritimes, plus de 3 000 flashs ont d&rsquo;ores et d\u00e9j\u00e0 \u00e9t\u00e9 relev\u00e9s.<\/p>\n<p class=\" wall-content\">Quant au troisi\u00e8me radar annonc\u00e9, la pr\u00e9fecture des Alpes-Maritimes indique \u00e0 actu Nice que sa localisation sera d\u00e9voil\u00e9e dans les prochaines semaines.<\/p>\n<p class=\" wall-content\">Suivez toute l\u2019actualit\u00e9 de vos villes et m\u00e9dias favoris en vous inscrivant \u00e0 <a href=\"https:\/\/moncompte.actu.fr\" title=\"D\u00e9couvez Mon Actu\" rel=\"nofollow noopener\" data-trk=\"{&quot;cta&quot;:{&quot;action&quot;:&quot;https:\\\/\\\/moncompte.actu.fr&quot;,&quot;category&quot;:&quot;mon compte&quot;,&quot;from&quot;:&quot;article footer&quot;,&quot;name&quot;:&quot;Mon actu&quot;,&quot;type&quot;:&quot;cta&quot;}}\" target=\"_blank\">Mon Actu<\/a>.<\/p>\n","protected":false},"excerpt":{"rendered":"Par Ugo Maillard Publi\u00e9 le 17 juil. 2025 \u00e0 11h01 Le constat dress\u00e9 par les autorit\u00e9s est simple.&hellip;\n","protected":false},"author":2,"featured_media":253571,"comment_status":"","ping_status":"","sticky":false,"template":"","format":"standard","meta":{"footnotes":""},"categories":[2819],"tags":[1111,11,646,1777,674,118,1011,27,12,2401,882,6957,25],"class_list":{"0":"post-253570","1":"post","2":"type-post","3":"status-publish","4":"format-standard","5":"has-post-thumbnail","7":"category-nice","8":"tag-actu","9":"tag-actualites","10":"tag-automobile","11":"tag-eu","12":"tag-europe","13":"tag-faits-divers","14":"tag-fr","15":"tag-france","16":"tag-news","17":"tag-nice","18":"tag-provence-alpes-cote-dazur","19":"tag-radars","20":"tag-republique-francaise"},"share_on_mastodon":{"url":"https:\/\/pubeurope.com\/@fr\/114867894036718871","error":""},"_links":{"self":[{"href":"https:\/\/www.europesays.com\/fr\/wp-json\/wp\/v2\/posts\/253570","targetHints":{"allow":["GET"]}}],"collection":[{"href":"https:\/\/www.europesays.com\/fr\/wp-json\/wp\/v2\/posts"}],"about":[{"href":"https:\/\/www.europesays.com\/fr\/wp-json\/wp\/v2\/types\/post"}],"author":[{"embeddable":true,"href":"https:\/\/www.europesays.com\/fr\/wp-json\/wp\/v2\/users\/2"}],"replies":[{"embeddable":true,"href":"https:\/\/www.europesays.com\/fr\/wp-json\/wp\/v2\/comments?post=253570"}],"version-history":[{"count":0,"href":"https:\/\/www.europesays.com\/fr\/wp-json\/wp\/v2\/posts\/253570\/revisions"}],"wp:featuredmedia":[{"embeddable":true,"href":"https:\/\/www.europesays.com\/fr\/wp-json\/wp\/v2\/media\/253571"}],"wp:attachment":[{"href":"https:\/\/www.europesays.com\/fr\/wp-json\/wp\/v2\/media?parent=253570"}],"wp:term":[{"taxonomy":"category","embeddable":true,"href":"https:\/\/www.europesays.com\/fr\/wp-json\/wp\/v2\/categories?post=253570"},{"taxonomy":"post_tag","embeddable":true,"href":"https:\/\/www.europesays.com\/fr\/wp-json\/wp\/v2\/tags?post=253570"}],"curies":[{"name":"wp","href":"https:\/\/api.w.org\/{rel}","templated":true}]}}