{"id":253574,"date":"2025-07-17T09:36:13","date_gmt":"2025-07-17T09:36:13","guid":{"rendered":"https:\/\/www.europesays.com\/fr\/253574\/"},"modified":"2025-07-17T09:36:13","modified_gmt":"2025-07-17T09:36:13","slug":"un-pieton-percute-par-un-train-le-trafic-sncf-perturbe-entre-nantes-et-ancenis","status":"publish","type":"post","link":"https:\/\/www.europesays.com\/fr\/253574\/","title":{"rendered":"Un pi\u00e9ton percut\u00e9 par un train, le trafic SNCF perturb\u00e9 entre Nantes et Ancenis"},"content":{"rendered":"<p>            Par<br \/>\n        <strong><br \/>\n            <a href=\"https:\/\/actu.fr\/auteur\/thomas-bernard\" title=\"Consulter tous les articles de Thomas Bernard\" target=\"_blank\" rel=\"noopener\">Thomas Bernard<\/a><br \/>\n        <\/strong><\/p>\n<p>        Publi\u00e9 le<\/p>\n<p>            17 juil. 2025 \u00e0 9h31        <\/p>\n<p>Peu apr\u00e8s 6h du matin, ce jeudi 17 juillet 2025,<strong> un pi\u00e9ton a \u00e9t\u00e9 percut\u00e9 par un train<\/strong> au niveau de la gare de <a href=\"https:\/\/actu.fr\/pays-de-la-loire\/mauves-sur-loire_44094\" target=\"_blank\" rel=\"noopener\">Mauves-sur-Loire<\/a> au nord-est de Nantes. Comme le rapporte le bulletin op\u00e9rationnel du service d\u00e9partemental d\u2019incendie et de secours (Sdis), les pompiers sont intervenus sur place. \u00c0 l\u2019heure o\u00f9 nous \u00e9crivons ces lignes nous ignorons l\u2019\u00e9tat de sant\u00e9 du pi\u00e9ton.\u00a0<\/p>\n<p class=\" wall-content\">En raison de cet incident, <strong>le trafic SNCF a \u00e9t\u00e9 interrompu entre Nantes et Ancenis<\/strong>.\u00a0<\/p>\n<p class=\" wall-content\">\n<p>Un trafic perturb\u00e9\u00a0<\/p>\n<p class=\" wall-content\">Les trains ont pu de nouveau circuler entre Nantes et Ancenis \u00e0 <strong>partir de 8h30<\/strong>. L\u2019accident survenu \u00e0 Mauves-sur-Loire a entra\u00een\u00e9 des suppressions et des perturbations sur l\u2019axe Nantes \u2013 Angers.\u00a0<\/p>\n<p class=\" wall-content\">\u00ab\u00a0Le trafic peut reprendre entre Nantes et Ancenis, maintenant que nos agents sont autoris\u00e9s par les forces de l\u2019ordre \u00e0 faire de nouveau rouler les trains. Pr\u00e9voyez toutefois des retards et les trains pr\u00e9c\u00e9demment annonc\u00e9s comme \u2018supprim\u00e9s\u2019 le resteront dans tous les cas\u00a0\u00bb, \u00e9crit <a href=\"https:\/\/x.com\/TERPays2LaLoire\/status\/1945736950867984816\">Ter Pays de la Loire sur son compte X<\/a>.\u00a0<\/p>\n<p class=\" wall-content\">Suivez toute l\u2019actualit\u00e9 de vos villes et m\u00e9dias favoris en vous inscrivant \u00e0 <a href=\"https:\/\/moncompte.actu.fr\" title=\"D\u00e9couvez Mon Actu\" rel=\"nofollow noopener\" data-trk=\"{&quot;cta&quot;:{&quot;action&quot;:&quot;https:\\\/\\\/moncompte.actu.fr&quot;,&quot;category&quot;:&quot;mon compte&quot;,&quot;from&quot;:&quot;article footer&quot;,&quot;name&quot;:&quot;Mon actu&quot;,&quot;type&quot;:&quot;cta&quot;}}\" target=\"_blank\">Mon Actu<\/a>.<\/p>\n","protected":false},"excerpt":{"rendered":"Par Thomas Bernard Publi\u00e9 le 17 juil. 2025 \u00e0 9h31 Peu apr\u00e8s 6h du matin, ce jeudi 17&hellip;\n","protected":false},"author":2,"featured_media":253575,"comment_status":"","ping_status":"","sticky":false,"template":"","format":"standard","meta":{"footnotes":""},"categories":[2818],"tags":[119,1111,11,1777,674,118,1011,27,766,12,2636,1311,25,2215],"class_list":{"0":"post-253574","1":"post","2":"type-post","3":"status-publish","4":"format-standard","5":"has-post-thumbnail","7":"category-nantes","8":"tag-accident","9":"tag-actu","10":"tag-actualites","11":"tag-eu","12":"tag-europe","13":"tag-faits-divers","14":"tag-fr","15":"tag-france","16":"tag-nantes","17":"tag-news","18":"tag-pays-de-la-loire","19":"tag-pompiers","20":"tag-republique-francaise","21":"tag-sncf"},"share_on_mastodon":{"url":"https:\/\/pubeurope.com\/@fr\/114867901775802480","error":""},"_links":{"self":[{"href":"https:\/\/www.europesays.com\/fr\/wp-json\/wp\/v2\/posts\/253574","targetHints":{"allow":["GET"]}}],"collection":[{"href":"https:\/\/www.europesays.com\/fr\/wp-json\/wp\/v2\/posts"}],"about":[{"href":"https:\/\/www.europesays.com\/fr\/wp-json\/wp\/v2\/types\/post"}],"author":[{"embeddable":true,"href":"https:\/\/www.europesays.com\/fr\/wp-json\/wp\/v2\/users\/2"}],"replies":[{"embeddable":true,"href":"https:\/\/www.europesays.com\/fr\/wp-json\/wp\/v2\/comments?post=253574"}],"version-history":[{"count":0,"href":"https:\/\/www.europesays.com\/fr\/wp-json\/wp\/v2\/posts\/253574\/revisions"}],"wp:featuredmedia":[{"embeddable":true,"href":"https:\/\/www.europesays.com\/fr\/wp-json\/wp\/v2\/media\/253575"}],"wp:attachment":[{"href":"https:\/\/www.europesays.com\/fr\/wp-json\/wp\/v2\/media?parent=253574"}],"wp:term":[{"taxonomy":"category","embeddable":true,"href":"https:\/\/www.europesays.com\/fr\/wp-json\/wp\/v2\/categories?post=253574"},{"taxonomy":"post_tag","embeddable":true,"href":"https:\/\/www.europesays.com\/fr\/wp-json\/wp\/v2\/tags?post=253574"}],"curies":[{"name":"wp","href":"https:\/\/api.w.org\/{rel}","templated":true}]}}