{"id":253576,"date":"2025-07-17T09:37:18","date_gmt":"2025-07-17T09:37:18","guid":{"rendered":"https:\/\/www.europesays.com\/fr\/253576\/"},"modified":"2025-07-17T09:37:18","modified_gmt":"2025-07-17T09:37:18","slug":"seize-cas-dhepatite-a-recenses-a-nantes-lars-appelle-a-la-vigilance","status":"publish","type":"post","link":"https:\/\/www.europesays.com\/fr\/253576\/","title":{"rendered":"seize cas d&rsquo;h\u00e9patite A recens\u00e9s \u00e0 Nantes, l&rsquo;ARS appelle \u00e0 la vigilance"},"content":{"rendered":"<p>            Par<br \/>\n        <strong><br \/>\n            <a href=\"https:\/\/actu.fr\/auteur\/thomas-bernard\" title=\"Consulter tous les articles de Thomas Bernard\" rel=\"nofollow noopener\" target=\"_blank\">Thomas Bernard<\/a><br \/>\n        <\/strong><\/p>\n<p>        Publi\u00e9 le<\/p>\n<p>            17 juil. 2025 \u00e0 11h13        <\/p>\n<p>Des cas d\u2019h\u00e9patite A ont \u00e9t\u00e9 recens\u00e9s dans l\u2019agglom\u00e9ration nantaise. Selon un communiqu\u00e9 de <strong>l\u2019ARS des Pays de la Loire<\/strong> transmis \u00e0 <a href=\"https:\/\/actu.fr\/nantes\/\" rel=\"nofollow noopener\" target=\"_blank\">actu Nantes<\/a>, <strong>seize cas ont \u00e9t\u00e9 identifi\u00e9s depuis le mois de juin<\/strong>.<\/p>\n<p class=\" wall-content\">\u00ab\u2009Cette recrudescence, bien que s\u2019inscrivant dans un contexte plus large d\u2019augmentation des cas au niveau europ\u00e9en, pr\u00e9sente un caract\u00e8re atypique au regard de la situation habituelle dans la r\u00e9gion\u2009\u00bb, indique l\u2019ARS.<\/p>\n<blockquote class=\"ac-article-quote wall-content\">\n<p>L\u2019ARS Pays de la Loire travaille en lien \u00e9troit avec les acteurs du soin pour identifier les cha\u00eenes<br \/>\nde transmission, assurer le suivi des cas confirm\u00e9s et diffuser les consignes de pr\u00e9vention aux<br \/>\npersonnes contacts.<\/p>\n<p>    <strong>ARS Pays de la Loire<\/strong>\n            <\/p><\/blockquote>\n<p>Les sympt\u00f4mes de l\u2019h\u00e9patite A<\/p>\n<p class=\" wall-content\">L\u2019h\u00e9patite A est une<strong> maladie du foie<\/strong> caus\u00e9e par un virus pr\u00e9sent dans les selles des personnes infect\u00e9es.<\/p>\n<p class=\" wall-content\">\u00ab\u00a0La transmission s\u2019effectue principalement par voie oro-f\u00e9cale, notamment \u00e0 travers<br \/>la consommation d\u2019eau ou d\u2019aliments souill\u00e9s (fruits de mer, produits crus ou mal lav\u00e9s) ou par contact direct avec des objets ou des mains contamin\u00e9s\u00a0\u00bb, d\u00e9crit l\u2019instance sanitaire.<\/p>\n<p>Vid\u00e9os : en ce moment sur Actu<\/p>\n<p class=\" wall-content\">L\u2019infection peut provoquer des naus\u00e9es, douleurs abdominales, perte d\u2019app\u00e9tit, une fatigue importante et dans certains cas <a href=\"https:\/\/sante.gouv.fr\/soins-et-maladies\/maladies\/hepatites-virales\/article\/l-hepatite-a\" rel=\"nofollow noopener\" target=\"_blank\">la jaunisse<\/a>.<\/p>\n<p>L\u2019ARS appelle \u00e0 la vigilance<\/p>\n<p class=\" wall-content\">L\u2019ARS rappelle certains gestes pour r\u00e9duire le risque de contamination\u2009:<\/p>\n<ul class=\" wall-content\">\n<li><strong>Se laver les mains r\u00e9guli\u00e8rement \u00e0 l\u2019eau et au savon<\/strong>, en particulier avant les repas et<br \/>apr\u00e8s le passage aux toilettes.<\/li>\n<li><strong>Veiller \u00e0 la propret\u00e9 des aliments<\/strong>, notamment en les lavant avec une eau potable et<br \/>non souill\u00e9e.<\/li>\n<li><strong>\u00c9viter la consommation<\/strong> <strong>de fruits de mer crus<\/strong> ou peu cuits.<\/li>\n<li>En cas de sympt\u00f4mes \u00e9vocateurs, <strong>consulter rapidement un professionnel de sant\u00e9<\/strong>.<\/li>\n<\/ul>\n<p class=\" wall-content\">\u00ab\u2009La <strong>vaccination contre l\u2019h\u00e9patite A<\/strong> constitue un moyen de pr\u00e9vention efficace, en particulier pour les personnes devant se rendre dans des zones dans lesquelles le virus circule de mani\u00e8re end\u00e9mique (Afrique, Am\u00e9rique latine, Moyen-Orient, Asie centrale, Oc\u00e9anie)\u2009\u00bb, ajoute l\u2019ARS.<\/p>\n<p class=\" wall-content\">Il est recommand\u00e9 de<strong> faire preuve \u00ab\u2009d\u2019une vigilance renforc\u00e9e\u2009\u00bb<\/strong> pour les personnes voyageant dans les r\u00e9gions du monde pr\u00e9c\u00e9demment cit\u00e9es. Il est conseill\u00e9 de consulter son m\u00e9decin avant son d\u00e9part (pour une \u00e9ventuelle vaccination) et d\u2019adopter une hygi\u00e8ne irr\u00e9prochable sur place.<\/p>\n<p class=\" wall-content\">Suivez toute l\u2019actualit\u00e9 de vos villes et m\u00e9dias favoris en vous inscrivant \u00e0 <a href=\"https:\/\/moncompte.actu.fr\" title=\"D\u00e9couvez Mon Actu\" rel=\"nofollow noopener\" data-trk=\"{&quot;cta&quot;:{&quot;action&quot;:&quot;https:\\\/\\\/moncompte.actu.fr&quot;,&quot;category&quot;:&quot;mon compte&quot;,&quot;from&quot;:&quot;article footer&quot;,&quot;name&quot;:&quot;Mon actu&quot;,&quot;type&quot;:&quot;cta&quot;}}\" target=\"_blank\">Mon Actu<\/a>.<\/p>\n","protected":false},"excerpt":{"rendered":"Par Thomas Bernard Publi\u00e9 le 17 juil. 2025 \u00e0 11h13 Des cas d\u2019h\u00e9patite A ont \u00e9t\u00e9 recens\u00e9s dans&hellip;\n","protected":false},"author":2,"featured_media":253577,"comment_status":"","ping_status":"","sticky":false,"template":"","format":"standard","meta":{"footnotes":""},"categories":[2818],"tags":[1111,11,1777,674,1011,27,100,766,12,2636,25,71,104],"class_list":{"0":"post-253576","1":"post","2":"type-post","3":"status-publish","4":"format-standard","5":"has-post-thumbnail","7":"category-nantes","8":"tag-actu","9":"tag-actualites","10":"tag-eu","11":"tag-europe","12":"tag-fr","13":"tag-france","14":"tag-hopital","15":"tag-nantes","16":"tag-news","17":"tag-pays-de-la-loire","18":"tag-republique-francaise","19":"tag-sante","20":"tag-societe"},"share_on_mastodon":{"url":"https:\/\/pubeurope.com\/@fr\/114867905743344962","error":""},"_links":{"self":[{"href":"https:\/\/www.europesays.com\/fr\/wp-json\/wp\/v2\/posts\/253576","targetHints":{"allow":["GET"]}}],"collection":[{"href":"https:\/\/www.europesays.com\/fr\/wp-json\/wp\/v2\/posts"}],"about":[{"href":"https:\/\/www.europesays.com\/fr\/wp-json\/wp\/v2\/types\/post"}],"author":[{"embeddable":true,"href":"https:\/\/www.europesays.com\/fr\/wp-json\/wp\/v2\/users\/2"}],"replies":[{"embeddable":true,"href":"https:\/\/www.europesays.com\/fr\/wp-json\/wp\/v2\/comments?post=253576"}],"version-history":[{"count":0,"href":"https:\/\/www.europesays.com\/fr\/wp-json\/wp\/v2\/posts\/253576\/revisions"}],"wp:featuredmedia":[{"embeddable":true,"href":"https:\/\/www.europesays.com\/fr\/wp-json\/wp\/v2\/media\/253577"}],"wp:attachment":[{"href":"https:\/\/www.europesays.com\/fr\/wp-json\/wp\/v2\/media?parent=253576"}],"wp:term":[{"taxonomy":"category","embeddable":true,"href":"https:\/\/www.europesays.com\/fr\/wp-json\/wp\/v2\/categories?post=253576"},{"taxonomy":"post_tag","embeddable":true,"href":"https:\/\/www.europesays.com\/fr\/wp-json\/wp\/v2\/tags?post=253576"}],"curies":[{"name":"wp","href":"https:\/\/api.w.org\/{rel}","templated":true}]}}