{"id":253578,"date":"2025-07-17T09:38:10","date_gmt":"2025-07-17T09:38:10","guid":{"rendered":"https:\/\/www.europesays.com\/fr\/253578\/"},"modified":"2025-07-17T09:38:10","modified_gmt":"2025-07-17T09:38:10","slug":"concert-digne-de-la-nouvelle-orleans","status":"publish","type":"post","link":"https:\/\/www.europesays.com\/fr\/253578\/","title":{"rendered":"Concert digne de la Nouvelle-Orl\u00e9ans"},"content":{"rendered":"<p>\t\t\t\t\t\t\t<img loading=\"lazy\" decoding=\"async\" src=\"data:image\/svg+xml,%3Csvg%20xmlns=\" http:=\"\" class=\"img-fluid\" alt=\"Photo d'un groupe de musiciens en plein concert The Jazz Room\" width=\"1024\" height=\"683\" data-lazy-src=\"https:\/\/www.europesays.com\/fr\/wp-content\/uploads\/2025\/07\/5_bpjqto-1024x683.jpg\"\/><\/p>\n<p>\u00c0 Bordeaux, <a href=\"https:\/\/feverup.com\/m\/316359\" rel=\"noopener noreferrer\" target=\"_blank\" class=\"shortcode-outbound-link\" data-has-ga=\"true\" data-ga-type=\"click\" data-label=\"https:\/\/feverup.com\/m\/316359\" data-action=\"text_cta_0\" data-tracked=\"1\" data-category=\"click_sales\" data-cp_smn_source=\"bordeauxsecret\" data-cp_smn_content=\"the-jazz-room-bordeaux\" data-cp_smn_term=\"text_cta_0\">The Jazz Room<\/a> s\u2019installe bient\u00f4t avec ses musiciens talentueux pour vous offrir<strong> une nuit de musique groovy et ambiance feutr\u00e9e.<\/strong> Genre musical charg\u00e9 d\u2019histoire, le jazz nous s\u00e9duit depuis des d\u00e9cennies et quoi de mieux pour en profiter<strong> qu\u2019une sc\u00e9nographie et une ambiance unique<\/strong> inspirant les talentueux musiciens afin qu\u2019ils puissent vous \u00e9merveiller. <strong>Entre morceaux l\u00e9gendaires et improvisations<\/strong>, offrez-vous une soir\u00e9e musicale.<\/p>\n<p>C\u2019est dans l\u2019\u00e9crin industriel de <strong>La Fa\u00efencerie<\/strong>, juste \u00e0 c\u00f4t\u00e9 de la Cit\u00e9 du Vin, que cet hommage au jazz retentira. Ne passez pas \u00e0 c\u00f4t\u00e9 de <strong>ce moment hors du temps<\/strong> o\u00f9 la musique sera au coeur de la soir\u00e9e.<\/p>\n<p>\t\t\t\tThe Jazz Room : un voyage au c\u0153ur de La Nouvelle-Orl\u00e9ans<\/p>\n<p>\t&#8211;<\/p>\n<p>\t4.67<br \/>\n\t\u00b7<\/p>\n<p>\t\t<a href=\"https:\/\/feverup.com\/m\/316359\/reviews\/\" rel=\"noopener noreferrer\" target=\"_blank\" class=\"text-decoration-underline text-body position-relative z-1\" data-has-ga=\"true\" data-ga-type=\"click\" data-label=\"https:\/\/feverup.com\/m\/316359\/reviews\/\" data-action=\"profile_card_reviews\" data-tracked=\"1\" data-category=\"click_sales\" data-cp_smn_source=\"bordeauxsecret\" data-cp_smn_content=\"the-jazz-room-bordeaux\" data-cp_smn_term=\"profile_card_reviews\">232 reviews<\/a><\/p>\n<p>La Fa\u00efencerie<\/p>\n<p>\n\t\t<strong>\u00c0 partir de 23,00\u20ac<br \/>\n\t\t<\/strong>\n\t<\/p>\n<p>Qu\u2019est ce que The Jazz Room ?<\/p>\n<p>The Jazz Room, c\u2019est un concert intimiste avec des musiciens talentueux, mais c\u2019est surtout et avant tout <strong>un hommage au jazz et \u00e0 son histoire.<\/strong> Les lampadaires install\u00e9s sur la sc\u00e8ne illumineront la pi\u00e8ce d\u2019une lumi\u00e8re tamis\u00e9e, et la sc\u00e9nographie urbaine vous fera voyager jusqu\u2019en Louisianne, berceau de ce genre musical. Installez-vous, et <strong>laissez-vous s\u00e9duire par des morceaux incontournables<\/strong> qui mettront en lumi\u00e8re les meilleures qualit\u00e9s du jazz. De<strong> Louis Armstrong <\/strong>\u00e0 <strong>Billie Holiday<\/strong> en passant par <strong>Frank Sinatra<\/strong> et <strong>Miles Davis<\/strong>, les plus grands noms feront vibrer Bordeaux.<\/p>\n<p>Le jazz, son histoire et le spectacle<\/p>\n<p>N\u00e9 d\u2019un <strong>m\u00e9lange d\u2019influences africaines, europ\u00e9ennes et carib\u00e9ennes<\/strong>, le jazz appara\u00eet dans les ann\u00e9es 20 en Louisiane, inspir\u00e9 du blues et du ragtime. Ce style novateur a marqu\u00e9 l\u2019histoire de la musique et de la culture mondiale par son originalit\u00e9, sa capacit\u00e9 d\u2019improvisation, mais aussi<strong> son r\u00f4le social et politique.<\/strong> Plus qu\u2019une musique, c\u2019est <strong>un dialogue musical entre les artistes qui incarne des valeurs humanistes<\/strong> telles que le respect mutuel et la cr\u00e9ativit\u00e9 collective.<\/p>\n<p>\u00c0 l\u2019image des premiers musiciens de jazz qui utilisaient <strong>des instruments issus des fanfares militaires<\/strong> (cuivres, percussions) pour cr\u00e9er une musique rythm\u00e9e, syncop\u00e9e et improvis\u00e9e, les musiciens de <a href=\"https:\/\/feverup.com\/m\/316359\" rel=\"noopener noreferrer\" target=\"_blank\" class=\"shortcode-outbound-link\" data-has-ga=\"true\" data-ga-type=\"click\" data-label=\"https:\/\/feverup.com\/m\/316359\" data-action=\"text_cta_1\" data-tracked=\"1\" data-category=\"click_sales\" data-cp_smn_source=\"bordeauxsecret\" data-cp_smn_content=\"the-jazz-room-bordeaux\" data-cp_smn_term=\"text_cta_1\">The Jazz Room<\/a> feront chanter leurs instruments sous la bonne \u00e9toile du jazz. Un verre dans votre main, <strong>replongez-vous dans l\u2019ambiance feutr\u00e9e de la Nouvelle-Orl\u00e9ans<\/strong> le temps d\u2019un concert.<\/p>\n<p><img fetchpriority=\"high\" decoding=\"async\" class=\"alignnone wp-image-14081 size-full\" src=\"data:image\/svg+xml,%3Csvg%20xmlns=\" http:=\"\" alt=\"Photo d'un groupe de musiciens en plein concert The Jazz Room\" width=\"1200\" height=\"800\" data-lazy- data-lazy- data-lazy-src=\"https:\/\/www.europesays.com\/fr\/wp-content\/uploads\/2025\/07\/8_s9q3jv.jpg\"\/><\/p>\n<p>Apr\u00e8s avoir \u00e9t\u00e9 \u00e9bloui par l\u2019ambiance unique de La Fa\u00efencerie, c\u2019est le Jazz qui prend le relais le temps d\u2019une soir\u00e9e \u00e0 Bordeaux. <strong>Rendez hommage ou venez d\u00e9couvrir ce genre intemporel et incontournable<\/strong> dans une ambiance parfaitement adapt\u00e9e.<\/p>\n<p>\t\t\t\tThe Jazz Room : un voyage au c\u0153ur de La Nouvelle-Orl\u00e9ans<\/p>\n<p>\t&#8211;<\/p>\n<p>\t4.67<br \/>\n\t\u00b7<\/p>\n<p>\t\t<a href=\"https:\/\/feverup.com\/m\/316359\/reviews\/\" rel=\"noopener noreferrer\" target=\"_blank\" class=\"text-decoration-underline text-body position-relative z-1\" data-has-ga=\"true\" data-ga-type=\"click\" data-label=\"https:\/\/feverup.com\/m\/316359\/reviews\/\" data-action=\"profile_card_reviews\" data-tracked=\"1\" data-category=\"click_sales\" data-cp_smn_source=\"bordeauxsecret\" data-cp_smn_content=\"the-jazz-room-bordeaux\" data-cp_smn_term=\"profile_card_reviews\">232 reviews<\/a><\/p>\n<p>La Fa\u00efencerie<\/p>\n<p>\n\t\t<strong>\u00c0 partir de 23,00\u20ac<br \/>\n\t\t<\/strong>\n\t<\/p>\n","protected":false},"excerpt":{"rendered":"\u00c0 Bordeaux, The Jazz Room s\u2019installe bient\u00f4t avec ses musiciens talentueux pour vous offrir une nuit de musique&hellip;\n","protected":false},"author":2,"featured_media":253579,"comment_status":"","ping_status":"","sticky":false,"template":"","format":"standard","meta":{"footnotes":""},"categories":[2817],"tags":[1111,11,1997,1777,674,1011,27,6910,12,2219,39399,25,39400],"class_list":{"0":"post-253578","1":"post","2":"type-post","3":"status-publish","4":"format-standard","5":"has-post-thumbnail","7":"category-bordeaux","8":"tag-actu","9":"tag-actualites","10":"tag-bordeaux","11":"tag-eu","12":"tag-europe","13":"tag-fr","14":"tag-france","15":"tag-jazz","16":"tag-news","17":"tag-nouvelle-aquitaine","18":"tag-petit-concert","19":"tag-republique-francaise","20":"tag-romantique"},"share_on_mastodon":{"url":"https:\/\/pubeurope.com\/@fr\/114867909781025899","error":""},"_links":{"self":[{"href":"https:\/\/www.europesays.com\/fr\/wp-json\/wp\/v2\/posts\/253578","targetHints":{"allow":["GET"]}}],"collection":[{"href":"https:\/\/www.europesays.com\/fr\/wp-json\/wp\/v2\/posts"}],"about":[{"href":"https:\/\/www.europesays.com\/fr\/wp-json\/wp\/v2\/types\/post"}],"author":[{"embeddable":true,"href":"https:\/\/www.europesays.com\/fr\/wp-json\/wp\/v2\/users\/2"}],"replies":[{"embeddable":true,"href":"https:\/\/www.europesays.com\/fr\/wp-json\/wp\/v2\/comments?post=253578"}],"version-history":[{"count":0,"href":"https:\/\/www.europesays.com\/fr\/wp-json\/wp\/v2\/posts\/253578\/revisions"}],"wp:featuredmedia":[{"embeddable":true,"href":"https:\/\/www.europesays.com\/fr\/wp-json\/wp\/v2\/media\/253579"}],"wp:attachment":[{"href":"https:\/\/www.europesays.com\/fr\/wp-json\/wp\/v2\/media?parent=253578"}],"wp:term":[{"taxonomy":"category","embeddable":true,"href":"https:\/\/www.europesays.com\/fr\/wp-json\/wp\/v2\/categories?post=253578"},{"taxonomy":"post_tag","embeddable":true,"href":"https:\/\/www.europesays.com\/fr\/wp-json\/wp\/v2\/tags?post=253578"}],"curies":[{"name":"wp","href":"https:\/\/api.w.org\/{rel}","templated":true}]}}