{"id":253580,"date":"2025-07-17T09:39:08","date_gmt":"2025-07-17T09:39:08","guid":{"rendered":"https:\/\/www.europesays.com\/fr\/253580\/"},"modified":"2025-07-17T09:39:08","modified_gmt":"2025-07-17T09:39:08","slug":"la-braderie-dete-est-de-retour-pour-trois-jours-de-bonnes-affaires","status":"publish","type":"post","link":"https:\/\/www.europesays.com\/fr\/253580\/","title":{"rendered":"la braderie d&rsquo;\u00e9t\u00e9 est de retour pour trois jours de bonnes affaires"},"content":{"rendered":"<p>            Par<br \/>\n        <strong><br \/>\n            <a href=\"https:\/\/actu.fr\/auteur\/charlotte-lesprit\" title=\"Consulter tous les articles de Charlotte Lesprit\" target=\"_blank\" rel=\"noopener\">Charlotte Lesprit<\/a><br \/>\n        <\/strong><\/p>\n<p>        Publi\u00e9 le<\/p>\n<p>            17 juil. 2025 \u00e0 11h32        <\/p>\n<p>Portants et \u00e9tales sont de sortie, les rues s\u2019animent encore plus\u2009: la braderie d\u2019\u00e9t\u00e9 est de retour depuis ce jeudi 19\u00a0juillet, 9\u00a0heures, pour trois jours de bonnes affaires jusqu\u2019au samedi 19\u00a0juillet, 19\u00a0heures.<\/p>\n<p>    <a href=\"https:\/\/www.facebook.com\/plugins\/post.php?href=https%3A%2F%2Fwww.facebook.com%2Fbordeauxmoncommerce%2Fposts%2Fpfbid02LLrgVcoSYt9TYGqtYPbW7yhfHmx8wQut9UBmGqx84FgZg2N8QAfRZSG2vWhDFTBgl&amp;show_text=true&amp;width=350\" title=\"Ouvrie le lien\" target=\"_blank\" rel=\"noopener\">Cliquez ici pour visualiser le contenu<\/a><\/p>\n<p class=\" wall-content\">Rendez-vous bordelais embl\u00e9matique de la fin des soldes (elles se terminent mardi 22\u00a0juillet), elle est organis\u00e9e par l\u2019association de commer\u00e7ants <a href=\"https:\/\/www.bordeauxmoncommerce.fr\/\" target=\"_blank\" rel=\"noopener\">Bordeaux mon commerce<\/a>.<\/p>\n<p class=\" wall-content\">\u00c9parpill\u00e9e dans <strong>tout le centre-ville<\/strong>, elle prend ses quartiers dans les secteurs suivants\u2009: cours de l\u2019Intendance, porte Dijeaux, rue des Trois-Conils, place de la Victoire, rue Puy-Paulin ou encore place Saint-Projet et bien entendu tout le long de l\u2019incontournable rue Sainte-Catherine, centre n\u00e9vralgique des boutiques en tout genre.<\/p>\n<p>Un parking gratuit et un pass TBM<\/p>\n<p class=\" wall-content\">Pour l\u2019occasion, la municipalit\u00e9 transforme durant les trois jours de l\u2019\u00e9v\u00e9nement la place des Quinconces en un <strong>parking gratuit de 500 places<\/strong> et ouvert \u00e0 tout v\u00e9hicule en fonction des stationnements disponibles.<\/p>\n<p>Vid\u00e9os : en ce moment sur Actu<\/p>\n<p class=\" wall-content\">De plus, Transports Bordeaux M\u00e9tropole propose <a href=\"https:\/\/www.infotbm.com\/fr\/actualites\/du-17-au-19-juillet-profitez-de-deplacements-illimites-pour-la-journee-avec-le-pass\" target=\"_blank\" rel=\"noopener\">un pass braderie. <\/a>Ce dernier est \u00e0 <strong>3\u00a0euros par jour<\/strong> et par personne pour des d\u00e9placements illimit\u00e9s sur l\u2019ensemble du r\u00e9seau TBM.<\/p>\n<p class=\" wall-content\">Suivez toute l\u2019actualit\u00e9 de vos villes et m\u00e9dias favoris en vous inscrivant \u00e0 <a href=\"https:\/\/moncompte.actu.fr\" title=\"D\u00e9couvez Mon Actu\" rel=\"nofollow noopener\" data-trk=\"{&quot;cta&quot;:{&quot;action&quot;:&quot;https:\\\/\\\/moncompte.actu.fr&quot;,&quot;category&quot;:&quot;mon compte&quot;,&quot;from&quot;:&quot;article footer&quot;,&quot;name&quot;:&quot;Mon actu&quot;,&quot;type&quot;:&quot;cta&quot;}}\" target=\"_blank\">Mon Actu<\/a>.<\/p>\n","protected":false},"excerpt":{"rendered":"Par Charlotte Lesprit Publi\u00e9 le 17 juil. 2025 \u00e0 11h32 Portants et \u00e9tales sont de sortie, les rues&hellip;\n","protected":false},"author":2,"featured_media":253581,"comment_status":"","ping_status":"","sticky":false,"template":"","format":"standard","meta":{"footnotes":""},"categories":[2817],"tags":[1111,11,1997,215,1777,674,1011,27,12,2219,25,104,11772],"class_list":{"0":"post-253580","1":"post","2":"type-post","3":"status-publish","4":"format-standard","5":"has-post-thumbnail","7":"category-bordeaux","8":"tag-actu","9":"tag-actualites","10":"tag-bordeaux","11":"tag-commerce","12":"tag-eu","13":"tag-europe","14":"tag-fr","15":"tag-france","16":"tag-news","17":"tag-nouvelle-aquitaine","18":"tag-republique-francaise","19":"tag-societe","20":"tag-soldes"},"share_on_mastodon":{"url":"https:\/\/pubeurope.com\/@fr\/114867913649620079","error":""},"_links":{"self":[{"href":"https:\/\/www.europesays.com\/fr\/wp-json\/wp\/v2\/posts\/253580","targetHints":{"allow":["GET"]}}],"collection":[{"href":"https:\/\/www.europesays.com\/fr\/wp-json\/wp\/v2\/posts"}],"about":[{"href":"https:\/\/www.europesays.com\/fr\/wp-json\/wp\/v2\/types\/post"}],"author":[{"embeddable":true,"href":"https:\/\/www.europesays.com\/fr\/wp-json\/wp\/v2\/users\/2"}],"replies":[{"embeddable":true,"href":"https:\/\/www.europesays.com\/fr\/wp-json\/wp\/v2\/comments?post=253580"}],"version-history":[{"count":0,"href":"https:\/\/www.europesays.com\/fr\/wp-json\/wp\/v2\/posts\/253580\/revisions"}],"wp:featuredmedia":[{"embeddable":true,"href":"https:\/\/www.europesays.com\/fr\/wp-json\/wp\/v2\/media\/253581"}],"wp:attachment":[{"href":"https:\/\/www.europesays.com\/fr\/wp-json\/wp\/v2\/media?parent=253580"}],"wp:term":[{"taxonomy":"category","embeddable":true,"href":"https:\/\/www.europesays.com\/fr\/wp-json\/wp\/v2\/categories?post=253580"},{"taxonomy":"post_tag","embeddable":true,"href":"https:\/\/www.europesays.com\/fr\/wp-json\/wp\/v2\/tags?post=253580"}],"curies":[{"name":"wp","href":"https:\/\/api.w.org\/{rel}","templated":true}]}}