{"id":253586,"date":"2025-07-17T09:42:10","date_gmt":"2025-07-17T09:42:10","guid":{"rendered":"https:\/\/www.europesays.com\/fr\/253586\/"},"modified":"2025-07-17T09:42:10","modified_gmt":"2025-07-17T09:42:10","slug":"lille-une-grosse-nouveaute-prevue-pour-la-rentree-a-lecole-augustin-thierry","status":"publish","type":"post","link":"https:\/\/www.europesays.com\/fr\/253586\/","title":{"rendered":"Lille. Une grosse nouveaut\u00e9 pr\u00e9vue pour la rentr\u00e9e \u00e0 l\u2019\u00e9cole Augustin Thierry"},"content":{"rendered":"<p>            Par<br \/>\n        <strong><br \/>\n            <a href=\"https:\/\/actu.fr\/auteur\/bastien-grossin\" title=\"Consulter tous les articles de Bastien Grossin\" target=\"_blank\" rel=\"noopener\">Bastien Grossin<\/a><br \/>\n        <\/strong><\/p>\n<p>        Publi\u00e9 le<\/p>\n<p>            17 juil. 2025 \u00e0 10h50        <\/p>\n<p>\u00ab\u2009Nous avons d\u2019abord v\u00e9g\u00e9talis\u00e9 100\u2009% de nos cours d\u2019\u00e9cole. Et puis maintenant, nous allons plus loin\u2009\u00bb<b data-end=\"172\">,<\/b> affirme Arnaud Deslandes, maire de <a href=\"https:\/\/actu.fr\/tag\/lille\" target=\"_blank\" rel=\"noopener\">Lille<\/a> (Nord), dans la nouvelle cour de l\u2019\u00e9cole maternelle Pauline-Kergomard. On vous en a parl\u00e9 il y a quelques mois avec\u00a0<a href=\"https:\/\/actu.fr\/hauts-de-france\/lille_59350\/fives-inauguration-de-lecole-antoine-brasseur-apres-des-mois-de-renovation_62299075.html\" target=\"_blank\" rel=\"noopener\">l\u2019inauguration de l\u2019\u00e9cole Brasseur \u00e0 Fives<\/a>\u2009: la transformation des cours de r\u00e9cr\u00e9ation s\u2019inscrit dans une politique de r\u00e9novation engag\u00e9e par la Ville. L\u2019objectif\u2009: <b>cr\u00e9er des espaces plus respectueux de l\u2019environnement et mieux adapt\u00e9s aux effets du d\u00e9r\u00e8glement climatique, notamment aux fortes vagues de chaleur<\/b>. Cet \u00e9t\u00e9, c\u2019est au tour du groupe scolaire Pauline-Kergomard \/ Augustin-Thierry \u2013 Fran\u00e7ois-Launey de b\u00e9n\u00e9ficier de ces am\u00e9nagements pour la rentr\u00e9e en septembre\u00a02025.<\/p>\n<p>Une diff\u00e9rence de temp\u00e9ratures clairement ressentie avant et apr\u00e8s<\/p>\n<p class=\" wall-content\">M\u00eame sans canicule, la diff\u00e9rence de temp\u00e9ratures se sent d\u00e9j\u00e0 entre la cour de l\u2019\u00e9cole primaire toujours en travaux et celle de l\u2019\u00e9cole maternelle d\u00e9j\u00e0 r\u00e9nov\u00e9e. Si dans la premi\u00e8re quelques rayons de soleil suffisent \u00e0 faire suffoquer, dans l\u2019autre on y sent plus de fra\u00eecheur. <b>L<\/b><b>a temp\u00e9rature est plus basse, on est moins expos\u00e9 au soleil et l\u2019air y est plus respirable.<\/b><\/p>\n<p>    <img   decoding=\"async\" loading=\"lazy\" class=\"size-large\" src=\"https:\/\/www.europesays.com\/fr\/wp-content\/uploads\/2025\/07\/e280b61256786f680b6125678da80bv-960x640.jpg\" alt=\"Cour de l'\u00e9cole maternelle du m\u00eame groupe scolaire apr\u00e8s la r\u00e9novation\" width=\"960\" height=\"640\"\/><br \/>\n    Voici la cour de l\u2019\u00e9cole maternelle du m\u00eame groupe scolaire apr\u00e8s la r\u00e9novation \u00a9Bastien Grossin<\/p>\n<p class=\" wall-content\">Cette diff\u00e9rence de temp\u00e9ratures s\u2019explique par plusieurs facteurs. Tout d\u2019abord, la <b>v\u00e9g\u00e9talisation<\/b> de la cour. La pr\u00e9sence de verdure et d\u2019arbres permet la cr\u00e9ation de points d\u2019ombre qui prot\u00e8gent la cour d\u2019une trop forte exposition au soleil et permettent \u00e9galement une meilleure circulation de l\u2019air. Deuxi\u00e8mement, la<b> transformation du sol<\/b> est probablement le principal facteur. R\u00e9cemment encore, il \u00e9tait recouvert de bitume. Or comme l\u2019explique Charlotte Brun, premi\u00e8re adjointe au maire\u2009: \u00ab\u2009Dans la journ\u00e9e \u00e7a capte tr\u00e8s fortement la chaleur et la rel\u00e2che la nuit. Les cours d\u2019\u00e9cole qui en ont sont beaucoup plus chaudes que les autres\u2009\u00bb. Maintenant le sol est constitu\u00e9 de <b>pleine terre et de pav\u00e9s drainants,<\/b> qui permettent non seulement une baisse des temp\u00e9ratures, mais aussi une <b>meilleure infiltration de l\u2019eau de pluie. <\/b>Ces changements sont \u00e9galement pr\u00e9vus dans la cour de l\u2019\u00e9cole primaire <b>d\u2019ici septembre\u00a02025.<\/b><\/p>\n<p class=\" wall-content\">Ce sol drainant est \u00e9galement pens\u00e9 pour capter l\u2019eau de pluie toute l\u2019ann\u00e9e. Des cuves sont parfois install\u00e9es dans le sous-sol afin de stocker cette eau, qui est ensuite restitu\u00e9e sous forme d\u2019humidit\u00e9 pendant les p\u00e9riodes de chaleur.<\/p>\n<p>Un r\u00e9am\u00e9nagement complet de l\u2019\u00e9cole<\/p>\n<p class=\" wall-content\">Ces am\u00e9nagements se font en parall\u00e8le d\u2019une <b>r\u00e9novation thermique compl\u00e8te des b\u00e2timents<\/b>. C\u2019est le cas dans cette \u00e9cole avec une isolation par l\u2019ext\u00e9rieur, la r\u00e9novation du syst\u00e8me de ventilation naturelle, la pose de panneaux photovolta\u00efques et la reprise des toitures. Objectif\u2009: <b>rendre les locaux plus frais en \u00e9t\u00e9, plus confortables en hiver.<\/b><\/p>\n<p class=\" wall-content\">Les enfants ne sont pas de simples spectateurs de cette transformation. Ils sont directement associ\u00e9s aux travaux\u2009: \u00ab\u2009<b>Ils ont \u00e9t\u00e9 concert\u00e9s. Ils ont dessin\u00e9 la cour avec nous. Ils participent aux plantations\u2009<\/b>\u00bb, pr\u00e9cise Charlotte Brun. Selon elle, ce type de d\u00e9marche a des effets positifs sur le quotidien scolaire. \u00ab\u2009Le climat scolaire est meilleur. On apprend mieux. On est mieux dans sa scolarit\u00e9\u2009\u00bb.<\/p>\n<p>Un chantier \u00e0 hauteur de 850\u2009000\u00a0euros<\/p>\n<p class=\" wall-content\">\u00c0 l\u2019heure actuelle, <b>14 \u00e9coles <\/b>ont d\u00e9j\u00e0 b\u00e9n\u00e9fici\u00e9 de ces transformations depuis 2021 et <b>17 seront concern\u00e9es d\u2019ici la rentr\u00e9e prochaine.<\/b> Charlotte Brun explique que ce type de chantier co\u00fbte en moyenne <b>entre 350\u2009000\u00a0et 400\u2009000 euros.<\/b> Trois \u00e0 quatre \u00e9coles en b\u00e9n\u00e9ficient chaque \u00e9t\u00e9. Dans le cas de ce groupe scolaire avec l\u2019une des plus grandes cours de r\u00e9cr\u00e9ation \u00e0 Lille, il a fallu compter <b>850\u2009000\u00a0euros.<\/b> Pour autant, la mairie ne compte pas en rester l\u00e0 et esp\u00e8re la g\u00e9n\u00e9ralisation de ces am\u00e9nagements pour ses<b> 80 \u00e9coles.<\/b> \u00ab\u2009Nous savons que nous serons expos\u00e9s dans les ann\u00e9es qui viennent \u00e0 des vagues de chaleur et des canicules fortes qui peuvent \u00eatre pr\u00e9coces en juin ou tardives en septembre, m\u00eame fin septembre\u2009\u00bb explique Arnaud Deslandes.<\/p>\n<p class=\" wall-content\">Suivez toute l\u2019actualit\u00e9 de vos villes et m\u00e9dias favoris en vous inscrivant \u00e0 <a href=\"https:\/\/moncompte.actu.fr\" title=\"D\u00e9couvez Mon Actu\" rel=\"nofollow noopener\" data-trk=\"{&quot;cta&quot;:{&quot;action&quot;:&quot;https:\\\/\\\/moncompte.actu.fr&quot;,&quot;category&quot;:&quot;mon compte&quot;,&quot;from&quot;:&quot;article footer&quot;,&quot;name&quot;:&quot;Mon actu&quot;,&quot;type&quot;:&quot;cta&quot;}}\" target=\"_blank\">Mon Actu<\/a>.<\/p>\n","protected":false},"excerpt":{"rendered":"Par Bastien Grossin Publi\u00e9 le 17 juil. 2025 \u00e0 10h50 \u00ab\u2009Nous avons d\u2019abord v\u00e9g\u00e9talis\u00e9 100\u2009% de nos cours&hellip;\n","protected":false},"author":2,"featured_media":253587,"comment_status":"","ping_status":"","sticky":false,"template":"","format":"standard","meta":{"footnotes":""},"categories":[2815],"tags":[1111,11,4019,1777,674,1011,27,811,1307,12,25,104],"class_list":{"0":"post-253586","1":"post","2":"type-post","3":"status-publish","4":"format-standard","5":"has-post-thumbnail","7":"category-lille","8":"tag-actu","9":"tag-actualites","10":"tag-ecoles","11":"tag-eu","12":"tag-europe","13":"tag-fr","14":"tag-france","15":"tag-hauts-de-france","16":"tag-lille","17":"tag-news","18":"tag-republique-francaise","19":"tag-societe"},"share_on_mastodon":{"url":"https:\/\/pubeurope.com\/@fr\/114867925474725179","error":""},"_links":{"self":[{"href":"https:\/\/www.europesays.com\/fr\/wp-json\/wp\/v2\/posts\/253586","targetHints":{"allow":["GET"]}}],"collection":[{"href":"https:\/\/www.europesays.com\/fr\/wp-json\/wp\/v2\/posts"}],"about":[{"href":"https:\/\/www.europesays.com\/fr\/wp-json\/wp\/v2\/types\/post"}],"author":[{"embeddable":true,"href":"https:\/\/www.europesays.com\/fr\/wp-json\/wp\/v2\/users\/2"}],"replies":[{"embeddable":true,"href":"https:\/\/www.europesays.com\/fr\/wp-json\/wp\/v2\/comments?post=253586"}],"version-history":[{"count":0,"href":"https:\/\/www.europesays.com\/fr\/wp-json\/wp\/v2\/posts\/253586\/revisions"}],"wp:featuredmedia":[{"embeddable":true,"href":"https:\/\/www.europesays.com\/fr\/wp-json\/wp\/v2\/media\/253587"}],"wp:attachment":[{"href":"https:\/\/www.europesays.com\/fr\/wp-json\/wp\/v2\/media?parent=253586"}],"wp:term":[{"taxonomy":"category","embeddable":true,"href":"https:\/\/www.europesays.com\/fr\/wp-json\/wp\/v2\/categories?post=253586"},{"taxonomy":"post_tag","embeddable":true,"href":"https:\/\/www.europesays.com\/fr\/wp-json\/wp\/v2\/tags?post=253586"}],"curies":[{"name":"wp","href":"https:\/\/api.w.org\/{rel}","templated":true}]}}