{"id":253590,"date":"2025-07-17T09:44:23","date_gmt":"2025-07-17T09:44:23","guid":{"rendered":"https:\/\/www.europesays.com\/fr\/253590\/"},"modified":"2025-07-17T09:44:23","modified_gmt":"2025-07-17T09:44:23","slug":"un-vehicule-en-panne-dans-le-tunnel-vieux-port-provoque-un-bouchon-entre-la-joliette-et-arenc","status":"publish","type":"post","link":"https:\/\/www.europesays.com\/fr\/253590\/","title":{"rendered":"un v\u00e9hicule en panne dans le tunnel Vieux-Port provoque un bouchon entre la Joliette et Arenc"},"content":{"rendered":"<p>Vers la sortie du tunnel du Vieux-Port \u00e0 Marseille, un v\u00e9hicule est tomb\u00e9 en panne. Et ce dans le sens nord-sud, ce qui signifie de l&rsquo;autoroute A55 vers le centre-ville de la cit\u00e9 phoc\u00e9enne. La d\u00e9panneuse est sur place et la voiture va bient\u00f4t \u00eatre d\u00e9gag\u00e9e de la chauss\u00e9e.<\/p>\n<p>Pour l&rsquo;instant, cet incident provoque un fort bouchon dans la deuxi\u00e8me ville de France. La retenue remonte jusque dans le secteur d&rsquo;Arenc\/La Joliette. Ce qui repr\u00e9sente, au total, pas moins de\u00a0 trois kilom\u00e8tres de pare-chocs contre pare-chocs.<\/p>\n","protected":false},"excerpt":{"rendered":"Vers la sortie du tunnel du Vieux-Port \u00e0 Marseille, un v\u00e9hicule est tomb\u00e9 en panne. Et ce dans&hellip;\n","protected":false},"author":2,"featured_media":253591,"comment_status":"","ping_status":"","sticky":false,"template":"","format":"standard","meta":{"footnotes":""},"categories":[2814],"tags":[17,1111,11,1102,1446,1777,674,274,1011,27,884,12,10899,882,7481,25,17374,12109,1179],"class_list":{"0":"post-253590","1":"post","2":"type-post","3":"status-publish","4":"format-standard","5":"has-post-thumbnail","7":"category-marseille","8":"tag-17","9":"tag-actu","10":"tag-actualites","11":"tag-breakingnews","12":"tag-dans","13":"tag-eu","14":"tag-europe","15":"tag-faits-divers-justice","16":"tag-fr","17":"tag-france","18":"tag-marseille","19":"tag-news","20":"tag-panne","21":"tag-provence-alpes-cote-dazur","22":"tag-provoque","23":"tag-republique-francaise","24":"tag-tunnel","25":"tag-vehicule","26":"tag-vieux-port"},"share_on_mastodon":{"url":"https:\/\/pubeurope.com\/@fr\/114867933301595795","error":""},"_links":{"self":[{"href":"https:\/\/www.europesays.com\/fr\/wp-json\/wp\/v2\/posts\/253590","targetHints":{"allow":["GET"]}}],"collection":[{"href":"https:\/\/www.europesays.com\/fr\/wp-json\/wp\/v2\/posts"}],"about":[{"href":"https:\/\/www.europesays.com\/fr\/wp-json\/wp\/v2\/types\/post"}],"author":[{"embeddable":true,"href":"https:\/\/www.europesays.com\/fr\/wp-json\/wp\/v2\/users\/2"}],"replies":[{"embeddable":true,"href":"https:\/\/www.europesays.com\/fr\/wp-json\/wp\/v2\/comments?post=253590"}],"version-history":[{"count":0,"href":"https:\/\/www.europesays.com\/fr\/wp-json\/wp\/v2\/posts\/253590\/revisions"}],"wp:featuredmedia":[{"embeddable":true,"href":"https:\/\/www.europesays.com\/fr\/wp-json\/wp\/v2\/media\/253591"}],"wp:attachment":[{"href":"https:\/\/www.europesays.com\/fr\/wp-json\/wp\/v2\/media?parent=253590"}],"wp:term":[{"taxonomy":"category","embeddable":true,"href":"https:\/\/www.europesays.com\/fr\/wp-json\/wp\/v2\/categories?post=253590"},{"taxonomy":"post_tag","embeddable":true,"href":"https:\/\/www.europesays.com\/fr\/wp-json\/wp\/v2\/tags?post=253590"}],"curies":[{"name":"wp","href":"https:\/\/api.w.org\/{rel}","templated":true}]}}